{"id":10035,"date":"2021-09-14T20:17:00","date_gmt":"2021-09-14T20:17:00","guid":{"rendered":"https:\/\/www.ja-lesieur.com\/m-carol-bourque-1943-2021\/"},"modified":"2021-09-23T20:19:21","modified_gmt":"2021-09-23T20:19:21","slug":"m-carol-bourque-1943-2021","status":"publish","type":"post","link":"https:\/\/www.ja-lesieur.com\/en\/m-carol-bourque-1943-2021\/","title":{"rendered":"M. Carol Bourque 1943-2021"},"content":{"rendered":"\n<p class=\"wp-block-paragraph\">Au Centre Marie-Berthe-Couture, le 14 septembre 2021, \u00e0 l&#8217;\u00e2ge de 77 ans, est d\u00e9c\u00e9d\u00e9 M. Carol Bourque, \u00e9poux de Mme Denise Leduc et fils de feu Gilberte Desjardins et feu Raoul Bourque, demeurant \u00e0 Granby.<\/p>\n\n\n\n<p class=\"wp-block-paragraph\">Il laisse dans le deuil sa conjointe Denise; ses fr\u00e8res et s\u0153urs, beaux-fr\u00e8res et belle-s\u0153ur ainsi que plusieurs autres parents et amis.<\/p>\n\n\n\n<p class=\"wp-block-paragraph\"><strong>L&#8217;Aquamation a eu lieu au Bio-Cr\u00e9matorium Le Sieur de Granby.<\/strong><strong><\/strong><\/p>\n\n\n\n<p class=\"wp-block-paragraph\"><strong>COMPLEXE FUN\u00c9RAIRE<\/strong><strong><\/strong><\/p>\n\n\n\n<p class=\"wp-block-paragraph\"><strong>LESIEUR<\/strong><strong><\/strong><\/p>\n\n\n\n<p class=\"wp-block-paragraph\"><strong>60 Boul. Pie IX, Granby, Qc,<\/strong><strong><\/strong><\/p>\n\n\n\n<p class=\"wp-block-paragraph\"><strong>t\u00e9l: 450-777-1414 t\u00e9lec: 450-777-0999<\/strong><strong><\/strong><\/p>\n\n\n\n<p class=\"wp-block-paragraph\"><strong>www.lesieur.ca &#8211; info@lesieur.ca<\/strong><strong><\/strong><\/p>\n\n\n\n<p class=\"wp-block-paragraph\"><strong>Membre de la CTQ<\/strong><strong><\/strong><\/p>\n\n\n\n<p class=\"wp-block-paragraph\">Afin de respecter les derni\u00e8res volont\u00e9s de M. Bourque, il n&#8217;y aura pas d&#8217;exposition. Une c\u00e9r\u00e9monie de pri\u00e8re aura lieu dans la plus stricte intimit\u00e9.&nbsp; L`inhumation de l&#8217;urne aura lieu \u00e0 une date ult\u00e9rieure \u00e0 Baie Johan Beetz.<\/p>\n","protected":false},"excerpt":{"rendered":"<p>Au Centre Marie-Berthe-Couture, le 14 septembre 2021, \u00e0 l&#8217;\u00e2ge de 77 ans, est d\u00e9c\u00e9d\u00e9 M. Carol Bourque, \u00e9poux de Mme Denise Leduc et fils de feu Gilberte Desjardins et feu Raoul Bourque, demeurant \u00e0 Granby. Il laisse dans le deuil sa conjointe Denise; ses fr\u00e8res et s\u0153urs, beaux-fr\u00e8res et belle-s\u0153ur ainsi que plusieurs autres parents [&hellip;]<\/p>\n","protected":false},"author":1,"featured_media":10033,"comment_status":"closed","ping_status":"closed","sticky":false,"template":"","format":"standard","meta":{"_crdt_document":"","_jetpack_memberships_contains_paid_content":false,"footnotes":""},"categories":[97],"tags":[],"class_list":["post-10035","post","type-post","status-publish","format-standard","has-post-thumbnail","hentry","category-obituary"],"aioseo_notices":[],"jetpack_featured_media_url":"https:\/\/www.ja-lesieur.com\/wp-content\/uploads\/2021\/09\/Carol-Bourque-CARR\u00c9E-e1632428336747.jpg","jetpack_sharing_enabled":true,"_links":{"self":[{"href":"https:\/\/www.ja-lesieur.com\/en\/wp-json\/wp\/v2\/posts\/10035","targetHints":{"allow":["GET"]}}],"collection":[{"href":"https:\/\/www.ja-lesieur.com\/en\/wp-json\/wp\/v2\/posts"}],"about":[{"href":"https:\/\/www.ja-lesieur.com\/en\/wp-json\/wp\/v2\/types\/post"}],"author":[{"embeddable":true,"href":"https:\/\/www.ja-lesieur.com\/en\/wp-json\/wp\/v2\/users\/1"}],"replies":[{"embeddable":true,"href":"https:\/\/www.ja-lesieur.com\/en\/wp-json\/wp\/v2\/comments?post=10035"}],"version-history":[{"count":1,"href":"https:\/\/www.ja-lesieur.com\/en\/wp-json\/wp\/v2\/posts\/10035\/revisions"}],"predecessor-version":[{"id":10036,"href":"https:\/\/www.ja-lesieur.com\/en\/wp-json\/wp\/v2\/posts\/10035\/revisions\/10036"}],"wp:featuredmedia":[{"embeddable":true,"href":"https:\/\/www.ja-lesieur.com\/en\/wp-json\/wp\/v2\/media\/10033"}],"wp:attachment":[{"href":"https:\/\/www.ja-lesieur.com\/en\/wp-json\/wp\/v2\/media?parent=10035"}],"wp:term":[{"taxonomy":"category","embeddable":true,"href":"https:\/\/www.ja-lesieur.com\/en\/wp-json\/wp\/v2\/categories?post=10035"},{"taxonomy":"post_tag","embeddable":true,"href":"https:\/\/www.ja-lesieur.com\/en\/wp-json\/wp\/v2\/tags?post=10035"}],"curies":[{"name":"wp","href":"https:\/\/api.w.org\/{rel}","templated":true}]}}