{"id":10271,"date":"2021-11-11T21:11:39","date_gmt":"2021-11-11T21:11:39","guid":{"rendered":"https:\/\/www.ja-lesieur.com\/mme-judith-lemieux-1965-2021\/"},"modified":"2021-11-27T22:40:27","modified_gmt":"2021-11-27T22:40:27","slug":"mme-judith-lemieux-1965-2021","status":"publish","type":"post","link":"https:\/\/www.ja-lesieur.com\/en\/mme-judith-lemieux-1965-2021\/","title":{"rendered":"Mme Judith Lemieux 1965-2021"},"content":{"rendered":"<p>Subitement \u00e0 l\u2019Institut de cardiologie de Montr\u00e9al, le 11 novembre 2021, \u00e0 l&#8217;\u00e2ge de 56 ans, est d\u00e9c\u00e9d\u00e9e Mme Judith Lemieux, \u00e9pouse de M. Dany Waltz, demeurant \u00e0 Granby.<\/p>\n<p>Outre son \u00e9poux Dany, elle laisse dans le deuil ses enfants: Steven, Jean S\u00e9bastien, ses fr\u00e8res et soeurs: Luc, Sr.Th\u00e9r\u00e8se, Lucie (Jacques Rousseau), \u00c9mile, elle \u00e9tait la s\u0153ur de feu Julien et elle laisse \u00e9galement sa belle-m\u00e8re: Marie-Jeanne Coderre (feu G\u00e9rard Waltz), sa belle-s\u0153ur: Nancy Waltz (Jocelyn) ainsi que plusieurs neveux, ni\u00e8ces, autre parents, nombreux coll\u00e8gues et amis.<\/p>\n<p><strong>L&#8217;Aquamation a eu lieu au Bio-Cr\u00e9matorium Le Sieur de Granby.<\/strong><\/p>\n<p><strong>La famille recevra les t\u00e9moignages de sympathie \u00e0 compter de 14 heures, le samedi 27 novembre 2021, journ\u00e9e de la c\u00e9r\u00e9monie au Complexe Fun\u00e9raire Le Sieur.<\/strong><\/p>\n<p>L\u2019Hommage \u00e0 la Vie aura lieu ce m\u00eame samedi \u00e0 16 heures, en la Chapelle Le Sieur, suivie de la mise en place au Columbarium Le Sieur.<\/p>\n<p>C\u00e9r\u00e9monie fun\u00e9raire <a href=\"https:\/\/www.youtube.com\/watch?v=9KH6VrY3nwI\">ICI<\/a><\/p>\n<p><iframe loading=\"lazy\" title=\"C\u00e9r\u00e9monie fun\u00e9raire de Judith Lemieux 2021-11-27\" width=\"1170\" height=\"658\" src=\"https:\/\/www.youtube.com\/embed\/9KH6VrY3nwI?feature=oembed\" frameborder=\"0\" allow=\"accelerometer; autoplay; clipboard-write; encrypted-media; gyroscope; picture-in-picture\" allowfullscreen><\/iframe><\/p>\n<p>Des dons \u00e0 la l&#8217;Institut de Cardiologie de Montr\u00e9al seraient appr\u00e9ci\u00e9s. <a href=\"https:\/\/fondationicm.org\/\">https:\/\/fondationicm.org\/<\/a><\/p>\n<p>&nbsp;<\/p>\n<p><strong>COMPLEXE FUN\u00c9RAIRE<\/strong><\/p>\n<p><strong>LESIEUR<\/strong><\/p>\n<p><strong>60 Boul. Pie IX, Granby, Qc,<\/strong><\/p>\n<p><strong>t\u00e9l: 450-777-1414 t\u00e9lec: 450-777-0999<\/strong><\/p>\n<p><strong>www.lesieur.ca &#8211; <\/strong><a href=\"mailto:info@lesieur.ca\"><strong>info@lesieur.ca<\/strong><\/a><\/p>\n<p><strong>Membre de la CTQ<\/strong><\/p>\n<p>&nbsp;<\/p>\n","protected":false},"excerpt":{"rendered":"<p>Subitement \u00e0 l\u2019Institut de cardiologie de Montr\u00e9al, le 11 novembre 2021, \u00e0 l&#8217;\u00e2ge de 56 ans, est d\u00e9c\u00e9d\u00e9e Mme Judith Lemieux, \u00e9pouse de M. Dany Waltz, demeurant \u00e0 Granby. Outre son \u00e9poux Dany, elle laisse dans le deuil ses enfants: Steven, Jean S\u00e9bastien, ses fr\u00e8res et soeurs: Luc, Sr.Th\u00e9r\u00e8se, Lucie (Jacques Rousseau), \u00c9mile, elle \u00e9tait [&hellip;]<\/p>\n","protected":false},"author":1,"featured_media":10269,"comment_status":"closed","ping_status":"closed","sticky":false,"template":"","format":"standard","meta":{"_jetpack_newsletter_access":"","_jetpack_dont_email_post_to_subs":false,"_jetpack_newsletter_tier_id":0,"_jetpack_memberships_contains_paywalled_content":false,"_jetpack_memberships_contains_paid_content":false,"footnotes":""},"categories":[97],"tags":[],"class_list":["post-10271","post","type-post","status-publish","format-standard","has-post-thumbnail","hentry","category-obituary"],"aioseo_notices":[],"aioseo_head":"\n\t\t<!-- All in One SEO 5.0.1.1 - aioseo.com -->\n\t<meta name=\"description\" content=\"Subitement \u00e0 l\u2019Institut de cardiologie de Montr\u00e9al, le 11 novembre 2021, \u00e0 l&#039;\u00e2ge de 56 ans, est d\u00e9c\u00e9d\u00e9e Mme Judith Lemieux, \u00e9pouse de M. Dany Waltz, demeurant \u00e0 Granby. Outre son \u00e9poux Dany, elle laisse dans le deuil ses enfants: Steven, Jean S\u00e9bastien, ses fr\u00e8res et soeurs: Luc, Sr.Th\u00e9r\u00e8se, Lucie (Jacques Rousseau), \u00c9mile, elle \u00e9tait\" \/>\n\t<meta name=\"robots\" content=\"max-image-preview:large\" \/>\n\t<meta name=\"author\" content=\"jalesieur\"\/>\n\t<link rel=\"canonical\" href=\"https:\/\/www.ja-lesieur.com\/en\/mme-judith-lemieux-1965-2021\/\" \/>\n\t<meta name=\"generator\" content=\"All in One SEO (AIOSEO) 5.0.1.1\" \/>\n\t\t<meta property=\"og:locale\" content=\"en_US\" \/>\n\t\t<meta property=\"og:site_name\" content=\"Funeral Complex LeSieur comprehensive services | ja-lesieur.com\" \/>\n\t\t<meta property=\"og:type\" content=\"article\" \/>\n\t\t<meta property=\"og:title\" content=\"Mme Judith Lemieux 1965-2021 | Funeral Complex LeSieur comprehensive services\" \/>\n\t\t<meta property=\"og:description\" content=\"Subitement \u00e0 l\u2019Institut de cardiologie de Montr\u00e9al, le 11 novembre 2021, \u00e0 l&#039;\u00e2ge de 56 ans, est d\u00e9c\u00e9d\u00e9e Mme Judith Lemieux, \u00e9pouse de M. Dany Waltz, demeurant \u00e0 Granby. Outre son \u00e9poux Dany, elle laisse dans le deuil ses enfants: Steven, Jean S\u00e9bastien, ses fr\u00e8res et soeurs: Luc, Sr.Th\u00e9r\u00e8se, Lucie (Jacques Rousseau), \u00c9mile, elle \u00e9tait\" \/>\n\t\t<meta property=\"og:url\" content=\"https:\/\/www.ja-lesieur.com\/en\/mme-judith-lemieux-1965-2021\/\" \/>\n\t\t<meta property=\"article:published_time\" content=\"2021-11-11T21:11:39+00:00\" \/>\n\t\t<meta property=\"article:modified_time\" content=\"2021-11-27T22:40:27+00:00\" \/>\n\t\t<script type=\"application\/ld+json\" class=\"aioseo-schema\">\n\t\t\t{\"@context\":\"https:\\\/\\\/schema.org\",\"@graph\":[{\"@type\":\"Article\",\"@id\":\"https:\\\/\\\/www.ja-lesieur.com\\\/en\\\/mme-judith-lemieux-1965-2021\\\/#article\",\"name\":\"Mme Judith Lemieux 1965-2021 | Funeral Complex LeSieur comprehensive services\",\"headline\":\"Mme Judith Lemieux 1965-2021\",\"author\":{\"@id\":\"https:\\\/\\\/www.ja-lesieur.com\\\/en\\\/author\\\/jalesieur\\\/#author\"},\"publisher\":{\"@id\":\"https:\\\/\\\/www.ja-lesieur.com\\\/en\\\/#organization\"},\"image\":{\"@type\":\"ImageObject\",\"url\":\"https:\\\/\\\/www.ja-lesieur.com\\\/wp-content\\\/uploads\\\/2021\\\/11\\\/Judith-lemieux-carre-2-e1637010670201.jpeg\",\"width\":150,\"height\":150},\"datePublished\":\"2021-11-11T21:11:39-05:00\",\"dateModified\":\"2021-11-27T22:40:27-05:00\",\"inLanguage\":\"en-US\",\"mainEntityOfPage\":{\"@id\":\"https:\\\/\\\/www.ja-lesieur.com\\\/en\\\/mme-judith-lemieux-1965-2021\\\/#webpage\"},\"isPartOf\":{\"@id\":\"https:\\\/\\\/www.ja-lesieur.com\\\/en\\\/mme-judith-lemieux-1965-2021\\\/#webpage\"},\"articleSection\":\"Obituary\"},{\"@type\":\"BreadcrumbList\",\"@id\":\"https:\\\/\\\/www.ja-lesieur.com\\\/en\\\/mme-judith-lemieux-1965-2021\\\/#breadcrumblist\",\"itemListElement\":[{\"@type\":\"ListItem\",\"@id\":\"https:\\\/\\\/www.ja-lesieur.com\\\/en\\\/#listItem\",\"position\":1,\"name\":\"Accueil\",\"item\":\"https:\\\/\\\/www.ja-lesieur.com\\\/en\\\/\",\"nextItem\":{\"@type\":\"ListItem\",\"@id\":\"https:\\\/\\\/www.ja-lesieur.com\\\/en\\\/category\\\/obituary\\\/#listItem\",\"name\":\"Obituary\"}},{\"@type\":\"ListItem\",\"@id\":\"https:\\\/\\\/www.ja-lesieur.com\\\/en\\\/category\\\/obituary\\\/#listItem\",\"position\":2,\"name\":\"Obituary\",\"item\":\"https:\\\/\\\/www.ja-lesieur.com\\\/en\\\/category\\\/obituary\\\/\",\"nextItem\":{\"@type\":\"ListItem\",\"@id\":\"https:\\\/\\\/www.ja-lesieur.com\\\/en\\\/mme-judith-lemieux-1965-2021\\\/#listItem\",\"name\":\"Mme Judith Lemieux 1965-2021\"},\"previousItem\":{\"@type\":\"ListItem\",\"@id\":\"https:\\\/\\\/www.ja-lesieur.com\\\/en\\\/#listItem\",\"name\":\"Accueil\"}},{\"@type\":\"ListItem\",\"@id\":\"https:\\\/\\\/www.ja-lesieur.com\\\/en\\\/mme-judith-lemieux-1965-2021\\\/#listItem\",\"position\":3,\"name\":\"Mme Judith Lemieux 1965-2021\",\"previousItem\":{\"@type\":\"ListItem\",\"@id\":\"https:\\\/\\\/www.ja-lesieur.com\\\/en\\\/category\\\/obituary\\\/#listItem\",\"name\":\"Obituary\"}}]},{\"@type\":\"Organization\",\"@id\":\"https:\\\/\\\/www.ja-lesieur.com\\\/en\\\/#organization\",\"name\":\"Complexe fun\\u00e9raire LeSieur\",\"description\":\"ja-lesieur.com\",\"url\":\"https:\\\/\\\/www.ja-lesieur.com\\\/en\\\/\",\"telephone\":\"+18883678471\"},{\"@type\":\"Person\",\"@id\":\"https:\\\/\\\/www.ja-lesieur.com\\\/en\\\/author\\\/jalesieur\\\/#author\",\"url\":\"https:\\\/\\\/www.ja-lesieur.com\\\/en\\\/author\\\/jalesieur\\\/\",\"name\":\"jalesieur\",\"image\":{\"@type\":\"ImageObject\",\"@id\":\"https:\\\/\\\/www.ja-lesieur.com\\\/en\\\/mme-judith-lemieux-1965-2021\\\/#authorImage\",\"url\":\"\\\/\\\/www.gravatar.com\\\/avatar\\\/5afc64bab577539bd90d98b3264ef833?s=96&#038;r=g&#038;d=mm\",\"width\":96,\"height\":96,\"caption\":\"jalesieur\"}},{\"@type\":\"WebPage\",\"@id\":\"https:\\\/\\\/www.ja-lesieur.com\\\/en\\\/mme-judith-lemieux-1965-2021\\\/#webpage\",\"url\":\"https:\\\/\\\/www.ja-lesieur.com\\\/en\\\/mme-judith-lemieux-1965-2021\\\/\",\"name\":\"Mme Judith Lemieux 1965-2021 | Funeral Complex LeSieur comprehensive services\",\"description\":\"Subitement \\u00e0 l\\u2019Institut de cardiologie de Montr\\u00e9al, le 11 novembre 2021, \\u00e0 l'\\u00e2ge de 56 ans, est d\\u00e9c\\u00e9d\\u00e9e Mme Judith Lemieux, \\u00e9pouse de M. Dany Waltz, demeurant \\u00e0 Granby. Outre son \\u00e9poux Dany, elle laisse dans le deuil ses enfants: Steven, Jean S\\u00e9bastien, ses fr\\u00e8res et soeurs: Luc, Sr.Th\\u00e9r\\u00e8se, Lucie (Jacques Rousseau), \\u00c9mile, elle \\u00e9tait\",\"inLanguage\":\"en-US\",\"isPartOf\":{\"@id\":\"https:\\\/\\\/www.ja-lesieur.com\\\/en\\\/#website\"},\"breadcrumb\":{\"@id\":\"https:\\\/\\\/www.ja-lesieur.com\\\/en\\\/mme-judith-lemieux-1965-2021\\\/#breadcrumblist\"},\"author\":{\"@id\":\"https:\\\/\\\/www.ja-lesieur.com\\\/en\\\/author\\\/jalesieur\\\/#author\"},\"creator\":{\"@id\":\"https:\\\/\\\/www.ja-lesieur.com\\\/en\\\/author\\\/jalesieur\\\/#author\"},\"image\":{\"@type\":\"ImageObject\",\"url\":\"https:\\\/\\\/www.ja-lesieur.com\\\/wp-content\\\/uploads\\\/2021\\\/11\\\/Judith-lemieux-carre-2-e1637010670201.jpeg\",\"@id\":\"https:\\\/\\\/www.ja-lesieur.com\\\/en\\\/mme-judith-lemieux-1965-2021\\\/#mainImage\",\"width\":150,\"height\":150},\"primaryImageOfPage\":{\"@id\":\"https:\\\/\\\/www.ja-lesieur.com\\\/en\\\/mme-judith-lemieux-1965-2021\\\/#mainImage\"},\"datePublished\":\"2021-11-11T21:11:39-05:00\",\"dateModified\":\"2021-11-27T22:40:27-05:00\"},{\"@type\":\"WebSite\",\"@id\":\"https:\\\/\\\/www.ja-lesieur.com\\\/en\\\/#website\",\"url\":\"https:\\\/\\\/www.ja-lesieur.com\\\/en\\\/\",\"name\":\"Complexe fun\\u00e9raire LeSieur des services complets\",\"description\":\"ja-lesieur.com\",\"inLanguage\":\"en-US\",\"publisher\":{\"@id\":\"https:\\\/\\\/www.ja-lesieur.com\\\/en\\\/#organization\"}}]}\n\t\t<\/script>\n\t\t<!-- All in One SEO -->\n\n","aioseo_head_json":{"title":"Mme Judith Lemieux 1965-2021 | Funeral Complex LeSieur comprehensive services","description":"Subitement \u00e0 l\u2019Institut de cardiologie de Montr\u00e9al, le 11 novembre 2021, \u00e0 l'\u00e2ge de 56 ans, est d\u00e9c\u00e9d\u00e9e Mme Judith Lemieux, \u00e9pouse de M. Dany Waltz, demeurant \u00e0 Granby. Outre son \u00e9poux Dany, elle laisse dans le deuil ses enfants: Steven, Jean S\u00e9bastien, ses fr\u00e8res et soeurs: Luc, Sr.Th\u00e9r\u00e8se, Lucie (Jacques Rousseau), \u00c9mile, elle \u00e9tait","canonical_url":"https:\/\/www.ja-lesieur.com\/en\/mme-judith-lemieux-1965-2021\/","robots":"max-image-preview:large","keywords":"","webmasterTools":{"miscellaneous":""},"schema":{"@context":"https:\/\/schema.org","@graph":[{"@type":"Article","@id":"https:\/\/www.ja-lesieur.com\/en\/mme-judith-lemieux-1965-2021\/#article","name":"Mme Judith Lemieux 1965-2021 | Funeral Complex LeSieur comprehensive services","headline":"Mme Judith Lemieux 1965-2021","author":{"@id":"https:\/\/www.ja-lesieur.com\/en\/author\/jalesieur\/#author"},"publisher":{"@id":"https:\/\/www.ja-lesieur.com\/en\/#organization"},"image":{"@type":"ImageObject","url":"https:\/\/www.ja-lesieur.com\/wp-content\/uploads\/2021\/11\/Judith-lemieux-carre-2-e1637010670201.jpeg","width":150,"height":150},"datePublished":"2021-11-11T21:11:39-05:00","dateModified":"2021-11-27T22:40:27-05:00","inLanguage":"en-US","mainEntityOfPage":{"@id":"https:\/\/www.ja-lesieur.com\/en\/mme-judith-lemieux-1965-2021\/#webpage"},"isPartOf":{"@id":"https:\/\/www.ja-lesieur.com\/en\/mme-judith-lemieux-1965-2021\/#webpage"},"articleSection":"Obituary"},{"@type":"BreadcrumbList","@id":"https:\/\/www.ja-lesieur.com\/en\/mme-judith-lemieux-1965-2021\/#breadcrumblist","itemListElement":[{"@type":"ListItem","@id":"https:\/\/www.ja-lesieur.com\/en\/#listItem","position":1,"name":"Accueil","item":"https:\/\/www.ja-lesieur.com\/en\/","nextItem":{"@type":"ListItem","@id":"https:\/\/www.ja-lesieur.com\/en\/category\/obituary\/#listItem","name":"Obituary"}},{"@type":"ListItem","@id":"https:\/\/www.ja-lesieur.com\/en\/category\/obituary\/#listItem","position":2,"name":"Obituary","item":"https:\/\/www.ja-lesieur.com\/en\/category\/obituary\/","nextItem":{"@type":"ListItem","@id":"https:\/\/www.ja-lesieur.com\/en\/mme-judith-lemieux-1965-2021\/#listItem","name":"Mme Judith Lemieux 1965-2021"},"previousItem":{"@type":"ListItem","@id":"https:\/\/www.ja-lesieur.com\/en\/#listItem","name":"Accueil"}},{"@type":"ListItem","@id":"https:\/\/www.ja-lesieur.com\/en\/mme-judith-lemieux-1965-2021\/#listItem","position":3,"name":"Mme Judith Lemieux 1965-2021","previousItem":{"@type":"ListItem","@id":"https:\/\/www.ja-lesieur.com\/en\/category\/obituary\/#listItem","name":"Obituary"}}]},{"@type":"Organization","@id":"https:\/\/www.ja-lesieur.com\/en\/#organization","name":"Complexe fun\u00e9raire LeSieur","description":"ja-lesieur.com","url":"https:\/\/www.ja-lesieur.com\/en\/","telephone":"+18883678471"},{"@type":"Person","@id":"https:\/\/www.ja-lesieur.com\/en\/author\/jalesieur\/#author","url":"https:\/\/www.ja-lesieur.com\/en\/author\/jalesieur\/","name":"jalesieur","image":{"@type":"ImageObject","@id":"https:\/\/www.ja-lesieur.com\/en\/mme-judith-lemieux-1965-2021\/#authorImage","url":"\/\/www.gravatar.com\/avatar\/5afc64bab577539bd90d98b3264ef833?s=96&#038;r=g&#038;d=mm","width":96,"height":96,"caption":"jalesieur"}},{"@type":"WebPage","@id":"https:\/\/www.ja-lesieur.com\/en\/mme-judith-lemieux-1965-2021\/#webpage","url":"https:\/\/www.ja-lesieur.com\/en\/mme-judith-lemieux-1965-2021\/","name":"Mme Judith Lemieux 1965-2021 | Funeral Complex LeSieur comprehensive services","description":"Subitement \u00e0 l\u2019Institut de cardiologie de Montr\u00e9al, le 11 novembre 2021, \u00e0 l'\u00e2ge de 56 ans, est d\u00e9c\u00e9d\u00e9e Mme Judith Lemieux, \u00e9pouse de M. Dany Waltz, demeurant \u00e0 Granby. Outre son \u00e9poux Dany, elle laisse dans le deuil ses enfants: Steven, Jean S\u00e9bastien, ses fr\u00e8res et soeurs: Luc, Sr.Th\u00e9r\u00e8se, Lucie (Jacques Rousseau), \u00c9mile, elle \u00e9tait","inLanguage":"en-US","isPartOf":{"@id":"https:\/\/www.ja-lesieur.com\/en\/#website"},"breadcrumb":{"@id":"https:\/\/www.ja-lesieur.com\/en\/mme-judith-lemieux-1965-2021\/#breadcrumblist"},"author":{"@id":"https:\/\/www.ja-lesieur.com\/en\/author\/jalesieur\/#author"},"creator":{"@id":"https:\/\/www.ja-lesieur.com\/en\/author\/jalesieur\/#author"},"image":{"@type":"ImageObject","url":"https:\/\/www.ja-lesieur.com\/wp-content\/uploads\/2021\/11\/Judith-lemieux-carre-2-e1637010670201.jpeg","@id":"https:\/\/www.ja-lesieur.com\/en\/mme-judith-lemieux-1965-2021\/#mainImage","width":150,"height":150},"primaryImageOfPage":{"@id":"https:\/\/www.ja-lesieur.com\/en\/mme-judith-lemieux-1965-2021\/#mainImage"},"datePublished":"2021-11-11T21:11:39-05:00","dateModified":"2021-11-27T22:40:27-05:00"},{"@type":"WebSite","@id":"https:\/\/www.ja-lesieur.com\/en\/#website","url":"https:\/\/www.ja-lesieur.com\/en\/","name":"Complexe fun\u00e9raire LeSieur des services complets","description":"ja-lesieur.com","inLanguage":"en-US","publisher":{"@id":"https:\/\/www.ja-lesieur.com\/en\/#organization"}}]},"og:locale":"en_US","og:site_name":"Funeral Complex LeSieur comprehensive services | ja-lesieur.com","og:type":"article","og:title":"Mme Judith Lemieux 1965-2021 | Funeral Complex LeSieur comprehensive services","og:description":"Subitement \u00e0 l\u2019Institut de cardiologie de Montr\u00e9al, le 11 novembre 2021, \u00e0 l'\u00e2ge de 56 ans, est d\u00e9c\u00e9d\u00e9e Mme Judith Lemieux, \u00e9pouse de M. Dany Waltz, demeurant \u00e0 Granby. Outre son \u00e9poux Dany, elle laisse dans le deuil ses enfants: Steven, Jean S\u00e9bastien, ses fr\u00e8res et soeurs: Luc, Sr.Th\u00e9r\u00e8se, Lucie (Jacques Rousseau), \u00c9mile, elle \u00e9tait","og:url":"https:\/\/www.ja-lesieur.com\/en\/mme-judith-lemieux-1965-2021\/","article:published_time":"2021-11-11T21:11:39+00:00","article:modified_time":"2021-11-27T22:40:27+00:00"},"aioseo_meta_data":{"post_id":"10271","title":"#post_title | #site_title","description":"#post_excerpt","keywords":[],"keyphrases":{"focus":[],"additional":[]},"primary_term":null,"canonical_url":null,"og_title":null,"og_description":null,"og_object_type":"default","og_image_type":"default","og_image_url":null,"og_image_width":null,"og_image_height":null,"og_image_custom_url":null,"og_image_custom_fields":null,"og_video":"","og_custom_url":null,"og_article_section":null,"og_article_tags":[],"twitter_use_og":false,"twitter_card":"default","twitter_image_type":"default","twitter_image_url":null,"twitter_image_custom_url":null,"twitter_image_custom_fields":null,"twitter_title":null,"twitter_description":null,"schema":{"blockGraphs":[],"customGraphs":[],"default":{"data":{"Article":{"id":"aioseo-article-637d2fd3ea318","slug":"article","graphName":"Article","label":"Article","properties":{"type":"BlogPosting","name":"#post_title","headline":"#post_title","description":"#post_excerpt","image":"","keywords":"","author":{"name":"#author_name","url":"#author_url"},"dates":{"include":true,"datePublished":"","dateModified":""}}},"Course":[],"Dataset":[],"FAQPage":[],"Movie":[],"Person":[],"Product":[],"ProductReview":[],"Car":[],"Recipe":[],"Service":[],"SoftwareApplication":[],"WebPage":[]},"graphName":"Article","isEnabled":true},"graphs":[]},"schema_type":"default","schema_type_options":"{\"article\":{\"articleType\":\"BlogPosting\"},\"course\":{\"name\":\"\",\"description\":\"\",\"provider\":\"\"},\"faq\":{\"pages\":[]},\"product\":{\"reviews\":[]},\"recipe\":{\"ingredients\":[],\"instructions\":[],\"keywords\":[]},\"software\":{\"reviews\":[],\"operatingSystems\":[]},\"webPage\":{\"webPageType\":\"WebPage\"}}","pillar_content":false,"robots_default":true,"robots_noindex":false,"robots_noarchive":false,"robots_nosnippet":false,"robots_nofollow":false,"robots_noimageindex":false,"robots_noodp":false,"robots_notranslate":false,"robots_max_snippet":"-1","robots_max_videopreview":"-1","robots_max_imagepreview":"large","priority":null,"frequency":"default","local_seo":null,"breadcrumb_settings":null,"limit_modified_date":false,"ai":null,"created":"2021-11-15 21:12:18","updated":"2025-06-04 13:56:09","seo_analyzer_scan_date":null,"focus_keyword":null,"additional_keywords":null,"truseo_locale":null},"aioseo_breadcrumb":"<div class=\"aioseo-breadcrumbs\"><span class=\"aioseo-breadcrumb\">\n\t\t\t<a href=\"https:\/\/www.ja-lesieur.com\/en\/\" title=\"Accueil\">Accueil<\/a>\n\t\t<\/span><span class=\"aioseo-breadcrumb-separator\">&raquo;<\/span><span class=\"aioseo-breadcrumb\">\n\t\t\t<a href=\"https:\/\/www.ja-lesieur.com\/en\/category\/obituary\/\" title=\"Obituary\">Obituary<\/a>\n\t\t<\/span><span class=\"aioseo-breadcrumb-separator\">&raquo;<\/span><span class=\"aioseo-breadcrumb\">\n\t\t\tMme Judith Lemieux 1965-2021\n\t\t<\/span><\/div>","aioseo_breadcrumb_json":[{"label":"Accueil","link":"https:\/\/www.ja-lesieur.com\/en\/"},{"label":"Obituary","link":"https:\/\/www.ja-lesieur.com\/en\/category\/obituary\/"},{"label":"Mme Judith Lemieux 1965-2021","link":"https:\/\/www.ja-lesieur.com\/en\/mme-judith-lemieux-1965-2021\/"}],"jetpack_sharing_enabled":true,"jetpack_featured_media_url":"https:\/\/www.ja-lesieur.com\/wp-content\/uploads\/2021\/11\/Judith-lemieux-carre-2-e1637010670201.jpeg","_links":{"self":[{"href":"https:\/\/www.ja-lesieur.com\/en\/wp-json\/wp\/v2\/posts\/10271","targetHints":{"allow":["GET"]}}],"collection":[{"href":"https:\/\/www.ja-lesieur.com\/en\/wp-json\/wp\/v2\/posts"}],"about":[{"href":"https:\/\/www.ja-lesieur.com\/en\/wp-json\/wp\/v2\/types\/post"}],"author":[{"embeddable":true,"href":"https:\/\/www.ja-lesieur.com\/en\/wp-json\/wp\/v2\/users\/1"}],"replies":[{"embeddable":true,"href":"https:\/\/www.ja-lesieur.com\/en\/wp-json\/wp\/v2\/comments?post=10271"}],"version-history":[{"count":2,"href":"https:\/\/www.ja-lesieur.com\/en\/wp-json\/wp\/v2\/posts\/10271\/revisions"}],"predecessor-version":[{"id":10412,"href":"https:\/\/www.ja-lesieur.com\/en\/wp-json\/wp\/v2\/posts\/10271\/revisions\/10412"}],"wp:featuredmedia":[{"embeddable":true,"href":"https:\/\/www.ja-lesieur.com\/en\/wp-json\/wp\/v2\/media\/10269"}],"wp:attachment":[{"href":"https:\/\/www.ja-lesieur.com\/en\/wp-json\/wp\/v2\/media?parent=10271"}],"wp:term":[{"taxonomy":"category","embeddable":true,"href":"https:\/\/www.ja-lesieur.com\/en\/wp-json\/wp\/v2\/categories?post=10271"},{"taxonomy":"post_tag","embeddable":true,"href":"https:\/\/www.ja-lesieur.com\/en\/wp-json\/wp\/v2\/tags?post=10271"}],"curies":[{"name":"wp","href":"https:\/\/api.w.org\/{rel}","templated":true}]}}