{"id":10910,"date":"2022-02-08T14:35:45","date_gmt":"2022-02-08T14:35:45","guid":{"rendered":"https:\/\/www.ja-lesieur.com\/mme-aimee-hachez-1948-2022\/"},"modified":"2022-02-15T13:42:02","modified_gmt":"2022-02-15T13:42:02","slug":"mme-aimee-hachez-1948-2022","status":"publish","type":"post","link":"https:\/\/www.ja-lesieur.com\/en\/mme-aimee-hachez-1948-2022\/","title":{"rendered":"Mme Aim\u00e9e Hachez (S\u00e9vigny), 1948-2022"},"content":{"rendered":"<p><em>Paisiblement et accompagn\u00e9e de son fils, le 8 f\u00e9vrier 2022, \u00e0 l\u2019\u00e2ge de 73 ans, est d\u00e9c\u00e9d\u00e9e Mme Aim\u00e9e Hachez, demeurant \u00e0 Qu\u00e9bec.<\/em><\/p>\n<p><em>Elle laisse dans le deuil son fils Simon S\u00e9vigny (Kristelle Pralow), ses petits-enfants \u00c9l\u00e9onore et Th\u00e9odore S\u00e9vigny, ses fr\u00e8res L\u00e9on-Marie Hachez (Diane Cloutier), Henri-Louis Hachez (C\u00e9cile Cr\u00eate), son neveu Jean-Francois Hachez, ses ni\u00e8ces Annie-Claude Hachez (Vincent Cr\u00eate) et Louise-Andr\u00e9e Hachez (Micha\u00ebl P\u00e9pin), ses amies Francine Drolet, Denise Bell (Georges Bell) ainsi que plusieurs cousins, cousines, autres parents et amis.<\/em><\/p>\n<p><em>Elle \u00e9tait la fille de feu Anthyme Hachez et de feu Ghislaine Fortin.<\/em><\/p>\n<p><em>L\u2019aquamation a eu lieu au Bio-Cr\u00e9matorium Le Sieur.<\/em><\/p>\n<p><strong>COMPLEXE FUN\u00c9RAIRE<\/strong><\/p>\n<p><strong>LESIEUR<\/strong><\/p>\n<p><strong>60 Boul. Pie IX, Granby, Qc<\/strong><\/p>\n<p><strong>t\u00e9l: 450-777-1414 t\u00e9lec: 450-777-0999<\/strong><\/p>\n<p><strong>www.lesieur.ca &#8211; info@lesieur.ca<\/strong><\/p>\n<p><strong>Membre de la CTQ<\/strong><\/p>\n<p><em>La famille souhaite remercier le personnel de l\u2019H\u00f4tel-Dieu de Qu\u00e9bec pour leur d\u00e9vouement lors des soins de fin de vie, particuli\u00e8rement Dre. Morissette et Dre. Carrier.<\/em><\/p>\n<p>&nbsp;<\/p>\n","protected":false},"excerpt":{"rendered":"<p>Paisiblement et accompagn\u00e9e de son fils, le 8 f\u00e9vrier 2022, \u00e0 l\u2019\u00e2ge de 73 ans, est d\u00e9c\u00e9d\u00e9e Mme Aim\u00e9e Hachez, demeurant \u00e0 Qu\u00e9bec. Elle laisse dans le deuil son fils Simon S\u00e9vigny (Kristelle Pralow), ses petits-enfants \u00c9l\u00e9onore et Th\u00e9odore S\u00e9vigny, ses fr\u00e8res L\u00e9on-Marie Hachez (Diane Cloutier), Henri-Louis Hachez (C\u00e9cile Cr\u00eate), son neveu Jean-Francois Hachez, ses [&hellip;]<\/p>\n","protected":false},"author":1,"featured_media":10908,"comment_status":"closed","ping_status":"closed","sticky":false,"template":"","format":"standard","meta":{"_crdt_document":"","_jetpack_memberships_contains_paid_content":false,"footnotes":""},"categories":[97],"tags":[],"class_list":["post-10910","post","type-post","status-publish","format-standard","has-post-thumbnail","hentry","category-obituary"],"aioseo_notices":[],"jetpack_featured_media_url":"https:\/\/www.ja-lesieur.com\/wp-content\/uploads\/2022\/02\/Aimee-Hachez-2-e1644849290847.jpg","jetpack_sharing_enabled":true,"_links":{"self":[{"href":"https:\/\/www.ja-lesieur.com\/en\/wp-json\/wp\/v2\/posts\/10910","targetHints":{"allow":["GET"]}}],"collection":[{"href":"https:\/\/www.ja-lesieur.com\/en\/wp-json\/wp\/v2\/posts"}],"about":[{"href":"https:\/\/www.ja-lesieur.com\/en\/wp-json\/wp\/v2\/types\/post"}],"author":[{"embeddable":true,"href":"https:\/\/www.ja-lesieur.com\/en\/wp-json\/wp\/v2\/users\/1"}],"replies":[{"embeddable":true,"href":"https:\/\/www.ja-lesieur.com\/en\/wp-json\/wp\/v2\/comments?post=10910"}],"version-history":[{"count":2,"href":"https:\/\/www.ja-lesieur.com\/en\/wp-json\/wp\/v2\/posts\/10910\/revisions"}],"predecessor-version":[{"id":10950,"href":"https:\/\/www.ja-lesieur.com\/en\/wp-json\/wp\/v2\/posts\/10910\/revisions\/10950"}],"wp:featuredmedia":[{"embeddable":true,"href":"https:\/\/www.ja-lesieur.com\/en\/wp-json\/wp\/v2\/media\/10908"}],"wp:attachment":[{"href":"https:\/\/www.ja-lesieur.com\/en\/wp-json\/wp\/v2\/media?parent=10910"}],"wp:term":[{"taxonomy":"category","embeddable":true,"href":"https:\/\/www.ja-lesieur.com\/en\/wp-json\/wp\/v2\/categories?post=10910"},{"taxonomy":"post_tag","embeddable":true,"href":"https:\/\/www.ja-lesieur.com\/en\/wp-json\/wp\/v2\/tags?post=10910"}],"curies":[{"name":"wp","href":"https:\/\/api.w.org\/{rel}","templated":true}]}}