{"id":10924,"date":"2022-02-10T16:38:25","date_gmt":"2022-02-10T16:38:25","guid":{"rendered":"https:\/\/www.ja-lesieur.com\/m-jacques-langlois-1952-2022\/"},"modified":"2022-02-14T16:40:17","modified_gmt":"2022-02-14T16:40:17","slug":"m-jacques-langlois-1952-2022","status":"publish","type":"post","link":"https:\/\/www.ja-lesieur.com\/en\/m-jacques-langlois-1952-2022\/","title":{"rendered":"M. Jacques Langlois, 1952-2022"},"content":{"rendered":"<p>\u00c0 Granby, le 10 f\u00e9vrier 2022, \u00e0 l&#8217;\u00e2ge de 69 ans, est d\u00e9c\u00e9d\u00e9 M. Jacques Langlois, fils de feu Alpheda Martel et de feu Alphonse Langlois, demeurant \u00e0 Granby.<\/p>\n<p>Il laisse dans le deuil ses enfants; ses petits-enfants; ses fr\u00e8res et s\u0153urs, ainsi que plusieurs beaux-fr\u00e8res, belles-s\u0153urs, neveux, ni\u00e8ces, autres parents et de nombreux amis.<\/p>\n<p><strong>L&#8217;Aquamation a eu lieu au Bio-Cr\u00e9matorium Le Sieur de Granby.<\/strong><\/p>\n<p><strong>COMPLEXE FUN\u00c9RAIRE<\/strong><\/p>\n<p><strong>LESIEUR<\/strong><\/p>\n<p><strong>60 Boul. Pie IX, Granby, Qc,<\/strong><\/p>\n<p><strong>t\u00e9l: 450-777-1414 t\u00e9lec: 450-777-0999<\/strong><\/p>\n<p><strong>www.lesieur.ca &#8211; info@lesieur.ca<\/strong><\/p>\n<p><strong>Membre de la CTQ<\/strong><\/p>\n<p>Afin de respecter les derni\u00e8res volont\u00e9s de M. Jacques Langlois, il n&#8217;y aura pas d&#8217;exposition.<\/p>\n","protected":false},"excerpt":{"rendered":"<p>\u00c0 Granby, le 10 f\u00e9vrier 2022, \u00e0 l&#8217;\u00e2ge de 69 ans, est d\u00e9c\u00e9d\u00e9 M. Jacques Langlois, fils de feu Alpheda Martel et de feu Alphonse Langlois, demeurant \u00e0 Granby. Il laisse dans le deuil ses enfants; ses petits-enfants; ses fr\u00e8res et s\u0153urs, ainsi que plusieurs beaux-fr\u00e8res, belles-s\u0153urs, neveux, ni\u00e8ces, autres parents et de nombreux amis. [&hellip;]<\/p>\n","protected":false},"author":1,"featured_media":10917,"comment_status":"closed","ping_status":"closed","sticky":false,"template":"","format":"standard","meta":{"_crdt_document":"","_jetpack_memberships_contains_paid_content":false,"footnotes":""},"categories":[97],"tags":[],"class_list":["post-10924","post","type-post","status-publish","format-standard","has-post-thumbnail","hentry","category-obituary"],"aioseo_notices":[],"jetpack_featured_media_url":"https:\/\/www.ja-lesieur.com\/wp-content\/uploads\/2022\/02\/Jacques-Langlois-2-e1644856540622.jpg","jetpack_sharing_enabled":true,"_links":{"self":[{"href":"https:\/\/www.ja-lesieur.com\/en\/wp-json\/wp\/v2\/posts\/10924","targetHints":{"allow":["GET"]}}],"collection":[{"href":"https:\/\/www.ja-lesieur.com\/en\/wp-json\/wp\/v2\/posts"}],"about":[{"href":"https:\/\/www.ja-lesieur.com\/en\/wp-json\/wp\/v2\/types\/post"}],"author":[{"embeddable":true,"href":"https:\/\/www.ja-lesieur.com\/en\/wp-json\/wp\/v2\/users\/1"}],"replies":[{"embeddable":true,"href":"https:\/\/www.ja-lesieur.com\/en\/wp-json\/wp\/v2\/comments?post=10924"}],"version-history":[{"count":1,"href":"https:\/\/www.ja-lesieur.com\/en\/wp-json\/wp\/v2\/posts\/10924\/revisions"}],"predecessor-version":[{"id":10925,"href":"https:\/\/www.ja-lesieur.com\/en\/wp-json\/wp\/v2\/posts\/10924\/revisions\/10925"}],"wp:featuredmedia":[{"embeddable":true,"href":"https:\/\/www.ja-lesieur.com\/en\/wp-json\/wp\/v2\/media\/10917"}],"wp:attachment":[{"href":"https:\/\/www.ja-lesieur.com\/en\/wp-json\/wp\/v2\/media?parent=10924"}],"wp:term":[{"taxonomy":"category","embeddable":true,"href":"https:\/\/www.ja-lesieur.com\/en\/wp-json\/wp\/v2\/categories?post=10924"},{"taxonomy":"post_tag","embeddable":true,"href":"https:\/\/www.ja-lesieur.com\/en\/wp-json\/wp\/v2\/tags?post=10924"}],"curies":[{"name":"wp","href":"https:\/\/api.w.org\/{rel}","templated":true}]}}