{"id":11265,"date":"2022-03-22T18:12:08","date_gmt":"2022-03-22T18:12:08","guid":{"rendered":"https:\/\/www.ja-lesieur.com\/m-paul-cote-1948-2022\/"},"modified":"2022-03-23T18:14:23","modified_gmt":"2022-03-23T18:14:23","slug":"m-paul-cote-1948-2022","status":"publish","type":"post","link":"https:\/\/www.ja-lesieur.com\/en\/m-paul-cote-1948-2022\/","title":{"rendered":"M. Paul C\u00f4t\u00e9 1948-2022"},"content":{"rendered":"<p>\u00c0 son domicile, le 22 mars 2022, \u00e0 l\u2019\u00e2ge de 74 ans, est d\u00e9c\u00e9d\u00e9 M. Paul C\u00f4t\u00e9 \u00e9poux de Mme Claudette Beaudoin, demeurant \u00e0 Bromptonville.<\/p>\n<p>Outre son \u00e9pouse Claudette, il laisse dans le deuil sa fille M\u00e9lissa C\u00f4t\u00e9 (Yannick Duchesneau); ses petits-enfants\u00a0: Samuel, Mara et L\u00e9o et leur p\u00e8re Alexandre Durette; ses fr\u00e8res et s\u0153urs\u00a0: Pauline (feu Andr\u00e9 Fr\u00e9chette), Claire (Claude Landry), Pierre (Lise Boutin, feu Lise Beaudoin), Monique (Jocelyn Fr\u00e9chette) et Margot (Marcel Beaudoin).\u00a0 Il \u00e9tait le fr\u00e8re de feu Jacques (Rachel Bombardier) et il \u00e9tait le beau-fr\u00e8re de feu Renald.\u00a0 Il laisse \u00e9galement dans le deuil ses beaux-fr\u00e8res et belles-s\u0153urs\u00a0: Monique (Feu Denis Brochu), C\u00e9cile (Guy Lapointe), Stella (Bertrand Boulet), \u00c9milienne (Valmont Grenier), Marcel (Margot C\u00f4t\u00e9), Lise (Paul Gosselin, feu Fortunat Lapointe et Nicole (Jean-Louis Martel); son filleul \u00c9ric Martel (Jos\u00e9e Beauchemin) ainsi que tous ses neveux, ni\u00e8ces, autres parents et ami(e)s.<\/p>\n<p><strong>L&#8217;Aquamation a eu lieu au Bio-Cr\u00e9matorium Le Sieur de Granby.<\/strong><\/p>\n<p><strong>COMPLEXE FUN\u00c9RAIRE<\/strong><\/p>\n<p><strong>LESIEUR<\/strong><\/p>\n<p><strong>60 Boul. Pie IX, Granby, Qc,<\/strong><\/p>\n<p><strong>t\u00e9l: 450-777-1414 t\u00e9lec: 450-777-0999<\/strong><\/p>\n<p><strong>www.lesieur.ca &#8211; info@lesieur.ca<\/strong><\/p>\n<p><strong>Membre de la CTQ<\/strong><\/p>\n<p>Afin de respecter les derni\u00e8res volont\u00e9s de M. Paul C\u00f4t\u00e9, il n&#8217;y aura pas d&#8217;exposition. L\u2019inhumation aura lieu \u00e0 une date ult\u00e9rieure dans la plus stricte intimit\u00e9.<\/p>\n<p>Merci \u00e0 l\u2019\u00e9quipe des soins palliatifs, Dr Philippe Lamontagne et Marie-\u00c8ve pour les bons soins prodigu\u00e9s \u00e0 M. C\u00f4t\u00e9.<\/p>\n","protected":false},"excerpt":{"rendered":"<p>\u00c0 son domicile, le 22 mars 2022, \u00e0 l\u2019\u00e2ge de 74 ans, est d\u00e9c\u00e9d\u00e9 M. Paul C\u00f4t\u00e9 \u00e9poux de Mme Claudette Beaudoin, demeurant \u00e0 Bromptonville. Outre son \u00e9pouse Claudette, il laisse dans le deuil sa fille M\u00e9lissa C\u00f4t\u00e9 (Yannick Duchesneau); ses petits-enfants\u00a0: Samuel, Mara et L\u00e9o et leur p\u00e8re Alexandre Durette; ses fr\u00e8res et s\u0153urs\u00a0: [&hellip;]<\/p>\n","protected":false},"author":1,"featured_media":11263,"comment_status":"closed","ping_status":"closed","sticky":false,"template":"","format":"standard","meta":{"_jetpack_newsletter_access":"","_jetpack_dont_email_post_to_subs":false,"_jetpack_newsletter_tier_id":0,"_jetpack_memberships_contains_paywalled_content":false,"_jetpack_memberships_contains_paid_content":false,"footnotes":""},"categories":[97],"tags":[],"class_list":["post-11265","post","type-post","status-publish","format-standard","has-post-thumbnail","hentry","category-obituary"],"aioseo_notices":[],"aioseo_head":"\n\t\t<!-- All in One SEO 5.0.1.1 - aioseo.com -->\n\t<meta name=\"description\" content=\"\u00c0 son domicile, le 22 mars 2022, \u00e0 l\u2019\u00e2ge de 74 ans, est d\u00e9c\u00e9d\u00e9 M. Paul C\u00f4t\u00e9 \u00e9poux de Mme Claudette Beaudoin, demeurant \u00e0 Bromptonville. Outre son \u00e9pouse Claudette, il laisse dans le deuil sa fille M\u00e9lissa C\u00f4t\u00e9 (Yannick Duchesneau); ses petits-enfants : Samuel, Mara et L\u00e9o et leur p\u00e8re Alexandre Durette; ses fr\u00e8res et s\u0153urs :\" \/>\n\t<meta name=\"robots\" content=\"max-image-preview:large\" \/>\n\t<meta name=\"author\" content=\"jalesieur\"\/>\n\t<link rel=\"canonical\" href=\"https:\/\/www.ja-lesieur.com\/en\/m-paul-cote-1948-2022\/\" \/>\n\t<meta name=\"generator\" content=\"All in One SEO (AIOSEO) 5.0.1.1\" \/>\n\t\t<meta property=\"og:locale\" content=\"en_US\" \/>\n\t\t<meta property=\"og:site_name\" content=\"Funeral Complex LeSieur comprehensive services | ja-lesieur.com\" \/>\n\t\t<meta property=\"og:type\" content=\"article\" \/>\n\t\t<meta property=\"og:title\" content=\"M. Paul C\u00f4t\u00e9 1948-2022 | Funeral Complex LeSieur comprehensive services\" \/>\n\t\t<meta property=\"og:description\" content=\"\u00c0 son domicile, le 22 mars 2022, \u00e0 l\u2019\u00e2ge de 74 ans, est d\u00e9c\u00e9d\u00e9 M. Paul C\u00f4t\u00e9 \u00e9poux de Mme Claudette Beaudoin, demeurant \u00e0 Bromptonville. Outre son \u00e9pouse Claudette, il laisse dans le deuil sa fille M\u00e9lissa C\u00f4t\u00e9 (Yannick Duchesneau); ses petits-enfants : Samuel, Mara et L\u00e9o et leur p\u00e8re Alexandre Durette; ses fr\u00e8res et s\u0153urs :\" \/>\n\t\t<meta property=\"og:url\" content=\"https:\/\/www.ja-lesieur.com\/en\/m-paul-cote-1948-2022\/\" \/>\n\t\t<meta property=\"article:published_time\" content=\"2022-03-22T18:12:08+00:00\" \/>\n\t\t<meta property=\"article:modified_time\" content=\"2022-03-23T18:14:23+00:00\" \/>\n\t\t<script type=\"application\/ld+json\" class=\"aioseo-schema\">\n\t\t\t{\"@context\":\"https:\\\/\\\/schema.org\",\"@graph\":[{\"@type\":\"Article\",\"@id\":\"https:\\\/\\\/www.ja-lesieur.com\\\/en\\\/m-paul-cote-1948-2022\\\/#article\",\"name\":\"M. Paul C\\u00f4t\\u00e9 1948-2022 | Funeral Complex LeSieur comprehensive services\",\"headline\":\"M. Paul C\\u00f4t\\u00e9 1948-2022\",\"author\":{\"@id\":\"https:\\\/\\\/www.ja-lesieur.com\\\/en\\\/author\\\/jalesieur\\\/#author\"},\"publisher\":{\"@id\":\"https:\\\/\\\/www.ja-lesieur.com\\\/en\\\/#organization\"},\"image\":{\"@type\":\"ImageObject\",\"url\":\"https:\\\/\\\/www.ja-lesieur.com\\\/wp-content\\\/uploads\\\/2022\\\/03\\\/Paul-Cote-carre-e1648059218860.jpeg\",\"width\":150,\"height\":150},\"datePublished\":\"2022-03-22T18:12:08-04:00\",\"dateModified\":\"2022-03-23T18:14:23-04:00\",\"inLanguage\":\"en-US\",\"mainEntityOfPage\":{\"@id\":\"https:\\\/\\\/www.ja-lesieur.com\\\/en\\\/m-paul-cote-1948-2022\\\/#webpage\"},\"isPartOf\":{\"@id\":\"https:\\\/\\\/www.ja-lesieur.com\\\/en\\\/m-paul-cote-1948-2022\\\/#webpage\"},\"articleSection\":\"Obituary\"},{\"@type\":\"BreadcrumbList\",\"@id\":\"https:\\\/\\\/www.ja-lesieur.com\\\/en\\\/m-paul-cote-1948-2022\\\/#breadcrumblist\",\"itemListElement\":[{\"@type\":\"ListItem\",\"@id\":\"https:\\\/\\\/www.ja-lesieur.com\\\/en\\\/#listItem\",\"position\":1,\"name\":\"Accueil\",\"item\":\"https:\\\/\\\/www.ja-lesieur.com\\\/en\\\/\",\"nextItem\":{\"@type\":\"ListItem\",\"@id\":\"https:\\\/\\\/www.ja-lesieur.com\\\/en\\\/category\\\/obituary\\\/#listItem\",\"name\":\"Obituary\"}},{\"@type\":\"ListItem\",\"@id\":\"https:\\\/\\\/www.ja-lesieur.com\\\/en\\\/category\\\/obituary\\\/#listItem\",\"position\":2,\"name\":\"Obituary\",\"item\":\"https:\\\/\\\/www.ja-lesieur.com\\\/en\\\/category\\\/obituary\\\/\",\"nextItem\":{\"@type\":\"ListItem\",\"@id\":\"https:\\\/\\\/www.ja-lesieur.com\\\/en\\\/m-paul-cote-1948-2022\\\/#listItem\",\"name\":\"M. Paul C\\u00f4t\\u00e9 1948-2022\"},\"previousItem\":{\"@type\":\"ListItem\",\"@id\":\"https:\\\/\\\/www.ja-lesieur.com\\\/en\\\/#listItem\",\"name\":\"Accueil\"}},{\"@type\":\"ListItem\",\"@id\":\"https:\\\/\\\/www.ja-lesieur.com\\\/en\\\/m-paul-cote-1948-2022\\\/#listItem\",\"position\":3,\"name\":\"M. Paul C\\u00f4t\\u00e9 1948-2022\",\"previousItem\":{\"@type\":\"ListItem\",\"@id\":\"https:\\\/\\\/www.ja-lesieur.com\\\/en\\\/category\\\/obituary\\\/#listItem\",\"name\":\"Obituary\"}}]},{\"@type\":\"Organization\",\"@id\":\"https:\\\/\\\/www.ja-lesieur.com\\\/en\\\/#organization\",\"name\":\"Complexe fun\\u00e9raire LeSieur\",\"description\":\"ja-lesieur.com\",\"url\":\"https:\\\/\\\/www.ja-lesieur.com\\\/en\\\/\",\"telephone\":\"+18883678471\"},{\"@type\":\"Person\",\"@id\":\"https:\\\/\\\/www.ja-lesieur.com\\\/en\\\/author\\\/jalesieur\\\/#author\",\"url\":\"https:\\\/\\\/www.ja-lesieur.com\\\/en\\\/author\\\/jalesieur\\\/\",\"name\":\"jalesieur\",\"image\":{\"@type\":\"ImageObject\",\"@id\":\"https:\\\/\\\/www.ja-lesieur.com\\\/en\\\/m-paul-cote-1948-2022\\\/#authorImage\",\"url\":\"\\\/\\\/www.gravatar.com\\\/avatar\\\/5afc64bab577539bd90d98b3264ef833?s=96&#038;r=g&#038;d=mm\",\"width\":96,\"height\":96,\"caption\":\"jalesieur\"}},{\"@type\":\"WebPage\",\"@id\":\"https:\\\/\\\/www.ja-lesieur.com\\\/en\\\/m-paul-cote-1948-2022\\\/#webpage\",\"url\":\"https:\\\/\\\/www.ja-lesieur.com\\\/en\\\/m-paul-cote-1948-2022\\\/\",\"name\":\"M. Paul C\\u00f4t\\u00e9 1948-2022 | Funeral Complex LeSieur comprehensive services\",\"description\":\"\\u00c0 son domicile, le 22 mars 2022, \\u00e0 l\\u2019\\u00e2ge de 74 ans, est d\\u00e9c\\u00e9d\\u00e9 M. Paul C\\u00f4t\\u00e9 \\u00e9poux de Mme Claudette Beaudoin, demeurant \\u00e0 Bromptonville. Outre son \\u00e9pouse Claudette, il laisse dans le deuil sa fille M\\u00e9lissa C\\u00f4t\\u00e9 (Yannick Duchesneau); ses petits-enfants : Samuel, Mara et L\\u00e9o et leur p\\u00e8re Alexandre Durette; ses fr\\u00e8res et s\\u0153urs :\",\"inLanguage\":\"en-US\",\"isPartOf\":{\"@id\":\"https:\\\/\\\/www.ja-lesieur.com\\\/en\\\/#website\"},\"breadcrumb\":{\"@id\":\"https:\\\/\\\/www.ja-lesieur.com\\\/en\\\/m-paul-cote-1948-2022\\\/#breadcrumblist\"},\"author\":{\"@id\":\"https:\\\/\\\/www.ja-lesieur.com\\\/en\\\/author\\\/jalesieur\\\/#author\"},\"creator\":{\"@id\":\"https:\\\/\\\/www.ja-lesieur.com\\\/en\\\/author\\\/jalesieur\\\/#author\"},\"image\":{\"@type\":\"ImageObject\",\"url\":\"https:\\\/\\\/www.ja-lesieur.com\\\/wp-content\\\/uploads\\\/2022\\\/03\\\/Paul-Cote-carre-e1648059218860.jpeg\",\"@id\":\"https:\\\/\\\/www.ja-lesieur.com\\\/en\\\/m-paul-cote-1948-2022\\\/#mainImage\",\"width\":150,\"height\":150},\"primaryImageOfPage\":{\"@id\":\"https:\\\/\\\/www.ja-lesieur.com\\\/en\\\/m-paul-cote-1948-2022\\\/#mainImage\"},\"datePublished\":\"2022-03-22T18:12:08-04:00\",\"dateModified\":\"2022-03-23T18:14:23-04:00\"},{\"@type\":\"WebSite\",\"@id\":\"https:\\\/\\\/www.ja-lesieur.com\\\/en\\\/#website\",\"url\":\"https:\\\/\\\/www.ja-lesieur.com\\\/en\\\/\",\"name\":\"Complexe fun\\u00e9raire LeSieur des services complets\",\"description\":\"ja-lesieur.com\",\"inLanguage\":\"en-US\",\"publisher\":{\"@id\":\"https:\\\/\\\/www.ja-lesieur.com\\\/en\\\/#organization\"}}]}\n\t\t<\/script>\n\t\t<!-- All in One SEO -->\n\n","aioseo_head_json":{"title":"M. Paul C\u00f4t\u00e9 1948-2022 | Funeral Complex LeSieur comprehensive services","description":"\u00c0 son domicile, le 22 mars 2022, \u00e0 l\u2019\u00e2ge de 74 ans, est d\u00e9c\u00e9d\u00e9 M. Paul C\u00f4t\u00e9 \u00e9poux de Mme Claudette Beaudoin, demeurant \u00e0 Bromptonville. Outre son \u00e9pouse Claudette, il laisse dans le deuil sa fille M\u00e9lissa C\u00f4t\u00e9 (Yannick Duchesneau); ses petits-enfants : Samuel, Mara et L\u00e9o et leur p\u00e8re Alexandre Durette; ses fr\u00e8res et s\u0153urs :","canonical_url":"https:\/\/www.ja-lesieur.com\/en\/m-paul-cote-1948-2022\/","robots":"max-image-preview:large","keywords":"","webmasterTools":{"miscellaneous":""},"schema":{"@context":"https:\/\/schema.org","@graph":[{"@type":"Article","@id":"https:\/\/www.ja-lesieur.com\/en\/m-paul-cote-1948-2022\/#article","name":"M. Paul C\u00f4t\u00e9 1948-2022 | Funeral Complex LeSieur comprehensive services","headline":"M. Paul C\u00f4t\u00e9 1948-2022","author":{"@id":"https:\/\/www.ja-lesieur.com\/en\/author\/jalesieur\/#author"},"publisher":{"@id":"https:\/\/www.ja-lesieur.com\/en\/#organization"},"image":{"@type":"ImageObject","url":"https:\/\/www.ja-lesieur.com\/wp-content\/uploads\/2022\/03\/Paul-Cote-carre-e1648059218860.jpeg","width":150,"height":150},"datePublished":"2022-03-22T18:12:08-04:00","dateModified":"2022-03-23T18:14:23-04:00","inLanguage":"en-US","mainEntityOfPage":{"@id":"https:\/\/www.ja-lesieur.com\/en\/m-paul-cote-1948-2022\/#webpage"},"isPartOf":{"@id":"https:\/\/www.ja-lesieur.com\/en\/m-paul-cote-1948-2022\/#webpage"},"articleSection":"Obituary"},{"@type":"BreadcrumbList","@id":"https:\/\/www.ja-lesieur.com\/en\/m-paul-cote-1948-2022\/#breadcrumblist","itemListElement":[{"@type":"ListItem","@id":"https:\/\/www.ja-lesieur.com\/en\/#listItem","position":1,"name":"Accueil","item":"https:\/\/www.ja-lesieur.com\/en\/","nextItem":{"@type":"ListItem","@id":"https:\/\/www.ja-lesieur.com\/en\/category\/obituary\/#listItem","name":"Obituary"}},{"@type":"ListItem","@id":"https:\/\/www.ja-lesieur.com\/en\/category\/obituary\/#listItem","position":2,"name":"Obituary","item":"https:\/\/www.ja-lesieur.com\/en\/category\/obituary\/","nextItem":{"@type":"ListItem","@id":"https:\/\/www.ja-lesieur.com\/en\/m-paul-cote-1948-2022\/#listItem","name":"M. Paul C\u00f4t\u00e9 1948-2022"},"previousItem":{"@type":"ListItem","@id":"https:\/\/www.ja-lesieur.com\/en\/#listItem","name":"Accueil"}},{"@type":"ListItem","@id":"https:\/\/www.ja-lesieur.com\/en\/m-paul-cote-1948-2022\/#listItem","position":3,"name":"M. Paul C\u00f4t\u00e9 1948-2022","previousItem":{"@type":"ListItem","@id":"https:\/\/www.ja-lesieur.com\/en\/category\/obituary\/#listItem","name":"Obituary"}}]},{"@type":"Organization","@id":"https:\/\/www.ja-lesieur.com\/en\/#organization","name":"Complexe fun\u00e9raire LeSieur","description":"ja-lesieur.com","url":"https:\/\/www.ja-lesieur.com\/en\/","telephone":"+18883678471"},{"@type":"Person","@id":"https:\/\/www.ja-lesieur.com\/en\/author\/jalesieur\/#author","url":"https:\/\/www.ja-lesieur.com\/en\/author\/jalesieur\/","name":"jalesieur","image":{"@type":"ImageObject","@id":"https:\/\/www.ja-lesieur.com\/en\/m-paul-cote-1948-2022\/#authorImage","url":"\/\/www.gravatar.com\/avatar\/5afc64bab577539bd90d98b3264ef833?s=96&#038;r=g&#038;d=mm","width":96,"height":96,"caption":"jalesieur"}},{"@type":"WebPage","@id":"https:\/\/www.ja-lesieur.com\/en\/m-paul-cote-1948-2022\/#webpage","url":"https:\/\/www.ja-lesieur.com\/en\/m-paul-cote-1948-2022\/","name":"M. Paul C\u00f4t\u00e9 1948-2022 | Funeral Complex LeSieur comprehensive services","description":"\u00c0 son domicile, le 22 mars 2022, \u00e0 l\u2019\u00e2ge de 74 ans, est d\u00e9c\u00e9d\u00e9 M. Paul C\u00f4t\u00e9 \u00e9poux de Mme Claudette Beaudoin, demeurant \u00e0 Bromptonville. Outre son \u00e9pouse Claudette, il laisse dans le deuil sa fille M\u00e9lissa C\u00f4t\u00e9 (Yannick Duchesneau); ses petits-enfants : Samuel, Mara et L\u00e9o et leur p\u00e8re Alexandre Durette; ses fr\u00e8res et s\u0153urs :","inLanguage":"en-US","isPartOf":{"@id":"https:\/\/www.ja-lesieur.com\/en\/#website"},"breadcrumb":{"@id":"https:\/\/www.ja-lesieur.com\/en\/m-paul-cote-1948-2022\/#breadcrumblist"},"author":{"@id":"https:\/\/www.ja-lesieur.com\/en\/author\/jalesieur\/#author"},"creator":{"@id":"https:\/\/www.ja-lesieur.com\/en\/author\/jalesieur\/#author"},"image":{"@type":"ImageObject","url":"https:\/\/www.ja-lesieur.com\/wp-content\/uploads\/2022\/03\/Paul-Cote-carre-e1648059218860.jpeg","@id":"https:\/\/www.ja-lesieur.com\/en\/m-paul-cote-1948-2022\/#mainImage","width":150,"height":150},"primaryImageOfPage":{"@id":"https:\/\/www.ja-lesieur.com\/en\/m-paul-cote-1948-2022\/#mainImage"},"datePublished":"2022-03-22T18:12:08-04:00","dateModified":"2022-03-23T18:14:23-04:00"},{"@type":"WebSite","@id":"https:\/\/www.ja-lesieur.com\/en\/#website","url":"https:\/\/www.ja-lesieur.com\/en\/","name":"Complexe fun\u00e9raire LeSieur des services complets","description":"ja-lesieur.com","inLanguage":"en-US","publisher":{"@id":"https:\/\/www.ja-lesieur.com\/en\/#organization"}}]},"og:locale":"en_US","og:site_name":"Funeral Complex LeSieur comprehensive services | ja-lesieur.com","og:type":"article","og:title":"M. Paul C\u00f4t\u00e9 1948-2022 | Funeral Complex LeSieur comprehensive services","og:description":"\u00c0 son domicile, le 22 mars 2022, \u00e0 l\u2019\u00e2ge de 74 ans, est d\u00e9c\u00e9d\u00e9 M. Paul C\u00f4t\u00e9 \u00e9poux de Mme Claudette Beaudoin, demeurant \u00e0 Bromptonville. Outre son \u00e9pouse Claudette, il laisse dans le deuil sa fille M\u00e9lissa C\u00f4t\u00e9 (Yannick Duchesneau); ses petits-enfants : Samuel, Mara et L\u00e9o et leur p\u00e8re Alexandre Durette; ses fr\u00e8res et s\u0153urs :","og:url":"https:\/\/www.ja-lesieur.com\/en\/m-paul-cote-1948-2022\/","article:published_time":"2022-03-22T18:12:08+00:00","article:modified_time":"2022-03-23T18:14:23+00:00"},"aioseo_meta_data":{"post_id":"11265","title":"#post_title | #site_title","description":"#post_excerpt","keywords":[],"keyphrases":{"focus":[],"additional":[]},"primary_term":null,"canonical_url":null,"og_title":null,"og_description":null,"og_object_type":"default","og_image_type":"default","og_image_url":null,"og_image_width":null,"og_image_height":null,"og_image_custom_url":null,"og_image_custom_fields":null,"og_video":"","og_custom_url":null,"og_article_section":null,"og_article_tags":[],"twitter_use_og":false,"twitter_card":"default","twitter_image_type":"default","twitter_image_url":null,"twitter_image_custom_url":null,"twitter_image_custom_fields":null,"twitter_title":null,"twitter_description":null,"schema":{"blockGraphs":[],"customGraphs":[],"default":{"data":{"Article":{"id":"aioseo-article-637d2fd2d7830","slug":"article","graphName":"Article","label":"Article","properties":{"type":"BlogPosting","name":"#post_title","headline":"#post_title","description":"#post_excerpt","image":"","keywords":"","author":{"name":"#author_name","url":"#author_url"},"dates":{"include":true,"datePublished":"","dateModified":""}}},"Course":[],"Dataset":[],"FAQPage":[],"Movie":[],"Person":[],"Product":[],"ProductReview":[],"Car":[],"Recipe":[],"Service":[],"SoftwareApplication":[],"WebPage":[]},"graphName":"Article","isEnabled":true},"graphs":[]},"schema_type":"default","schema_type_options":"{\"article\":{\"articleType\":\"BlogPosting\"},\"course\":{\"name\":\"\",\"description\":\"\",\"provider\":\"\"},\"faq\":{\"pages\":[]},\"product\":{\"reviews\":[]},\"recipe\":{\"ingredients\":[],\"instructions\":[],\"keywords\":[]},\"software\":{\"reviews\":[],\"operatingSystems\":[]},\"webPage\":{\"webPageType\":\"WebPage\"}}","pillar_content":false,"robots_default":true,"robots_noindex":false,"robots_noarchive":false,"robots_nosnippet":false,"robots_nofollow":false,"robots_noimageindex":false,"robots_noodp":false,"robots_notranslate":false,"robots_max_snippet":"-1","robots_max_videopreview":"-1","robots_max_imagepreview":"large","priority":null,"frequency":"default","local_seo":null,"breadcrumb_settings":null,"limit_modified_date":false,"ai":null,"created":"2022-03-23 18:14:23","updated":"2025-06-04 14:17:19","seo_analyzer_scan_date":null,"focus_keyword":null,"additional_keywords":null,"truseo_locale":null},"aioseo_breadcrumb":"<div class=\"aioseo-breadcrumbs\"><span class=\"aioseo-breadcrumb\">\n\t\t\t<a href=\"https:\/\/www.ja-lesieur.com\/en\/\" title=\"Accueil\">Accueil<\/a>\n\t\t<\/span><span class=\"aioseo-breadcrumb-separator\">&raquo;<\/span><span class=\"aioseo-breadcrumb\">\n\t\t\t<a href=\"https:\/\/www.ja-lesieur.com\/en\/category\/obituary\/\" title=\"Obituary\">Obituary<\/a>\n\t\t<\/span><span class=\"aioseo-breadcrumb-separator\">&raquo;<\/span><span class=\"aioseo-breadcrumb\">\n\t\t\tM. Paul C\u00f4t\u00e9 1948-2022\n\t\t<\/span><\/div>","aioseo_breadcrumb_json":[{"label":"Accueil","link":"https:\/\/www.ja-lesieur.com\/en\/"},{"label":"Obituary","link":"https:\/\/www.ja-lesieur.com\/en\/category\/obituary\/"},{"label":"M. Paul C\u00f4t\u00e9 1948-2022","link":"https:\/\/www.ja-lesieur.com\/en\/m-paul-cote-1948-2022\/"}],"jetpack_sharing_enabled":true,"jetpack_featured_media_url":"https:\/\/www.ja-lesieur.com\/wp-content\/uploads\/2022\/03\/Paul-Cote-carre-e1648059218860.jpeg","_links":{"self":[{"href":"https:\/\/www.ja-lesieur.com\/en\/wp-json\/wp\/v2\/posts\/11265","targetHints":{"allow":["GET"]}}],"collection":[{"href":"https:\/\/www.ja-lesieur.com\/en\/wp-json\/wp\/v2\/posts"}],"about":[{"href":"https:\/\/www.ja-lesieur.com\/en\/wp-json\/wp\/v2\/types\/post"}],"author":[{"embeddable":true,"href":"https:\/\/www.ja-lesieur.com\/en\/wp-json\/wp\/v2\/users\/1"}],"replies":[{"embeddable":true,"href":"https:\/\/www.ja-lesieur.com\/en\/wp-json\/wp\/v2\/comments?post=11265"}],"version-history":[{"count":1,"href":"https:\/\/www.ja-lesieur.com\/en\/wp-json\/wp\/v2\/posts\/11265\/revisions"}],"predecessor-version":[{"id":11266,"href":"https:\/\/www.ja-lesieur.com\/en\/wp-json\/wp\/v2\/posts\/11265\/revisions\/11266"}],"wp:featuredmedia":[{"embeddable":true,"href":"https:\/\/www.ja-lesieur.com\/en\/wp-json\/wp\/v2\/media\/11263"}],"wp:attachment":[{"href":"https:\/\/www.ja-lesieur.com\/en\/wp-json\/wp\/v2\/media?parent=11265"}],"wp:term":[{"taxonomy":"category","embeddable":true,"href":"https:\/\/www.ja-lesieur.com\/en\/wp-json\/wp\/v2\/categories?post=11265"},{"taxonomy":"post_tag","embeddable":true,"href":"https:\/\/www.ja-lesieur.com\/en\/wp-json\/wp\/v2\/tags?post=11265"}],"curies":[{"name":"wp","href":"https:\/\/api.w.org\/{rel}","templated":true}]}}