{"id":11272,"date":"2022-03-19T12:47:08","date_gmt":"2022-03-19T12:47:08","guid":{"rendered":"https:\/\/www.ja-lesieur.com\/m-raymond-sanders-1928-2022\/"},"modified":"2022-03-25T12:49:49","modified_gmt":"2022-03-25T12:49:49","slug":"m-raymond-sanders-1928-2022","status":"publish","type":"post","link":"https:\/\/www.ja-lesieur.com\/en\/m-raymond-sanders-1928-2022\/","title":{"rendered":"M. Raymond Sanders 1928-2022"},"content":{"rendered":"<p>\u00c0 Granby, le 19 mars 2022, \u00e0 l&#8217;\u00e2ge de 94 ans, est d\u00e9c\u00e9d\u00e9 M. Raymond Sanders \u00e9poux de feu Dorothy Adam (mari\u00e9e 1948-2008), demeurant \u00e0 Granby et anciennement de Sherbrooke.<\/p>\n<p>Il laisse dans le deuil ses enfants: Pierre (Sharon Taylor), Daniel (Danielle Harvey), Fran\u00e7oise, Ginette (Denis Perras), Alain (Khadija), Luc, Lucie (Alain Desmarais), Martine, il \u00e9tait le p\u00e8re de feu Robert (Huguette Turgeon), il laisse \u00e9galement ses 16 petits-enfants, ses 18 arri\u00e8re-petits-enfants, et une arri\u00e8re-arri\u00e8re-petite-fille. Issus d\u2019une grande famille qui l\u2019on pr\u00e9c\u00e9d\u00e9 dans la mort, il laisse dans le deuil sa s\u0153ur Rita (Henri Levert) ainsi que plusieurs beaux-fr\u00e8res, belles-soeurs, neveux, ni\u00e8ces, autres parents et ami(e)s.<\/p>\n<p><strong>L&#8217;Aquamation a eu lieu au Bio-Cr\u00e9matorium Le Sieur de Granby.<\/strong><\/p>\n<p><strong>La famille recevra les t\u00e9moignages de sympathie le vendredi 3 juin 2022 de 19 \u00e0 22 heures et \u00e0 compter de 9 heures, le samedi 4 juin jusqu\u2019au d\u00e9part \u00e0 10h45 au:<\/strong><\/p>\n<p><strong>COMPLEXE FUN\u00c9RAIRE<\/strong><\/p>\n<p><strong>LESIEUR<\/strong><\/p>\n<p><strong>60 Boul. Pie IX, Granby, Qc<\/strong><\/p>\n<p><strong>t\u00e9l: 450-777-1414 t\u00e9lec: 450-777-0999<\/strong><\/p>\n<p><strong>www.lesieur.ca &#8211; info@lesieur.ca<\/strong><\/p>\n<p><strong>Membre de la CTQ<\/strong><\/p>\n<p><strong>Les fun\u00e9railles auront lieu ce m\u00eame samedi en l\u2019\u00e9glise St-Luc \u00e0 11 heures.<\/strong> <strong>La famille souhaite \u00e9galement rendre un ultime hommage \u00e0 Dorothy Adam (1929-2020) car durant la pand\u00e9mie, le nombre de personne avait \u00e9t\u00e9 restreint.<\/strong><\/p>\n<p>La famille tient \u00e0 remercier le personnel du C.H.G. pour les bons soins prodigu\u00e9s \u00e0 M. Sanders.<\/p>\n","protected":false},"excerpt":{"rendered":"<p>\u00c0 Granby, le 19 mars 2022, \u00e0 l&#8217;\u00e2ge de 94 ans, est d\u00e9c\u00e9d\u00e9 M. Raymond Sanders \u00e9poux de feu Dorothy Adam (mari\u00e9e 1948-2008), demeurant \u00e0 Granby et anciennement de Sherbrooke. Il laisse dans le deuil ses enfants: Pierre (Sharon Taylor), Daniel (Danielle Harvey), Fran\u00e7oise, Ginette (Denis Perras), Alain (Khadija), Luc, Lucie (Alain Desmarais), Martine, il [&hellip;]<\/p>\n","protected":false},"author":1,"featured_media":11270,"comment_status":"closed","ping_status":"closed","sticky":false,"template":"","format":"standard","meta":{"_crdt_document":"","_jetpack_memberships_contains_paid_content":false,"footnotes":""},"categories":[97],"tags":[],"class_list":["post-11272","post","type-post","status-publish","format-standard","has-post-thumbnail","hentry","category-obituary"],"aioseo_notices":[],"jetpack_featured_media_url":"https:\/\/www.ja-lesieur.com\/wp-content\/uploads\/2022\/03\/Raymond-Sanders-CARREE-e1648212530931.jpg","jetpack_sharing_enabled":true,"_links":{"self":[{"href":"https:\/\/www.ja-lesieur.com\/en\/wp-json\/wp\/v2\/posts\/11272","targetHints":{"allow":["GET"]}}],"collection":[{"href":"https:\/\/www.ja-lesieur.com\/en\/wp-json\/wp\/v2\/posts"}],"about":[{"href":"https:\/\/www.ja-lesieur.com\/en\/wp-json\/wp\/v2\/types\/post"}],"author":[{"embeddable":true,"href":"https:\/\/www.ja-lesieur.com\/en\/wp-json\/wp\/v2\/users\/1"}],"replies":[{"embeddable":true,"href":"https:\/\/www.ja-lesieur.com\/en\/wp-json\/wp\/v2\/comments?post=11272"}],"version-history":[{"count":1,"href":"https:\/\/www.ja-lesieur.com\/en\/wp-json\/wp\/v2\/posts\/11272\/revisions"}],"predecessor-version":[{"id":11273,"href":"https:\/\/www.ja-lesieur.com\/en\/wp-json\/wp\/v2\/posts\/11272\/revisions\/11273"}],"wp:featuredmedia":[{"embeddable":true,"href":"https:\/\/www.ja-lesieur.com\/en\/wp-json\/wp\/v2\/media\/11270"}],"wp:attachment":[{"href":"https:\/\/www.ja-lesieur.com\/en\/wp-json\/wp\/v2\/media?parent=11272"}],"wp:term":[{"taxonomy":"category","embeddable":true,"href":"https:\/\/www.ja-lesieur.com\/en\/wp-json\/wp\/v2\/categories?post=11272"},{"taxonomy":"post_tag","embeddable":true,"href":"https:\/\/www.ja-lesieur.com\/en\/wp-json\/wp\/v2\/tags?post=11272"}],"curies":[{"name":"wp","href":"https:\/\/api.w.org\/{rel}","templated":true}]}}