{"id":11350,"date":"2022-04-01T12:57:16","date_gmt":"2022-04-01T12:57:16","guid":{"rendered":"https:\/\/www.ja-lesieur.com\/m-jean-guy-deschambault-1933-2022\/"},"modified":"2022-04-04T19:08:22","modified_gmt":"2022-04-04T19:08:22","slug":"m-jean-guy-deschambault-1933-2022","status":"publish","type":"post","link":"https:\/\/www.ja-lesieur.com\/en\/m-jean-guy-deschambault-1933-2022\/","title":{"rendered":"M. Jean-Guy Deschambault 1933-2022"},"content":{"rendered":"<p>Au C.H.G., le 1<sup>er<\/sup> avril 2022, \u00e0 l&#8217;\u00e2ge de 89 ans, est d\u00e9c\u00e9d\u00e9 M. Jean-Guy Deschambault, demeurant \u00e0 Granby.<\/p>\n<p>Il laisse dans le deuil ses enfants: Danielle Pariseau (Michel Grenier), Pierre Deschambault (Annik Labranche), Jean-S\u00e9bastien Deschambault et St\u00e9phanie Deschambault (Bruno Boul\u00e9); ses petits-enfants: Janyl\u00e8ne, Nathan, Ang\u00e9lie, Anne-Sophie; ces deux arri\u00e8re-petit-enfants; ses fr\u00e8res et soeurs: Th\u00e9r\u00e8se (feu Paul), Gilles (Denise Catudal), Laurent (Val\u00e9rie Taylor), Paul-O (Pierrette) et Marguerite (feu Daniel).\u00a0 Il \u00e9tait le fr\u00e8re de feu Andr\u00e9.\u00a0 Il laisse aussi dans le deuil plusieurs neveux, ni\u00e8ces, parents et ami(e)s.<\/p>\n<p><strong>La famille vous accueillera le jeudi 7 avril 2022 de 19 \u00e0 21 heures et le vendredi 8 avril 2022 de 9h30 \u00e0 11h10 au :\u00a0<\/strong><\/p>\n<p><strong>COMPLEXE FUN\u00c9RAIRE<\/strong><\/p>\n<p><strong>LESIEUR<\/strong><\/p>\n<p><strong>60 Boul. Pie IX, Granby, Qc,<\/strong><\/p>\n<p><strong>t\u00e9l: 450-777-1414 t\u00e9lec: 450-777-0999<\/strong><\/p>\n<p><strong>www.lesieur.ca &#8211; info@lesieur.ca<\/strong><\/p>\n<p><strong>Membre de la CTQ<\/strong><\/p>\n<p>Le service religieux sera c\u00e9l\u00e9br\u00e9, ce m\u00eame vendredi \u00e0 11h30 en l&#8217;\u00e9glise St-Luc et de l\u00e0 au cimeti\u00e8re Mgr Pelletier de Granby, \u00e0 une date ult\u00e9rieure.<\/p>\n<p>La famille tient \u00e0 remercier le personnel du 6e \u00e9tage du CHSLD Leclerc pour les bons soins prodigu\u00e9s \u00e0 M. Deschambault.<\/p>\n","protected":false},"excerpt":{"rendered":"<p>Au C.H.G., le 1er avril 2022, \u00e0 l&#8217;\u00e2ge de 89 ans, est d\u00e9c\u00e9d\u00e9 M. Jean-Guy Deschambault, demeurant \u00e0 Granby. Il laisse dans le deuil ses enfants: Danielle Pariseau (Michel Grenier), Pierre Deschambault (Annik Labranche), Jean-S\u00e9bastien Deschambault et St\u00e9phanie Deschambault (Bruno Boul\u00e9); ses petits-enfants: Janyl\u00e8ne, Nathan, Ang\u00e9lie, Anne-Sophie; ces deux arri\u00e8re-petit-enfants; ses fr\u00e8res et soeurs: Th\u00e9r\u00e8se [&hellip;]<\/p>\n","protected":false},"author":1,"featured_media":11353,"comment_status":"closed","ping_status":"closed","sticky":false,"template":"","format":"standard","meta":{"_crdt_document":"","_jetpack_memberships_contains_paid_content":false,"footnotes":""},"categories":[97],"tags":[],"class_list":["post-11350","post","type-post","status-publish","format-standard","has-post-thumbnail","hentry","category-obituary"],"aioseo_notices":[],"jetpack_featured_media_url":"https:\/\/www.ja-lesieur.com\/wp-content\/uploads\/2022\/04\/Jean-Guy-Deschambault-CARREE-e1649080960402.jpg","jetpack_sharing_enabled":true,"_links":{"self":[{"href":"https:\/\/www.ja-lesieur.com\/en\/wp-json\/wp\/v2\/posts\/11350","targetHints":{"allow":["GET"]}}],"collection":[{"href":"https:\/\/www.ja-lesieur.com\/en\/wp-json\/wp\/v2\/posts"}],"about":[{"href":"https:\/\/www.ja-lesieur.com\/en\/wp-json\/wp\/v2\/types\/post"}],"author":[{"embeddable":true,"href":"https:\/\/www.ja-lesieur.com\/en\/wp-json\/wp\/v2\/users\/1"}],"replies":[{"embeddable":true,"href":"https:\/\/www.ja-lesieur.com\/en\/wp-json\/wp\/v2\/comments?post=11350"}],"version-history":[{"count":2,"href":"https:\/\/www.ja-lesieur.com\/en\/wp-json\/wp\/v2\/posts\/11350\/revisions"}],"predecessor-version":[{"id":11357,"href":"https:\/\/www.ja-lesieur.com\/en\/wp-json\/wp\/v2\/posts\/11350\/revisions\/11357"}],"wp:featuredmedia":[{"embeddable":true,"href":"https:\/\/www.ja-lesieur.com\/en\/wp-json\/wp\/v2\/media\/11353"}],"wp:attachment":[{"href":"https:\/\/www.ja-lesieur.com\/en\/wp-json\/wp\/v2\/media?parent=11350"}],"wp:term":[{"taxonomy":"category","embeddable":true,"href":"https:\/\/www.ja-lesieur.com\/en\/wp-json\/wp\/v2\/categories?post=11350"},{"taxonomy":"post_tag","embeddable":true,"href":"https:\/\/www.ja-lesieur.com\/en\/wp-json\/wp\/v2\/tags?post=11350"}],"curies":[{"name":"wp","href":"https:\/\/api.w.org\/{rel}","templated":true}]}}