{"id":11586,"date":"2022-05-03T14:51:24","date_gmt":"2022-05-03T14:51:24","guid":{"rendered":"https:\/\/www.ja-lesieur.com\/m-denis-mallette-1948-2022\/"},"modified":"2022-05-10T14:59:44","modified_gmt":"2022-05-10T14:59:44","slug":"m-denis-mallette-1948-2022","status":"publish","type":"post","link":"https:\/\/www.ja-lesieur.com\/en\/m-denis-mallette-1948-2022\/","title":{"rendered":"M. Denis Mallette 1948-2022"},"content":{"rendered":"<p>Au Centre hospitalier de Ste-Croix de Drummondville, le 3 mai 2022, \u00e0 l&#8217;\u00e2ge de 73 ans, est d\u00e9c\u00e9d\u00e9 M. Denis Mallette, fils de feu Rita Gladu et feu Henri Malette, demeurant \u00e0 Drummondville.<\/p>\n<p>Il laisse dans le deuil sa conjointe Diane, la m\u00e8re de ses enfants Mimie Dumont; ses fils Sylvain et Martin, sa fille Louise; ses quatre petits-enfants\u00a0: Maxime, Isaac, Loukia et Naya; son arri\u00e8re-petit-fils \u00c9mile. Il \u00e9tait le fr\u00e8re de feu Ren\u00e9 Malette (feu Marisa Beauchemin).\u00a0 Il laisse aussi dans le deuil sa ni\u00e8ce Bilitis Malette, autres parents et ami(e)s.<\/p>\n<p><strong>L&#8217;Aquamation a eu lieu au Bio-Cr\u00e9matorium Le Sieur de Granby.<\/strong><\/p>\n<p><strong>COMPLEXE FUN\u00c9RAIRE<\/strong><\/p>\n<p><strong>LESIEUR<\/strong><\/p>\n<p><strong>60 Boul. Pie IX, Granby, Qc<\/strong><\/p>\n<p><strong>t\u00e9l: 450-777-1414 t\u00e9lec: 450-777-0999<\/strong><\/p>\n<p><strong>www.lesieur.ca &#8211; info@lesieur.ca<\/strong><\/p>\n<p><strong>Membre de la CTQ<\/strong><\/p>\n<p>Une c\u00e9r\u00e9monie aura lieu dans la plus stricte intimit\u00e9.<\/p>\n<p>La famille tient \u00e0 remercier l\u2019\u00e9quipe du 6<sup>e<\/sup> \u00e9tage des soins palliatifs de l\u2019h\u00f4pital Sainte-Croix de Drummondville pour les bons soins prodigu\u00e9s \u00e0 M. Mallette.<\/p>\n","protected":false},"excerpt":{"rendered":"<p>Au Centre hospitalier de Ste-Croix de Drummondville, le 3 mai 2022, \u00e0 l&#8217;\u00e2ge de 73 ans, est d\u00e9c\u00e9d\u00e9 M. Denis Mallette, fils de feu Rita Gladu et feu Henri Malette, demeurant \u00e0 Drummondville. Il laisse dans le deuil sa conjointe Diane, la m\u00e8re de ses enfants Mimie Dumont; ses fils Sylvain et Martin, sa fille [&hellip;]<\/p>\n","protected":false},"author":1,"featured_media":11584,"comment_status":"closed","ping_status":"closed","sticky":false,"template":"","format":"standard","meta":{"_crdt_document":"","_jetpack_memberships_contains_paid_content":false,"footnotes":""},"categories":[97],"tags":[],"class_list":["post-11586","post","type-post","status-publish","format-standard","has-post-thumbnail","hentry","category-obituary"],"aioseo_notices":[],"jetpack_featured_media_url":"https:\/\/www.ja-lesieur.com\/wp-content\/uploads\/2022\/05\/Denis-Mallette-CARREE-e1652194358239.jpg","jetpack_sharing_enabled":true,"_links":{"self":[{"href":"https:\/\/www.ja-lesieur.com\/en\/wp-json\/wp\/v2\/posts\/11586","targetHints":{"allow":["GET"]}}],"collection":[{"href":"https:\/\/www.ja-lesieur.com\/en\/wp-json\/wp\/v2\/posts"}],"about":[{"href":"https:\/\/www.ja-lesieur.com\/en\/wp-json\/wp\/v2\/types\/post"}],"author":[{"embeddable":true,"href":"https:\/\/www.ja-lesieur.com\/en\/wp-json\/wp\/v2\/users\/1"}],"replies":[{"embeddable":true,"href":"https:\/\/www.ja-lesieur.com\/en\/wp-json\/wp\/v2\/comments?post=11586"}],"version-history":[{"count":1,"href":"https:\/\/www.ja-lesieur.com\/en\/wp-json\/wp\/v2\/posts\/11586\/revisions"}],"predecessor-version":[{"id":11587,"href":"https:\/\/www.ja-lesieur.com\/en\/wp-json\/wp\/v2\/posts\/11586\/revisions\/11587"}],"wp:featuredmedia":[{"embeddable":true,"href":"https:\/\/www.ja-lesieur.com\/en\/wp-json\/wp\/v2\/media\/11584"}],"wp:attachment":[{"href":"https:\/\/www.ja-lesieur.com\/en\/wp-json\/wp\/v2\/media?parent=11586"}],"wp:term":[{"taxonomy":"category","embeddable":true,"href":"https:\/\/www.ja-lesieur.com\/en\/wp-json\/wp\/v2\/categories?post=11586"},{"taxonomy":"post_tag","embeddable":true,"href":"https:\/\/www.ja-lesieur.com\/en\/wp-json\/wp\/v2\/tags?post=11586"}],"curies":[{"name":"wp","href":"https:\/\/api.w.org\/{rel}","templated":true}]}}