{"id":11738,"date":"2022-05-28T20:36:26","date_gmt":"2022-05-28T20:36:26","guid":{"rendered":"https:\/\/www.ja-lesieur.com\/mme-louise-brodeur-proulx-1950-2022\/"},"modified":"2022-05-28T20:36:26","modified_gmt":"2022-05-28T20:36:26","slug":"mme-louise-brodeur-proulx-1950-2022","status":"publish","type":"post","link":"https:\/\/www.ja-lesieur.com\/en\/mme-louise-brodeur-proulx-1950-2022\/","title":{"rendered":"Mme Louise Brodeur-Proulx 1950-2022"},"content":{"rendered":"<p>\u00c0 La maison Au Diapason de Bromont, le 28 mai 2022, \u00e0 l&#8217;\u00e2ge de 71 ans, est d\u00e9c\u00e9d\u00e9e Mme Louise Proulx, n\u00e9e Brodeur, \u00e9pouse de M. Yves Proulx, demeurant \u00e0 Granby.<\/p>\n<p>Enseignante passionn\u00e9e \u00e0 la maternelle, elle a su transmettre sa cr\u00e9ativit\u00e9 et son go\u00fbt d&#8217;apprendre aux tout-petits tout au long de sa carri\u00e8re. Chacun se souviendra de sa passion pour ses magnifiques jardins et de son talent remarquable pour la dentelle, de m\u00eame que son engagement dans la Soci\u00e9t\u00e9 d\u2019histoire de la Haute-Yamaska pendant de nombreuses ann\u00e9es.<\/p>\n<p>Outre son \u00e9poux Yves, elle laisse dans le deuil son fils: David (No\u00e9mie Truffault); sa petite-fille Aryanne. Elle \u00e9tait aussi la m\u00e8re de feu Isabelle. Elle laisse aussi dans le deuil ses fr\u00e8res et s\u0153urs: Andr\u00e9-Gilles, (Suzanne B\u00e9chard), feu France (Miles Larmour), Pierre (\u00c9lise Gu\u00e9vremont) et Normand (C\u00e9line Twigg); ses beaux-fr\u00e8res et belles-s\u0153urs: Carole (Jean-Luc Busque), Gilles (Francine Bessette), H\u00e9l\u00e8ne (Pierre Brault) et Nicole (Sylvain Vall\u00e9e); ses neveux et ni\u00e8ces Catherine (Alain), Jo\u00eblle (S\u00e9bastien), Delphine (Pierre), Thomas (Karine), Maude (Jean-Pierre), \u00c9lizabeth (Darwin), J\u00e9r\u00f4me-Melville, Eug\u00e9nie (Antoine), Alexis (Marie-Mich\u00e8le), Colin (Joanie), Sylvain (Julie), M\u00e9lanie, Mathieu (Catherine) ainsi que plusieurs autres amis et parents.<\/p>\n<p><strong>L&#8217;Aquamation a eu lieu au Bio-Cr\u00e9matorium Le Sieur de Granby.<\/strong><\/p>\n<p><strong>La famille recevra les t\u00e9moignages de sympathie le samedi 18 juin 2022 \u00e0 compter de midi, au :<\/strong><\/p>\n<p style=\"text-align: center;\"><strong>COMPLEXE FUN\u00c9RAIRE<\/strong><\/p>\n<p style=\"text-align: center;\"><strong>LESIEUR<\/strong><\/p>\n<p style=\"text-align: center;\"><strong>60 Boul. Pie IX, Granby, Qc,<\/strong><\/p>\n<p style=\"text-align: center;\"><strong>t\u00e9l: 450-777-1414 t\u00e9lec: 450-777-0999<\/strong><\/p>\n<p style=\"text-align: center;\"><strong>www.lesieur.ca &#8211; info@lesieur.ca<\/strong><\/p>\n<p style=\"text-align: center;\"><strong>Membre de la CTQ<\/strong><\/p>\n<p><strong>La Liturgie de la Parole aura lieu ce m\u00eame samedi \u00e0 14 heures, en la Chapelle Le Sieur, suivie de la mise en place au Columbarium Le Sieur.<\/strong><\/p>\n<p>La famille remercie le personnel du Diapason pour la qualit\u00e9 des soins qui lui ont \u00e9t\u00e9 prodigu\u00e9s de m\u00eame qu\u2019\u00e0 Mme Nathalie Munger du CIUSS de Granby pour son pr\u00e9cieux accompagnement.<\/p>\n<p>En guise de sympathie, des dons \u00e0 la Maison Au Diapason seraient appr\u00e9ci\u00e9s.<\/p>\n","protected":false},"excerpt":{"rendered":"<p>\u00c0 La maison Au Diapason de Bromont, le 28 mai 2022, \u00e0 l&#8217;\u00e2ge de 71 ans, est d\u00e9c\u00e9d\u00e9e Mme Louise Proulx, n\u00e9e Brodeur, \u00e9pouse de M. Yves Proulx, demeurant \u00e0 Granby. Enseignante passionn\u00e9e \u00e0 la maternelle, elle a su transmettre sa cr\u00e9ativit\u00e9 et son go\u00fbt d&#8217;apprendre aux tout-petits tout au long de sa carri\u00e8re. Chacun [&hellip;]<\/p>\n","protected":false},"author":1,"featured_media":11736,"comment_status":"closed","ping_status":"closed","sticky":false,"template":"","format":"standard","meta":{"_crdt_document":"","_jetpack_memberships_contains_paid_content":false,"footnotes":""},"categories":[97],"tags":[],"class_list":["post-11738","post","type-post","status-publish","format-standard","has-post-thumbnail","hentry","category-obituary"],"aioseo_notices":[],"jetpack_featured_media_url":"https:\/\/www.ja-lesieur.com\/wp-content\/uploads\/2022\/05\/Louise-Brodeur2-Carree-e1653943092125.jpg","jetpack_sharing_enabled":true,"_links":{"self":[{"href":"https:\/\/www.ja-lesieur.com\/en\/wp-json\/wp\/v2\/posts\/11738","targetHints":{"allow":["GET"]}}],"collection":[{"href":"https:\/\/www.ja-lesieur.com\/en\/wp-json\/wp\/v2\/posts"}],"about":[{"href":"https:\/\/www.ja-lesieur.com\/en\/wp-json\/wp\/v2\/types\/post"}],"author":[{"embeddable":true,"href":"https:\/\/www.ja-lesieur.com\/en\/wp-json\/wp\/v2\/users\/1"}],"replies":[{"embeddable":true,"href":"https:\/\/www.ja-lesieur.com\/en\/wp-json\/wp\/v2\/comments?post=11738"}],"version-history":[{"count":0,"href":"https:\/\/www.ja-lesieur.com\/en\/wp-json\/wp\/v2\/posts\/11738\/revisions"}],"wp:featuredmedia":[{"embeddable":true,"href":"https:\/\/www.ja-lesieur.com\/en\/wp-json\/wp\/v2\/media\/11736"}],"wp:attachment":[{"href":"https:\/\/www.ja-lesieur.com\/en\/wp-json\/wp\/v2\/media?parent=11738"}],"wp:term":[{"taxonomy":"category","embeddable":true,"href":"https:\/\/www.ja-lesieur.com\/en\/wp-json\/wp\/v2\/categories?post=11738"},{"taxonomy":"post_tag","embeddable":true,"href":"https:\/\/www.ja-lesieur.com\/en\/wp-json\/wp\/v2\/tags?post=11738"}],"curies":[{"name":"wp","href":"https:\/\/api.w.org\/{rel}","templated":true}]}}