{"id":12073,"date":"2022-08-13T23:59:28","date_gmt":"2022-08-13T23:59:28","guid":{"rendered":"https:\/\/www.ja-lesieur.com\/m-sylvain-pilon-1962-2022\/"},"modified":"2022-08-13T23:59:28","modified_gmt":"2022-08-13T23:59:28","slug":"m-sylvain-pilon-1962-2022","status":"publish","type":"post","link":"https:\/\/www.ja-lesieur.com\/en\/m-sylvain-pilon-1962-2022\/","title":{"rendered":"M. Sylvain Pilon 1962-2022"},"content":{"rendered":"<p>\u00c0 son domicile de St-Jean-de-Matha, le 13 ao\u00fbt 2022, \u00e0 l&#8217;\u00e2ge de 60 ans, est d\u00e9c\u00e9d\u00e9 M. Sylvain Pilon, \u00e9poux de Mme Nicole Brunet et fils de Mme Huguette Felton et de M. \u00c9mile A. Pilon.<\/p>\n<p>Outre son \u00e9pouse et ses parents, il laisse dans le deuil ses enfants\u00a0: Genevi\u00e8ve (Jean-Christophe) et Jean-Louis (\u00c9dith); ses petits-enfants\u00a0: Chlo\u00e9, Abiga\u00ebl, Arthur et Axel; ses fr\u00e8res\u00a0: Vincent (Suzanne) et Bernard (Marie-Claude); sa belle-m\u00e8re\u00a0: Denise Lalonde (feu Andr\u00e9 Brunet); sa belle-s\u0153ur\u00a0: Anne-Marie (Bernard) ainsi que plusieurs neveux, ni\u00e8ces, autres parents et amis.<\/p>\n<p><strong>La famille vous accueillera \u00e0 l&#8217;Auberge \u00c9m\u00e9lie, 331, rue Principale, Sainte-\u00c9m\u00e9lie-de-l&#8217;\u00c9nergie, le samedi 10 septembre 2022 de 10h \u00e0 midi, et de 13 heures \u00e0 17 heures, <\/strong>o\u00f9 breuvages et bouch\u00e9es seront servis afin de c\u00e9l\u00e9brer la vie de Sylvain. Ce sera \u00ab\u00a0f\u00eate au village\u00a0\u00bb!<\/p>\n<p>Pour honorer sa m\u00e9moire, un don \u00e0 la Fondation Cowboys Fringants, d\u00e9di\u00e9e \u00e0 la conservation de la nature, notamment par la plantation d&#8217;arbres, ou \u00e0 la Fondation de l&#8217;H\u00f4pital Maisonneuve-Rosemont pour le d\u00e9partement d&#8217;oncologie est sugg\u00e9r\u00e9. Vous pouvez donner en ligne au\u00a0: <a href=\"http:\/\/www.fondationhmr.ca\/\">www.fondationhmr.ca\/<\/a> ou <a href=\"http:\/\/www.fondation.cowboysfringants.com\">www.fondation.cowboysfringants.com<\/a><\/p>\n<p><strong>L&#8217;Aquamation a eu lieu au Bio-Cr\u00e9matorium du\u00a0:<\/strong><\/p>\n<p style=\"text-align: center;\"><strong>COMPLEXE FUN\u00c9RAIRE<\/strong><\/p>\n<p style=\"text-align: center;\"><strong>LESIEUR<\/strong><\/p>\n<p style=\"text-align: center;\"><strong>60 Boul. Pie IX, Granby, Qc,<\/strong><\/p>\n<p style=\"text-align: center;\"><strong>t\u00e9l: 450-777-1414 t\u00e9lec: 450-777-0999<\/strong><\/p>\n<p style=\"text-align: center;\"><strong>www.lesieur.ca &#8211; info@lesieur.ca<\/strong><\/p>\n<p style=\"text-align: center;\"><strong>Membre de la CTQ<\/strong><\/p>\n<p>&nbsp;<\/p>\n","protected":false},"excerpt":{"rendered":"<p>\u00c0 son domicile de St-Jean-de-Matha, le 13 ao\u00fbt 2022, \u00e0 l&#8217;\u00e2ge de 60 ans, est d\u00e9c\u00e9d\u00e9 M. Sylvain Pilon, \u00e9poux de Mme Nicole Brunet et fils de Mme Huguette Felton et de M. \u00c9mile A. Pilon. Outre son \u00e9pouse et ses parents, il laisse dans le deuil ses enfants\u00a0: Genevi\u00e8ve (Jean-Christophe) et Jean-Louis (\u00c9dith); ses [&hellip;]<\/p>\n","protected":false},"author":1,"featured_media":12071,"comment_status":"closed","ping_status":"closed","sticky":false,"template":"","format":"standard","meta":{"_jetpack_newsletter_access":"","_jetpack_dont_email_post_to_subs":false,"_jetpack_newsletter_tier_id":0,"_jetpack_memberships_contains_paywalled_content":false,"_jetpack_memberships_contains_paid_content":false,"footnotes":""},"categories":[97],"tags":[],"class_list":["post-12073","post","type-post","status-publish","format-standard","has-post-thumbnail","hentry","category-obituary"],"aioseo_notices":[],"aioseo_head":"\n\t\t<!-- All in One SEO 5.0.1.1 - aioseo.com -->\n\t<meta name=\"robots\" content=\"max-image-preview:large\" \/>\n\t<meta name=\"author\" content=\"jalesieur\"\/>\n\t<link rel=\"canonical\" href=\"https:\/\/www.ja-lesieur.com\/en\/m-sylvain-pilon-1962-2022\/\" \/>\n\t<meta name=\"generator\" content=\"All in One SEO (AIOSEO) 5.0.1.1\" \/>\n\t\t<meta property=\"og:locale\" content=\"en_US\" \/>\n\t\t<meta property=\"og:site_name\" content=\"Funeral Complex LeSieur comprehensive services | ja-lesieur.com\" \/>\n\t\t<meta property=\"og:type\" content=\"article\" \/>\n\t\t<meta property=\"og:title\" content=\"M. Sylvain Pilon 1962-2022 | Funeral Complex LeSieur comprehensive services\" \/>\n\t\t<meta property=\"og:url\" content=\"https:\/\/www.ja-lesieur.com\/en\/m-sylvain-pilon-1962-2022\/\" \/>\n\t\t<meta property=\"article:published_time\" content=\"2022-08-13T23:59:28+00:00\" \/>\n\t\t<meta property=\"article:modified_time\" content=\"2022-08-13T23:59:28+00:00\" \/>\n\t\t<script type=\"application\/ld+json\" class=\"aioseo-schema\">\n\t\t\t{\"@context\":\"https:\\\/\\\/schema.org\",\"@graph\":[{\"@type\":\"Article\",\"@id\":\"https:\\\/\\\/www.ja-lesieur.com\\\/en\\\/m-sylvain-pilon-1962-2022\\\/#article\",\"name\":\"M. Sylvain Pilon 1962-2022 | Funeral Complex LeSieur comprehensive services\",\"headline\":\"M. Sylvain Pilon 1962-2022\",\"author\":{\"@id\":\"https:\\\/\\\/www.ja-lesieur.com\\\/en\\\/author\\\/jalesieur\\\/#author\"},\"publisher\":{\"@id\":\"https:\\\/\\\/www.ja-lesieur.com\\\/en\\\/#organization\"},\"image\":{\"@type\":\"ImageObject\",\"url\":\"https:\\\/\\\/www.ja-lesieur.com\\\/wp-content\\\/uploads\\\/2022\\\/08\\\/Sylvain-Pilon-Carre-e1660780948394.jpg\",\"width\":150,\"height\":150},\"datePublished\":\"2022-08-13T23:59:28-04:00\",\"dateModified\":\"2022-08-13T23:59:28-04:00\",\"inLanguage\":\"en-US\",\"mainEntityOfPage\":{\"@id\":\"https:\\\/\\\/www.ja-lesieur.com\\\/en\\\/m-sylvain-pilon-1962-2022\\\/#webpage\"},\"isPartOf\":{\"@id\":\"https:\\\/\\\/www.ja-lesieur.com\\\/en\\\/m-sylvain-pilon-1962-2022\\\/#webpage\"},\"articleSection\":\"Obituary\"},{\"@type\":\"BreadcrumbList\",\"@id\":\"https:\\\/\\\/www.ja-lesieur.com\\\/en\\\/m-sylvain-pilon-1962-2022\\\/#breadcrumblist\",\"itemListElement\":[{\"@type\":\"ListItem\",\"@id\":\"https:\\\/\\\/www.ja-lesieur.com\\\/en\\\/#listItem\",\"position\":1,\"name\":\"Accueil\",\"item\":\"https:\\\/\\\/www.ja-lesieur.com\\\/en\\\/\",\"nextItem\":{\"@type\":\"ListItem\",\"@id\":\"https:\\\/\\\/www.ja-lesieur.com\\\/en\\\/category\\\/obituary\\\/#listItem\",\"name\":\"Obituary\"}},{\"@type\":\"ListItem\",\"@id\":\"https:\\\/\\\/www.ja-lesieur.com\\\/en\\\/category\\\/obituary\\\/#listItem\",\"position\":2,\"name\":\"Obituary\",\"item\":\"https:\\\/\\\/www.ja-lesieur.com\\\/en\\\/category\\\/obituary\\\/\",\"nextItem\":{\"@type\":\"ListItem\",\"@id\":\"https:\\\/\\\/www.ja-lesieur.com\\\/en\\\/m-sylvain-pilon-1962-2022\\\/#listItem\",\"name\":\"M. Sylvain Pilon 1962-2022\"},\"previousItem\":{\"@type\":\"ListItem\",\"@id\":\"https:\\\/\\\/www.ja-lesieur.com\\\/en\\\/#listItem\",\"name\":\"Accueil\"}},{\"@type\":\"ListItem\",\"@id\":\"https:\\\/\\\/www.ja-lesieur.com\\\/en\\\/m-sylvain-pilon-1962-2022\\\/#listItem\",\"position\":3,\"name\":\"M. Sylvain Pilon 1962-2022\",\"previousItem\":{\"@type\":\"ListItem\",\"@id\":\"https:\\\/\\\/www.ja-lesieur.com\\\/en\\\/category\\\/obituary\\\/#listItem\",\"name\":\"Obituary\"}}]},{\"@type\":\"Organization\",\"@id\":\"https:\\\/\\\/www.ja-lesieur.com\\\/en\\\/#organization\",\"name\":\"Complexe fun\\u00e9raire LeSieur\",\"description\":\"ja-lesieur.com\",\"url\":\"https:\\\/\\\/www.ja-lesieur.com\\\/en\\\/\",\"telephone\":\"+18883678471\"},{\"@type\":\"Person\",\"@id\":\"https:\\\/\\\/www.ja-lesieur.com\\\/en\\\/author\\\/jalesieur\\\/#author\",\"url\":\"https:\\\/\\\/www.ja-lesieur.com\\\/en\\\/author\\\/jalesieur\\\/\",\"name\":\"jalesieur\",\"image\":{\"@type\":\"ImageObject\",\"@id\":\"https:\\\/\\\/www.ja-lesieur.com\\\/en\\\/m-sylvain-pilon-1962-2022\\\/#authorImage\",\"url\":\"\\\/\\\/www.gravatar.com\\\/avatar\\\/5afc64bab577539bd90d98b3264ef833?s=96&#038;r=g&#038;d=mm\",\"width\":96,\"height\":96,\"caption\":\"jalesieur\"}},{\"@type\":\"WebPage\",\"@id\":\"https:\\\/\\\/www.ja-lesieur.com\\\/en\\\/m-sylvain-pilon-1962-2022\\\/#webpage\",\"url\":\"https:\\\/\\\/www.ja-lesieur.com\\\/en\\\/m-sylvain-pilon-1962-2022\\\/\",\"name\":\"M. Sylvain Pilon 1962-2022 | Funeral Complex LeSieur comprehensive services\",\"inLanguage\":\"en-US\",\"isPartOf\":{\"@id\":\"https:\\\/\\\/www.ja-lesieur.com\\\/en\\\/#website\"},\"breadcrumb\":{\"@id\":\"https:\\\/\\\/www.ja-lesieur.com\\\/en\\\/m-sylvain-pilon-1962-2022\\\/#breadcrumblist\"},\"author\":{\"@id\":\"https:\\\/\\\/www.ja-lesieur.com\\\/en\\\/author\\\/jalesieur\\\/#author\"},\"creator\":{\"@id\":\"https:\\\/\\\/www.ja-lesieur.com\\\/en\\\/author\\\/jalesieur\\\/#author\"},\"image\":{\"@type\":\"ImageObject\",\"url\":\"https:\\\/\\\/www.ja-lesieur.com\\\/wp-content\\\/uploads\\\/2022\\\/08\\\/Sylvain-Pilon-Carre-e1660780948394.jpg\",\"@id\":\"https:\\\/\\\/www.ja-lesieur.com\\\/en\\\/m-sylvain-pilon-1962-2022\\\/#mainImage\",\"width\":150,\"height\":150},\"primaryImageOfPage\":{\"@id\":\"https:\\\/\\\/www.ja-lesieur.com\\\/en\\\/m-sylvain-pilon-1962-2022\\\/#mainImage\"},\"datePublished\":\"2022-08-13T23:59:28-04:00\",\"dateModified\":\"2022-08-13T23:59:28-04:00\"},{\"@type\":\"WebSite\",\"@id\":\"https:\\\/\\\/www.ja-lesieur.com\\\/en\\\/#website\",\"url\":\"https:\\\/\\\/www.ja-lesieur.com\\\/en\\\/\",\"name\":\"Complexe fun\\u00e9raire LeSieur des services complets\",\"description\":\"ja-lesieur.com\",\"inLanguage\":\"en-US\",\"publisher\":{\"@id\":\"https:\\\/\\\/www.ja-lesieur.com\\\/en\\\/#organization\"}}]}\n\t\t<\/script>\n\t\t<!-- All in One SEO -->\n\n","aioseo_head_json":{"title":"M. Sylvain Pilon 1962-2022 | Funeral Complex LeSieur comprehensive services","description":"","canonical_url":"https:\/\/www.ja-lesieur.com\/en\/m-sylvain-pilon-1962-2022\/","robots":"max-image-preview:large","keywords":"","webmasterTools":{"miscellaneous":""},"schema":{"@context":"https:\/\/schema.org","@graph":[{"@type":"Article","@id":"https:\/\/www.ja-lesieur.com\/en\/m-sylvain-pilon-1962-2022\/#article","name":"M. Sylvain Pilon 1962-2022 | Funeral Complex LeSieur comprehensive services","headline":"M. Sylvain Pilon 1962-2022","author":{"@id":"https:\/\/www.ja-lesieur.com\/en\/author\/jalesieur\/#author"},"publisher":{"@id":"https:\/\/www.ja-lesieur.com\/en\/#organization"},"image":{"@type":"ImageObject","url":"https:\/\/www.ja-lesieur.com\/wp-content\/uploads\/2022\/08\/Sylvain-Pilon-Carre-e1660780948394.jpg","width":150,"height":150},"datePublished":"2022-08-13T23:59:28-04:00","dateModified":"2022-08-13T23:59:28-04:00","inLanguage":"en-US","mainEntityOfPage":{"@id":"https:\/\/www.ja-lesieur.com\/en\/m-sylvain-pilon-1962-2022\/#webpage"},"isPartOf":{"@id":"https:\/\/www.ja-lesieur.com\/en\/m-sylvain-pilon-1962-2022\/#webpage"},"articleSection":"Obituary"},{"@type":"BreadcrumbList","@id":"https:\/\/www.ja-lesieur.com\/en\/m-sylvain-pilon-1962-2022\/#breadcrumblist","itemListElement":[{"@type":"ListItem","@id":"https:\/\/www.ja-lesieur.com\/en\/#listItem","position":1,"name":"Accueil","item":"https:\/\/www.ja-lesieur.com\/en\/","nextItem":{"@type":"ListItem","@id":"https:\/\/www.ja-lesieur.com\/en\/category\/obituary\/#listItem","name":"Obituary"}},{"@type":"ListItem","@id":"https:\/\/www.ja-lesieur.com\/en\/category\/obituary\/#listItem","position":2,"name":"Obituary","item":"https:\/\/www.ja-lesieur.com\/en\/category\/obituary\/","nextItem":{"@type":"ListItem","@id":"https:\/\/www.ja-lesieur.com\/en\/m-sylvain-pilon-1962-2022\/#listItem","name":"M. Sylvain Pilon 1962-2022"},"previousItem":{"@type":"ListItem","@id":"https:\/\/www.ja-lesieur.com\/en\/#listItem","name":"Accueil"}},{"@type":"ListItem","@id":"https:\/\/www.ja-lesieur.com\/en\/m-sylvain-pilon-1962-2022\/#listItem","position":3,"name":"M. Sylvain Pilon 1962-2022","previousItem":{"@type":"ListItem","@id":"https:\/\/www.ja-lesieur.com\/en\/category\/obituary\/#listItem","name":"Obituary"}}]},{"@type":"Organization","@id":"https:\/\/www.ja-lesieur.com\/en\/#organization","name":"Complexe fun\u00e9raire LeSieur","description":"ja-lesieur.com","url":"https:\/\/www.ja-lesieur.com\/en\/","telephone":"+18883678471"},{"@type":"Person","@id":"https:\/\/www.ja-lesieur.com\/en\/author\/jalesieur\/#author","url":"https:\/\/www.ja-lesieur.com\/en\/author\/jalesieur\/","name":"jalesieur","image":{"@type":"ImageObject","@id":"https:\/\/www.ja-lesieur.com\/en\/m-sylvain-pilon-1962-2022\/#authorImage","url":"\/\/www.gravatar.com\/avatar\/5afc64bab577539bd90d98b3264ef833?s=96&#038;r=g&#038;d=mm","width":96,"height":96,"caption":"jalesieur"}},{"@type":"WebPage","@id":"https:\/\/www.ja-lesieur.com\/en\/m-sylvain-pilon-1962-2022\/#webpage","url":"https:\/\/www.ja-lesieur.com\/en\/m-sylvain-pilon-1962-2022\/","name":"M. Sylvain Pilon 1962-2022 | Funeral Complex LeSieur comprehensive services","inLanguage":"en-US","isPartOf":{"@id":"https:\/\/www.ja-lesieur.com\/en\/#website"},"breadcrumb":{"@id":"https:\/\/www.ja-lesieur.com\/en\/m-sylvain-pilon-1962-2022\/#breadcrumblist"},"author":{"@id":"https:\/\/www.ja-lesieur.com\/en\/author\/jalesieur\/#author"},"creator":{"@id":"https:\/\/www.ja-lesieur.com\/en\/author\/jalesieur\/#author"},"image":{"@type":"ImageObject","url":"https:\/\/www.ja-lesieur.com\/wp-content\/uploads\/2022\/08\/Sylvain-Pilon-Carre-e1660780948394.jpg","@id":"https:\/\/www.ja-lesieur.com\/en\/m-sylvain-pilon-1962-2022\/#mainImage","width":150,"height":150},"primaryImageOfPage":{"@id":"https:\/\/www.ja-lesieur.com\/en\/m-sylvain-pilon-1962-2022\/#mainImage"},"datePublished":"2022-08-13T23:59:28-04:00","dateModified":"2022-08-13T23:59:28-04:00"},{"@type":"WebSite","@id":"https:\/\/www.ja-lesieur.com\/en\/#website","url":"https:\/\/www.ja-lesieur.com\/en\/","name":"Complexe fun\u00e9raire LeSieur des services complets","description":"ja-lesieur.com","inLanguage":"en-US","publisher":{"@id":"https:\/\/www.ja-lesieur.com\/en\/#organization"}}]},"og:locale":"en_US","og:site_name":"Funeral Complex LeSieur comprehensive services | ja-lesieur.com","og:type":"article","og:title":"M. Sylvain Pilon 1962-2022 | Funeral Complex LeSieur comprehensive services","og:url":"https:\/\/www.ja-lesieur.com\/en\/m-sylvain-pilon-1962-2022\/","article:published_time":"2022-08-13T23:59:28+00:00","article:modified_time":"2022-08-13T23:59:28+00:00"},"aioseo_meta_data":{"post_id":"12073","title":null,"description":null,"keywords":null,"keyphrases":null,"primary_term":null,"canonical_url":null,"og_title":null,"og_description":null,"og_object_type":"default","og_image_type":"default","og_image_url":null,"og_image_width":null,"og_image_height":null,"og_image_custom_url":null,"og_image_custom_fields":null,"og_video":null,"og_custom_url":null,"og_article_section":null,"og_article_tags":null,"twitter_use_og":false,"twitter_card":"default","twitter_image_type":"default","twitter_image_url":null,"twitter_image_custom_url":null,"twitter_image_custom_fields":null,"twitter_title":null,"twitter_description":null,"schema":{"blockGraphs":[],"customGraphs":[],"default":{"data":{"Article":[],"Course":[],"Dataset":[],"FAQPage":[],"Movie":[],"Person":[],"Product":[],"ProductReview":[],"Car":[],"Recipe":[],"Service":[],"SoftwareApplication":[],"WebPage":[]},"graphName":"","isEnabled":true},"graphs":[]},"schema_type":null,"schema_type_options":null,"pillar_content":false,"robots_default":true,"robots_noindex":false,"robots_noarchive":false,"robots_nosnippet":false,"robots_nofollow":false,"robots_noimageindex":false,"robots_noodp":false,"robots_notranslate":false,"robots_max_snippet":null,"robots_max_videopreview":null,"robots_max_imagepreview":"large","priority":null,"frequency":null,"local_seo":null,"breadcrumb_settings":null,"limit_modified_date":false,"ai":null,"created":"2022-08-18 00:34:40","updated":"2025-06-04 14:36:10","seo_analyzer_scan_date":null,"focus_keyword":null,"additional_keywords":null,"truseo_locale":null},"aioseo_breadcrumb":"<div class=\"aioseo-breadcrumbs\"><span class=\"aioseo-breadcrumb\">\n\t\t\t<a href=\"https:\/\/www.ja-lesieur.com\/en\/\" title=\"Accueil\">Accueil<\/a>\n\t\t<\/span><span class=\"aioseo-breadcrumb-separator\">&raquo;<\/span><span class=\"aioseo-breadcrumb\">\n\t\t\t<a href=\"https:\/\/www.ja-lesieur.com\/en\/category\/obituary\/\" title=\"Obituary\">Obituary<\/a>\n\t\t<\/span><span class=\"aioseo-breadcrumb-separator\">&raquo;<\/span><span class=\"aioseo-breadcrumb\">\n\t\t\tM. Sylvain Pilon 1962-2022\n\t\t<\/span><\/div>","aioseo_breadcrumb_json":[{"label":"Accueil","link":"https:\/\/www.ja-lesieur.com\/en\/"},{"label":"Obituary","link":"https:\/\/www.ja-lesieur.com\/en\/category\/obituary\/"},{"label":"M. Sylvain Pilon 1962-2022","link":"https:\/\/www.ja-lesieur.com\/en\/m-sylvain-pilon-1962-2022\/"}],"jetpack_sharing_enabled":true,"jetpack_featured_media_url":"https:\/\/www.ja-lesieur.com\/wp-content\/uploads\/2022\/08\/Sylvain-Pilon-Carre-e1660780948394.jpg","_links":{"self":[{"href":"https:\/\/www.ja-lesieur.com\/en\/wp-json\/wp\/v2\/posts\/12073","targetHints":{"allow":["GET"]}}],"collection":[{"href":"https:\/\/www.ja-lesieur.com\/en\/wp-json\/wp\/v2\/posts"}],"about":[{"href":"https:\/\/www.ja-lesieur.com\/en\/wp-json\/wp\/v2\/types\/post"}],"author":[{"embeddable":true,"href":"https:\/\/www.ja-lesieur.com\/en\/wp-json\/wp\/v2\/users\/1"}],"replies":[{"embeddable":true,"href":"https:\/\/www.ja-lesieur.com\/en\/wp-json\/wp\/v2\/comments?post=12073"}],"version-history":[{"count":0,"href":"https:\/\/www.ja-lesieur.com\/en\/wp-json\/wp\/v2\/posts\/12073\/revisions"}],"wp:featuredmedia":[{"embeddable":true,"href":"https:\/\/www.ja-lesieur.com\/en\/wp-json\/wp\/v2\/media\/12071"}],"wp:attachment":[{"href":"https:\/\/www.ja-lesieur.com\/en\/wp-json\/wp\/v2\/media?parent=12073"}],"wp:term":[{"taxonomy":"category","embeddable":true,"href":"https:\/\/www.ja-lesieur.com\/en\/wp-json\/wp\/v2\/categories?post=12073"},{"taxonomy":"post_tag","embeddable":true,"href":"https:\/\/www.ja-lesieur.com\/en\/wp-json\/wp\/v2\/tags?post=12073"}],"curies":[{"name":"wp","href":"https:\/\/api.w.org\/{rel}","templated":true}]}}