{"id":12123,"date":"2022-08-30T14:16:44","date_gmt":"2022-08-30T14:16:44","guid":{"rendered":"https:\/\/www.ja-lesieur.com\/nil-girardin-1967-2022\/"},"modified":"2022-09-13T19:26:34","modified_gmt":"2022-09-13T19:26:34","slug":"nil-girardin-1967-2022","status":"publish","type":"post","link":"https:\/\/www.ja-lesieur.com\/en\/nil-girardin-1967-2022\/","title":{"rendered":"M. Nil Girardin 1967-2022"},"content":{"rendered":"<p>Au C.H.G., le 30 ao\u00fbt 2022, \u00e0 l&#8217;\u00e2ge de 54 ans, est d\u00e9c\u00e9d\u00e9 M. Nil Girardin, demeurant \u00e0 Granby.<\/p>\n<p>Il laisse dans le deuil sa m\u00e8re: Denise L\u00e9tourneau (feu Normand Girardin), ses fr\u00e8res et soeurs: Marcelle (Pierre Brien), Ga\u00e9tan, Marc et Donald (Jeanne Kouakou) ainsi que plusieurs neveux, ni\u00e8ces, autres parents et ami(e)s.<\/p>\n<p><strong>L&#8217;Aquamation a eu lieu au Bio-Cr\u00e9matorium Le Sieur de Granby.<\/strong><\/p>\n<p><strong>COMPLEXE FUN\u00c9RAIRE<\/strong><\/p>\n<p><strong>LESIEUR<\/strong><\/p>\n<p><strong>60 Boul. Pie IX, Granby, Qc,<\/strong><\/p>\n<p><strong>t\u00e9l: 450-777-1414 t\u00e9lec: 450-777-0999<\/strong><\/p>\n<p><strong>www.lesieur.ca &#8211; info@lesieur.ca<\/strong><\/p>\n<p><strong>Membre de la CTQ<\/strong><\/p>\n<p>L\u2019urne a \u00e9t\u00e9 d\u00e9pos\u00e9 dans la plus stricte intimit\u00e9 au Columbarium Le Sieur de Granby.<\/p>\n","protected":false},"excerpt":{"rendered":"<p>Au C.H.G., le 30 ao\u00fbt 2022, \u00e0 l&#8217;\u00e2ge de 54 ans, est d\u00e9c\u00e9d\u00e9 M. Nil Girardin, demeurant \u00e0 Granby. Il laisse dans le deuil sa m\u00e8re: Denise L\u00e9tourneau (feu Normand Girardin), ses fr\u00e8res et soeurs: Marcelle (Pierre Brien), Ga\u00e9tan, Marc et Donald (Jeanne Kouakou) ainsi que plusieurs neveux, ni\u00e8ces, autres parents et ami(e)s. L&#8217;Aquamation a [&hellip;]<\/p>\n","protected":false},"author":1,"featured_media":12121,"comment_status":"closed","ping_status":"closed","sticky":false,"template":"","format":"standard","meta":{"_crdt_document":"","_jetpack_memberships_contains_paid_content":false,"footnotes":""},"categories":[97],"tags":[],"class_list":["post-12123","post","type-post","status-publish","format-standard","has-post-thumbnail","hentry","category-obituary"],"aioseo_notices":[],"jetpack_featured_media_url":"https:\/\/www.ja-lesieur.com\/wp-content\/uploads\/2022\/09\/Nil-Girardin-carre-e1662041749622.jpg","jetpack_sharing_enabled":true,"_links":{"self":[{"href":"https:\/\/www.ja-lesieur.com\/en\/wp-json\/wp\/v2\/posts\/12123","targetHints":{"allow":["GET"]}}],"collection":[{"href":"https:\/\/www.ja-lesieur.com\/en\/wp-json\/wp\/v2\/posts"}],"about":[{"href":"https:\/\/www.ja-lesieur.com\/en\/wp-json\/wp\/v2\/types\/post"}],"author":[{"embeddable":true,"href":"https:\/\/www.ja-lesieur.com\/en\/wp-json\/wp\/v2\/users\/1"}],"replies":[{"embeddable":true,"href":"https:\/\/www.ja-lesieur.com\/en\/wp-json\/wp\/v2\/comments?post=12123"}],"version-history":[{"count":2,"href":"https:\/\/www.ja-lesieur.com\/en\/wp-json\/wp\/v2\/posts\/12123\/revisions"}],"predecessor-version":[{"id":12219,"href":"https:\/\/www.ja-lesieur.com\/en\/wp-json\/wp\/v2\/posts\/12123\/revisions\/12219"}],"wp:featuredmedia":[{"embeddable":true,"href":"https:\/\/www.ja-lesieur.com\/en\/wp-json\/wp\/v2\/media\/12121"}],"wp:attachment":[{"href":"https:\/\/www.ja-lesieur.com\/en\/wp-json\/wp\/v2\/media?parent=12123"}],"wp:term":[{"taxonomy":"category","embeddable":true,"href":"https:\/\/www.ja-lesieur.com\/en\/wp-json\/wp\/v2\/categories?post=12123"},{"taxonomy":"post_tag","embeddable":true,"href":"https:\/\/www.ja-lesieur.com\/en\/wp-json\/wp\/v2\/tags?post=12123"}],"curies":[{"name":"wp","href":"https:\/\/api.w.org\/{rel}","templated":true}]}}