{"id":12186,"date":"2022-08-14T12:50:59","date_gmt":"2022-08-14T12:50:59","guid":{"rendered":"https:\/\/www.ja-lesieur.com\/mme-monique-lafleur-1936-2022\/"},"modified":"2022-09-21T17:39:12","modified_gmt":"2022-09-21T17:39:12","slug":"mme-monique-lafleur-1936-2022","status":"publish","type":"post","link":"https:\/\/www.ja-lesieur.com\/en\/mme-monique-lafleur-1936-2022\/","title":{"rendered":"Mme Monique Lafleur 1936-2022"},"content":{"rendered":"<p>Au centre hospitalier Maisonneuve-Rosemont, le 14 ao\u00fbt 2022, \u00e0 l&#8217;\u00e2ge de 86 ans, est d\u00e9c\u00e9d\u00e9e Mme Monique Lafleur, des suites d\u2019un AVC, demeurant \u00e0 Montr\u00e9al.<\/p>\n<p>Elle laisse dans le deuil ses filles bien-aim\u00e9es\u00a0: Marie-France et St\u00e9phanie (Martin Bilodeau), ainsi que sa petite fille ador\u00e9e Ad\u00e8le, autres parents et ami(e)s.<\/p>\n<p>Son d\u00e9part laisse un grand vide dans nos vies, mais sa douceur et sa r\u00e9silience resteront un exemple pour nous.<\/p>\n<p>La famille recevra les t\u00e9moignages de sympathie le samedi 1 Octobre 2022 \u00e0 compter de 13 heures \u00e0 :<\/p>\n<p style=\"text-align: center;\"><strong>\u00c9glise d\u2019Oka<\/strong><\/p>\n<p style=\"text-align: center;\"><strong>181, rue des Anges<\/strong><\/p>\n<p style=\"text-align: center;\"><strong>Oka, Qc\u00a0 J0N 1E0<\/strong><\/p>\n<p style=\"text-align: center;\"><strong>T\u00e9l. : 450 473-7377<\/strong><\/p>\n<p>Le service religieux sera c\u00e9l\u00e9br\u00e9 ce m\u00eame jour \u00e0 14h30, suivi de l\u2019inhumation au cimeti\u00e8re d\u2019Oka.<\/p>\n<p><strong>L&#8217;Aquamation a eu lieu au Bio-Cr\u00e9matorium du\u00a0:<\/strong><\/p>\n<p style=\"text-align: center;\"><strong>COMPLEXE FUN\u00c9RAIRE<\/strong><\/p>\n<p style=\"text-align: center;\"><strong>LESIEUR<\/strong><\/p>\n<p style=\"text-align: center;\"><strong>60 Boul. Pie IX, Granby, Qc,<\/strong><\/p>\n<p style=\"text-align: center;\"><strong>t\u00e9l: 450-777-1414 t\u00e9lec: 450-777-0999<\/strong><\/p>\n<p style=\"text-align: center;\"><strong>www.lesieur.ca &#8211; info@lesieur.ca<\/strong><\/p>\n<p style=\"text-align: center;\"><strong>Membre de la CTQ<\/strong><\/p>\n","protected":false},"excerpt":{"rendered":"<p>Au centre hospitalier Maisonneuve-Rosemont, le 14 ao\u00fbt 2022, \u00e0 l&#8217;\u00e2ge de 86 ans, est d\u00e9c\u00e9d\u00e9e Mme Monique Lafleur, des suites d\u2019un AVC, demeurant \u00e0 Montr\u00e9al. Elle laisse dans le deuil ses filles bien-aim\u00e9es\u00a0: Marie-France et St\u00e9phanie (Martin Bilodeau), ainsi que sa petite fille ador\u00e9e Ad\u00e8le, autres parents et ami(e)s. Son d\u00e9part laisse un grand vide [&hellip;]<\/p>\n","protected":false},"author":1,"featured_media":12199,"comment_status":"closed","ping_status":"closed","sticky":false,"template":"","format":"standard","meta":{"_crdt_document":"","_jetpack_memberships_contains_paid_content":false,"footnotes":""},"categories":[97],"tags":[],"class_list":["post-12186","post","type-post","status-publish","format-standard","has-post-thumbnail","hentry","category-obituary"],"aioseo_notices":[],"jetpack_featured_media_url":"https:\/\/www.ja-lesieur.com\/wp-content\/uploads\/2022\/08\/Monique-Lafleur-carre-1-e1662651626258.jpg","jetpack_sharing_enabled":true,"_links":{"self":[{"href":"https:\/\/www.ja-lesieur.com\/en\/wp-json\/wp\/v2\/posts\/12186","targetHints":{"allow":["GET"]}}],"collection":[{"href":"https:\/\/www.ja-lesieur.com\/en\/wp-json\/wp\/v2\/posts"}],"about":[{"href":"https:\/\/www.ja-lesieur.com\/en\/wp-json\/wp\/v2\/types\/post"}],"author":[{"embeddable":true,"href":"https:\/\/www.ja-lesieur.com\/en\/wp-json\/wp\/v2\/users\/1"}],"replies":[{"embeddable":true,"href":"https:\/\/www.ja-lesieur.com\/en\/wp-json\/wp\/v2\/comments?post=12186"}],"version-history":[{"count":3,"href":"https:\/\/www.ja-lesieur.com\/en\/wp-json\/wp\/v2\/posts\/12186\/revisions"}],"predecessor-version":[{"id":12243,"href":"https:\/\/www.ja-lesieur.com\/en\/wp-json\/wp\/v2\/posts\/12186\/revisions\/12243"}],"wp:featuredmedia":[{"embeddable":true,"href":"https:\/\/www.ja-lesieur.com\/en\/wp-json\/wp\/v2\/media\/12199"}],"wp:attachment":[{"href":"https:\/\/www.ja-lesieur.com\/en\/wp-json\/wp\/v2\/media?parent=12186"}],"wp:term":[{"taxonomy":"category","embeddable":true,"href":"https:\/\/www.ja-lesieur.com\/en\/wp-json\/wp\/v2\/categories?post=12186"},{"taxonomy":"post_tag","embeddable":true,"href":"https:\/\/www.ja-lesieur.com\/en\/wp-json\/wp\/v2\/tags?post=12186"}],"curies":[{"name":"wp","href":"https:\/\/api.w.org\/{rel}","templated":true}]}}