{"id":12240,"date":"2022-09-17T19:56:06","date_gmt":"2022-09-17T19:56:06","guid":{"rendered":"https:\/\/www.ja-lesieur.com\/m-michel-lussier-1976-2022\/"},"modified":"2022-09-19T19:57:10","modified_gmt":"2022-09-19T19:57:10","slug":"m-michel-lussier-1976-2022","status":"publish","type":"post","link":"https:\/\/www.ja-lesieur.com\/en\/m-michel-lussier-1976-2022\/","title":{"rendered":"M. Michel Lussier 1976-2022"},"content":{"rendered":"<p>Au C.H. de Granby, le 17 septembre 2022, entour\u00e9 de sa ch\u00e8re Maman, sa cousine Genevi\u00e8ve et de ses amis proches \u00e0 l&#8217;\u00e2ge de 46 ans, est d\u00e9c\u00e9d\u00e9 M. Michel Lussier, demeurant \u00e0 Granby.<\/p>\n<p>Il laisse dans le deuil sa m\u00e8re: Rachel Gaucher (feu L\u00e9o Lussier) ainsi que plusieurs oncles, tantes, cousins, cousines, coll\u00e8gues de travail, autres parents et ami(e)s.<\/p>\n<p><strong>L&#8217;Aquamation a eu lieu au Bio-Cr\u00e9matorium Le Sieur de Granby.<\/strong><\/p>\n<p><strong>COMPLEXE FUN\u00c9RAIRE<\/strong><\/p>\n<p><strong>LESIEUR<\/strong><\/p>\n<p><strong>60 Boul. Pie IX, Granby, Qc,<\/strong><\/p>\n<p><strong>t\u00e9l: 450-777-1414 t\u00e9lec: 450-777-0999<\/strong><\/p>\n<p><strong>www.lesieur.ca &#8211; info@lesieur.ca<\/strong><\/p>\n<p><strong>Membre de la CTQ<\/strong><\/p>\n<p>Afin de respecter les derni\u00e8res volont\u00e9s de M. Michel Lussier, il n&#8217;y aura pas d&#8217;exposition, son urne sera d\u00e9pos\u00e9e au Columbarium Le Sieur \u00e0 une date ult\u00e9rieure en toute intimit\u00e9.<\/p>\n<p>La famille d\u00e9sire remercier sinc\u00e8rement le docteur Philippe Robichaud, le personnel du 5<sup>e<\/sup> \u00e9tages du CHG et la direction de Gelpac de Marieville.<\/p>\n<p>Des dons \u00e0 Diab\u00e8te Qu\u00e9bec serait appr\u00e9ci\u00e9. <a href=\"http:\/\/www.diabete.qc.ca\/\">http:\/\/www.diabete.qc.ca\/<\/a><\/p>\n<p>&nbsp;<\/p>\n","protected":false},"excerpt":{"rendered":"<p>Au C.H. de Granby, le 17 septembre 2022, entour\u00e9 de sa ch\u00e8re Maman, sa cousine Genevi\u00e8ve et de ses amis proches \u00e0 l&#8217;\u00e2ge de 46 ans, est d\u00e9c\u00e9d\u00e9 M. Michel Lussier, demeurant \u00e0 Granby. Il laisse dans le deuil sa m\u00e8re: Rachel Gaucher (feu L\u00e9o Lussier) ainsi que plusieurs oncles, tantes, cousins, cousines, coll\u00e8gues de [&hellip;]<\/p>\n","protected":false},"author":1,"featured_media":12238,"comment_status":"closed","ping_status":"closed","sticky":false,"template":"","format":"standard","meta":{"_jetpack_newsletter_access":"","_jetpack_dont_email_post_to_subs":false,"_jetpack_newsletter_tier_id":0,"_jetpack_memberships_contains_paywalled_content":false,"_jetpack_memberships_contains_paid_content":false,"footnotes":""},"categories":[97],"tags":[],"class_list":["post-12240","post","type-post","status-publish","format-standard","has-post-thumbnail","hentry","category-obituary"],"aioseo_notices":[],"aioseo_head":"\n\t\t<!-- All in One SEO 5.0.1.1 - aioseo.com -->\n\t<meta name=\"description\" content=\"Au C.H. de Granby, le 17 septembre 2022, entour\u00e9 de sa ch\u00e8re Maman, sa cousine Genevi\u00e8ve et de ses amis proches \u00e0 l&#039;\u00e2ge de 46 ans, est d\u00e9c\u00e9d\u00e9 M. Michel Lussier, demeurant \u00e0 Granby. Il laisse dans le deuil sa m\u00e8re: Rachel Gaucher (feu L\u00e9o Lussier) ainsi que plusieurs oncles, tantes, cousins, cousines, coll\u00e8gues de\" \/>\n\t<meta name=\"robots\" content=\"max-image-preview:large\" \/>\n\t<meta name=\"author\" content=\"jalesieur\"\/>\n\t<link rel=\"canonical\" href=\"https:\/\/www.ja-lesieur.com\/en\/m-michel-lussier-1976-2022\/\" \/>\n\t<meta name=\"generator\" content=\"All in One SEO (AIOSEO) 5.0.1.1\" \/>\n\t\t<meta property=\"og:locale\" content=\"en_US\" \/>\n\t\t<meta property=\"og:site_name\" content=\"Funeral Complex LeSieur comprehensive services | ja-lesieur.com\" \/>\n\t\t<meta property=\"og:type\" content=\"article\" \/>\n\t\t<meta property=\"og:title\" content=\"M. Michel Lussier 1976-2022 | Funeral Complex LeSieur comprehensive services\" \/>\n\t\t<meta property=\"og:description\" content=\"Au C.H. de Granby, le 17 septembre 2022, entour\u00e9 de sa ch\u00e8re Maman, sa cousine Genevi\u00e8ve et de ses amis proches \u00e0 l&#039;\u00e2ge de 46 ans, est d\u00e9c\u00e9d\u00e9 M. Michel Lussier, demeurant \u00e0 Granby. Il laisse dans le deuil sa m\u00e8re: Rachel Gaucher (feu L\u00e9o Lussier) ainsi que plusieurs oncles, tantes, cousins, cousines, coll\u00e8gues de\" \/>\n\t\t<meta property=\"og:url\" content=\"https:\/\/www.ja-lesieur.com\/en\/m-michel-lussier-1976-2022\/\" \/>\n\t\t<meta property=\"article:published_time\" content=\"2022-09-17T19:56:06+00:00\" \/>\n\t\t<meta property=\"article:modified_time\" content=\"2022-09-19T19:57:10+00:00\" \/>\n\t\t<script type=\"application\/ld+json\" class=\"aioseo-schema\">\n\t\t\t{\"@context\":\"https:\\\/\\\/schema.org\",\"@graph\":[{\"@type\":\"Article\",\"@id\":\"https:\\\/\\\/www.ja-lesieur.com\\\/en\\\/m-michel-lussier-1976-2022\\\/#article\",\"name\":\"M. Michel Lussier 1976-2022 | Funeral Complex LeSieur comprehensive services\",\"headline\":\"M. Michel Lussier 1976-2022\",\"author\":{\"@id\":\"https:\\\/\\\/www.ja-lesieur.com\\\/en\\\/author\\\/jalesieur\\\/#author\"},\"publisher\":{\"@id\":\"https:\\\/\\\/www.ja-lesieur.com\\\/en\\\/#organization\"},\"image\":{\"@type\":\"ImageObject\",\"url\":\"https:\\\/\\\/www.ja-lesieur.com\\\/wp-content\\\/uploads\\\/2022\\\/09\\\/Michel-Lussier-carre-e1663617316149.png\",\"width\":150,\"height\":150},\"datePublished\":\"2022-09-17T19:56:06-04:00\",\"dateModified\":\"2022-09-19T19:57:10-04:00\",\"inLanguage\":\"en-US\",\"mainEntityOfPage\":{\"@id\":\"https:\\\/\\\/www.ja-lesieur.com\\\/en\\\/m-michel-lussier-1976-2022\\\/#webpage\"},\"isPartOf\":{\"@id\":\"https:\\\/\\\/www.ja-lesieur.com\\\/en\\\/m-michel-lussier-1976-2022\\\/#webpage\"},\"articleSection\":\"Obituary\"},{\"@type\":\"BreadcrumbList\",\"@id\":\"https:\\\/\\\/www.ja-lesieur.com\\\/en\\\/m-michel-lussier-1976-2022\\\/#breadcrumblist\",\"itemListElement\":[{\"@type\":\"ListItem\",\"@id\":\"https:\\\/\\\/www.ja-lesieur.com\\\/en\\\/#listItem\",\"position\":1,\"name\":\"Accueil\",\"item\":\"https:\\\/\\\/www.ja-lesieur.com\\\/en\\\/\",\"nextItem\":{\"@type\":\"ListItem\",\"@id\":\"https:\\\/\\\/www.ja-lesieur.com\\\/en\\\/category\\\/obituary\\\/#listItem\",\"name\":\"Obituary\"}},{\"@type\":\"ListItem\",\"@id\":\"https:\\\/\\\/www.ja-lesieur.com\\\/en\\\/category\\\/obituary\\\/#listItem\",\"position\":2,\"name\":\"Obituary\",\"item\":\"https:\\\/\\\/www.ja-lesieur.com\\\/en\\\/category\\\/obituary\\\/\",\"nextItem\":{\"@type\":\"ListItem\",\"@id\":\"https:\\\/\\\/www.ja-lesieur.com\\\/en\\\/m-michel-lussier-1976-2022\\\/#listItem\",\"name\":\"M. Michel Lussier 1976-2022\"},\"previousItem\":{\"@type\":\"ListItem\",\"@id\":\"https:\\\/\\\/www.ja-lesieur.com\\\/en\\\/#listItem\",\"name\":\"Accueil\"}},{\"@type\":\"ListItem\",\"@id\":\"https:\\\/\\\/www.ja-lesieur.com\\\/en\\\/m-michel-lussier-1976-2022\\\/#listItem\",\"position\":3,\"name\":\"M. Michel Lussier 1976-2022\",\"previousItem\":{\"@type\":\"ListItem\",\"@id\":\"https:\\\/\\\/www.ja-lesieur.com\\\/en\\\/category\\\/obituary\\\/#listItem\",\"name\":\"Obituary\"}}]},{\"@type\":\"Organization\",\"@id\":\"https:\\\/\\\/www.ja-lesieur.com\\\/en\\\/#organization\",\"name\":\"Complexe fun\\u00e9raire LeSieur\",\"description\":\"ja-lesieur.com\",\"url\":\"https:\\\/\\\/www.ja-lesieur.com\\\/en\\\/\",\"telephone\":\"+18883678471\"},{\"@type\":\"Person\",\"@id\":\"https:\\\/\\\/www.ja-lesieur.com\\\/en\\\/author\\\/jalesieur\\\/#author\",\"url\":\"https:\\\/\\\/www.ja-lesieur.com\\\/en\\\/author\\\/jalesieur\\\/\",\"name\":\"jalesieur\",\"image\":{\"@type\":\"ImageObject\",\"@id\":\"https:\\\/\\\/www.ja-lesieur.com\\\/en\\\/m-michel-lussier-1976-2022\\\/#authorImage\",\"url\":\"\\\/\\\/www.gravatar.com\\\/avatar\\\/5afc64bab577539bd90d98b3264ef833?s=96&#038;r=g&#038;d=mm\",\"width\":96,\"height\":96,\"caption\":\"jalesieur\"}},{\"@type\":\"WebPage\",\"@id\":\"https:\\\/\\\/www.ja-lesieur.com\\\/en\\\/m-michel-lussier-1976-2022\\\/#webpage\",\"url\":\"https:\\\/\\\/www.ja-lesieur.com\\\/en\\\/m-michel-lussier-1976-2022\\\/\",\"name\":\"M. Michel Lussier 1976-2022 | Funeral Complex LeSieur comprehensive services\",\"description\":\"Au C.H. de Granby, le 17 septembre 2022, entour\\u00e9 de sa ch\\u00e8re Maman, sa cousine Genevi\\u00e8ve et de ses amis proches \\u00e0 l'\\u00e2ge de 46 ans, est d\\u00e9c\\u00e9d\\u00e9 M. Michel Lussier, demeurant \\u00e0 Granby. Il laisse dans le deuil sa m\\u00e8re: Rachel Gaucher (feu L\\u00e9o Lussier) ainsi que plusieurs oncles, tantes, cousins, cousines, coll\\u00e8gues de\",\"inLanguage\":\"en-US\",\"isPartOf\":{\"@id\":\"https:\\\/\\\/www.ja-lesieur.com\\\/en\\\/#website\"},\"breadcrumb\":{\"@id\":\"https:\\\/\\\/www.ja-lesieur.com\\\/en\\\/m-michel-lussier-1976-2022\\\/#breadcrumblist\"},\"author\":{\"@id\":\"https:\\\/\\\/www.ja-lesieur.com\\\/en\\\/author\\\/jalesieur\\\/#author\"},\"creator\":{\"@id\":\"https:\\\/\\\/www.ja-lesieur.com\\\/en\\\/author\\\/jalesieur\\\/#author\"},\"image\":{\"@type\":\"ImageObject\",\"url\":\"https:\\\/\\\/www.ja-lesieur.com\\\/wp-content\\\/uploads\\\/2022\\\/09\\\/Michel-Lussier-carre-e1663617316149.png\",\"@id\":\"https:\\\/\\\/www.ja-lesieur.com\\\/en\\\/m-michel-lussier-1976-2022\\\/#mainImage\",\"width\":150,\"height\":150},\"primaryImageOfPage\":{\"@id\":\"https:\\\/\\\/www.ja-lesieur.com\\\/en\\\/m-michel-lussier-1976-2022\\\/#mainImage\"},\"datePublished\":\"2022-09-17T19:56:06-04:00\",\"dateModified\":\"2022-09-19T19:57:10-04:00\"},{\"@type\":\"WebSite\",\"@id\":\"https:\\\/\\\/www.ja-lesieur.com\\\/en\\\/#website\",\"url\":\"https:\\\/\\\/www.ja-lesieur.com\\\/en\\\/\",\"name\":\"Complexe fun\\u00e9raire LeSieur des services complets\",\"description\":\"ja-lesieur.com\",\"inLanguage\":\"en-US\",\"publisher\":{\"@id\":\"https:\\\/\\\/www.ja-lesieur.com\\\/en\\\/#organization\"}}]}\n\t\t<\/script>\n\t\t<!-- All in One SEO -->\n\n","aioseo_head_json":{"title":"M. Michel Lussier 1976-2022 | Funeral Complex LeSieur comprehensive services","description":"Au C.H. de Granby, le 17 septembre 2022, entour\u00e9 de sa ch\u00e8re Maman, sa cousine Genevi\u00e8ve et de ses amis proches \u00e0 l'\u00e2ge de 46 ans, est d\u00e9c\u00e9d\u00e9 M. Michel Lussier, demeurant \u00e0 Granby. Il laisse dans le deuil sa m\u00e8re: Rachel Gaucher (feu L\u00e9o Lussier) ainsi que plusieurs oncles, tantes, cousins, cousines, coll\u00e8gues de","canonical_url":"https:\/\/www.ja-lesieur.com\/en\/m-michel-lussier-1976-2022\/","robots":"max-image-preview:large","keywords":"","webmasterTools":{"miscellaneous":""},"schema":{"@context":"https:\/\/schema.org","@graph":[{"@type":"Article","@id":"https:\/\/www.ja-lesieur.com\/en\/m-michel-lussier-1976-2022\/#article","name":"M. Michel Lussier 1976-2022 | Funeral Complex LeSieur comprehensive services","headline":"M. Michel Lussier 1976-2022","author":{"@id":"https:\/\/www.ja-lesieur.com\/en\/author\/jalesieur\/#author"},"publisher":{"@id":"https:\/\/www.ja-lesieur.com\/en\/#organization"},"image":{"@type":"ImageObject","url":"https:\/\/www.ja-lesieur.com\/wp-content\/uploads\/2022\/09\/Michel-Lussier-carre-e1663617316149.png","width":150,"height":150},"datePublished":"2022-09-17T19:56:06-04:00","dateModified":"2022-09-19T19:57:10-04:00","inLanguage":"en-US","mainEntityOfPage":{"@id":"https:\/\/www.ja-lesieur.com\/en\/m-michel-lussier-1976-2022\/#webpage"},"isPartOf":{"@id":"https:\/\/www.ja-lesieur.com\/en\/m-michel-lussier-1976-2022\/#webpage"},"articleSection":"Obituary"},{"@type":"BreadcrumbList","@id":"https:\/\/www.ja-lesieur.com\/en\/m-michel-lussier-1976-2022\/#breadcrumblist","itemListElement":[{"@type":"ListItem","@id":"https:\/\/www.ja-lesieur.com\/en\/#listItem","position":1,"name":"Accueil","item":"https:\/\/www.ja-lesieur.com\/en\/","nextItem":{"@type":"ListItem","@id":"https:\/\/www.ja-lesieur.com\/en\/category\/obituary\/#listItem","name":"Obituary"}},{"@type":"ListItem","@id":"https:\/\/www.ja-lesieur.com\/en\/category\/obituary\/#listItem","position":2,"name":"Obituary","item":"https:\/\/www.ja-lesieur.com\/en\/category\/obituary\/","nextItem":{"@type":"ListItem","@id":"https:\/\/www.ja-lesieur.com\/en\/m-michel-lussier-1976-2022\/#listItem","name":"M. Michel Lussier 1976-2022"},"previousItem":{"@type":"ListItem","@id":"https:\/\/www.ja-lesieur.com\/en\/#listItem","name":"Accueil"}},{"@type":"ListItem","@id":"https:\/\/www.ja-lesieur.com\/en\/m-michel-lussier-1976-2022\/#listItem","position":3,"name":"M. Michel Lussier 1976-2022","previousItem":{"@type":"ListItem","@id":"https:\/\/www.ja-lesieur.com\/en\/category\/obituary\/#listItem","name":"Obituary"}}]},{"@type":"Organization","@id":"https:\/\/www.ja-lesieur.com\/en\/#organization","name":"Complexe fun\u00e9raire LeSieur","description":"ja-lesieur.com","url":"https:\/\/www.ja-lesieur.com\/en\/","telephone":"+18883678471"},{"@type":"Person","@id":"https:\/\/www.ja-lesieur.com\/en\/author\/jalesieur\/#author","url":"https:\/\/www.ja-lesieur.com\/en\/author\/jalesieur\/","name":"jalesieur","image":{"@type":"ImageObject","@id":"https:\/\/www.ja-lesieur.com\/en\/m-michel-lussier-1976-2022\/#authorImage","url":"\/\/www.gravatar.com\/avatar\/5afc64bab577539bd90d98b3264ef833?s=96&#038;r=g&#038;d=mm","width":96,"height":96,"caption":"jalesieur"}},{"@type":"WebPage","@id":"https:\/\/www.ja-lesieur.com\/en\/m-michel-lussier-1976-2022\/#webpage","url":"https:\/\/www.ja-lesieur.com\/en\/m-michel-lussier-1976-2022\/","name":"M. Michel Lussier 1976-2022 | Funeral Complex LeSieur comprehensive services","description":"Au C.H. de Granby, le 17 septembre 2022, entour\u00e9 de sa ch\u00e8re Maman, sa cousine Genevi\u00e8ve et de ses amis proches \u00e0 l'\u00e2ge de 46 ans, est d\u00e9c\u00e9d\u00e9 M. Michel Lussier, demeurant \u00e0 Granby. Il laisse dans le deuil sa m\u00e8re: Rachel Gaucher (feu L\u00e9o Lussier) ainsi que plusieurs oncles, tantes, cousins, cousines, coll\u00e8gues de","inLanguage":"en-US","isPartOf":{"@id":"https:\/\/www.ja-lesieur.com\/en\/#website"},"breadcrumb":{"@id":"https:\/\/www.ja-lesieur.com\/en\/m-michel-lussier-1976-2022\/#breadcrumblist"},"author":{"@id":"https:\/\/www.ja-lesieur.com\/en\/author\/jalesieur\/#author"},"creator":{"@id":"https:\/\/www.ja-lesieur.com\/en\/author\/jalesieur\/#author"},"image":{"@type":"ImageObject","url":"https:\/\/www.ja-lesieur.com\/wp-content\/uploads\/2022\/09\/Michel-Lussier-carre-e1663617316149.png","@id":"https:\/\/www.ja-lesieur.com\/en\/m-michel-lussier-1976-2022\/#mainImage","width":150,"height":150},"primaryImageOfPage":{"@id":"https:\/\/www.ja-lesieur.com\/en\/m-michel-lussier-1976-2022\/#mainImage"},"datePublished":"2022-09-17T19:56:06-04:00","dateModified":"2022-09-19T19:57:10-04:00"},{"@type":"WebSite","@id":"https:\/\/www.ja-lesieur.com\/en\/#website","url":"https:\/\/www.ja-lesieur.com\/en\/","name":"Complexe fun\u00e9raire LeSieur des services complets","description":"ja-lesieur.com","inLanguage":"en-US","publisher":{"@id":"https:\/\/www.ja-lesieur.com\/en\/#organization"}}]},"og:locale":"en_US","og:site_name":"Funeral Complex LeSieur comprehensive services | ja-lesieur.com","og:type":"article","og:title":"M. Michel Lussier 1976-2022 | Funeral Complex LeSieur comprehensive services","og:description":"Au C.H. de Granby, le 17 septembre 2022, entour\u00e9 de sa ch\u00e8re Maman, sa cousine Genevi\u00e8ve et de ses amis proches \u00e0 l'\u00e2ge de 46 ans, est d\u00e9c\u00e9d\u00e9 M. Michel Lussier, demeurant \u00e0 Granby. Il laisse dans le deuil sa m\u00e8re: Rachel Gaucher (feu L\u00e9o Lussier) ainsi que plusieurs oncles, tantes, cousins, cousines, coll\u00e8gues de","og:url":"https:\/\/www.ja-lesieur.com\/en\/m-michel-lussier-1976-2022\/","article:published_time":"2022-09-17T19:56:06+00:00","article:modified_time":"2022-09-19T19:57:10+00:00"},"aioseo_meta_data":{"post_id":"12240","title":"#post_title | #site_title","description":"#post_excerpt","keywords":[],"keyphrases":{"focus":[],"additional":[]},"primary_term":null,"canonical_url":null,"og_title":null,"og_description":null,"og_object_type":"default","og_image_type":"default","og_image_url":null,"og_image_width":null,"og_image_height":null,"og_image_custom_url":null,"og_image_custom_fields":null,"og_video":"","og_custom_url":null,"og_article_section":null,"og_article_tags":[],"twitter_use_og":false,"twitter_card":"default","twitter_image_type":"default","twitter_image_url":null,"twitter_image_custom_url":null,"twitter_image_custom_fields":null,"twitter_title":null,"twitter_description":null,"schema":{"blockGraphs":[],"customGraphs":[],"default":{"data":{"Article":{"id":"aioseo-article-637d2fce903d8","slug":"article","graphName":"Article","label":"Article","properties":{"type":"BlogPosting","name":"#post_title","headline":"#post_title","description":"#post_excerpt","image":"","keywords":"","author":{"name":"#author_name","url":"#author_url"},"dates":{"include":true,"datePublished":"","dateModified":""}}},"Course":[],"Dataset":[],"FAQPage":[],"Movie":[],"Person":[],"Product":[],"ProductReview":[],"Car":[],"Recipe":[],"Service":[],"SoftwareApplication":[],"WebPage":[]},"graphName":"Article","isEnabled":true},"graphs":[]},"schema_type":"default","schema_type_options":"{\"article\":{\"articleType\":\"BlogPosting\"},\"course\":{\"name\":\"\",\"description\":\"\",\"provider\":\"\"},\"faq\":{\"pages\":[]},\"product\":{\"reviews\":[]},\"recipe\":{\"ingredients\":[],\"instructions\":[],\"keywords\":[]},\"software\":{\"reviews\":[],\"operatingSystems\":[]},\"webPage\":{\"webPageType\":\"WebPage\"}}","pillar_content":false,"robots_default":true,"robots_noindex":false,"robots_noarchive":false,"robots_nosnippet":false,"robots_nofollow":false,"robots_noimageindex":false,"robots_noodp":false,"robots_notranslate":false,"robots_max_snippet":"-1","robots_max_videopreview":"-1","robots_max_imagepreview":"large","priority":null,"frequency":"default","local_seo":null,"breadcrumb_settings":null,"limit_modified_date":false,"ai":null,"created":"2022-09-19 19:57:10","updated":"2025-06-04 14:40:13","seo_analyzer_scan_date":null,"focus_keyword":null,"additional_keywords":null,"truseo_locale":null},"aioseo_breadcrumb":"<div class=\"aioseo-breadcrumbs\"><span class=\"aioseo-breadcrumb\">\n\t\t\t<a href=\"https:\/\/www.ja-lesieur.com\/en\/\" title=\"Accueil\">Accueil<\/a>\n\t\t<\/span><span class=\"aioseo-breadcrumb-separator\">&raquo;<\/span><span class=\"aioseo-breadcrumb\">\n\t\t\t<a href=\"https:\/\/www.ja-lesieur.com\/en\/category\/obituary\/\" title=\"Obituary\">Obituary<\/a>\n\t\t<\/span><span class=\"aioseo-breadcrumb-separator\">&raquo;<\/span><span class=\"aioseo-breadcrumb\">\n\t\t\tM. Michel Lussier 1976-2022\n\t\t<\/span><\/div>","aioseo_breadcrumb_json":[{"label":"Accueil","link":"https:\/\/www.ja-lesieur.com\/en\/"},{"label":"Obituary","link":"https:\/\/www.ja-lesieur.com\/en\/category\/obituary\/"},{"label":"M. Michel Lussier 1976-2022","link":"https:\/\/www.ja-lesieur.com\/en\/m-michel-lussier-1976-2022\/"}],"jetpack_sharing_enabled":true,"jetpack_featured_media_url":"https:\/\/www.ja-lesieur.com\/wp-content\/uploads\/2022\/09\/Michel-Lussier-carre-e1663617316149.png","_links":{"self":[{"href":"https:\/\/www.ja-lesieur.com\/en\/wp-json\/wp\/v2\/posts\/12240","targetHints":{"allow":["GET"]}}],"collection":[{"href":"https:\/\/www.ja-lesieur.com\/en\/wp-json\/wp\/v2\/posts"}],"about":[{"href":"https:\/\/www.ja-lesieur.com\/en\/wp-json\/wp\/v2\/types\/post"}],"author":[{"embeddable":true,"href":"https:\/\/www.ja-lesieur.com\/en\/wp-json\/wp\/v2\/users\/1"}],"replies":[{"embeddable":true,"href":"https:\/\/www.ja-lesieur.com\/en\/wp-json\/wp\/v2\/comments?post=12240"}],"version-history":[{"count":1,"href":"https:\/\/www.ja-lesieur.com\/en\/wp-json\/wp\/v2\/posts\/12240\/revisions"}],"predecessor-version":[{"id":12241,"href":"https:\/\/www.ja-lesieur.com\/en\/wp-json\/wp\/v2\/posts\/12240\/revisions\/12241"}],"wp:featuredmedia":[{"embeddable":true,"href":"https:\/\/www.ja-lesieur.com\/en\/wp-json\/wp\/v2\/media\/12238"}],"wp:attachment":[{"href":"https:\/\/www.ja-lesieur.com\/en\/wp-json\/wp\/v2\/media?parent=12240"}],"wp:term":[{"taxonomy":"category","embeddable":true,"href":"https:\/\/www.ja-lesieur.com\/en\/wp-json\/wp\/v2\/categories?post=12240"},{"taxonomy":"post_tag","embeddable":true,"href":"https:\/\/www.ja-lesieur.com\/en\/wp-json\/wp\/v2\/tags?post=12240"}],"curies":[{"name":"wp","href":"https:\/\/api.w.org\/{rel}","templated":true}]}}