{"id":12301,"date":"2022-09-24T13:58:47","date_gmt":"2022-09-24T13:58:47","guid":{"rendered":"https:\/\/www.ja-lesieur.com\/mme-germaine-laporte-1938-2022\/"},"modified":"2022-09-24T13:58:47","modified_gmt":"2022-09-24T13:58:47","slug":"mme-germaine-laporte-1938-2022","status":"publish","type":"post","link":"https:\/\/www.ja-lesieur.com\/en\/mme-germaine-laporte-1938-2022\/","title":{"rendered":"Mme Germaine Laporte 1938-2022"},"content":{"rendered":"<p>\u00c0 Granby, le 24 septembre 2022, \u00e0 l&#8217;\u00e2ge de 84 ans, est d\u00e9c\u00e9d\u00e9e Mme Germaine Laporte, demeurant \u00e0 la R\u00e9sidence Landry.<\/p>\n<p>Elle laisse dans le deuil ses enfants: Suzie Pion (Claude Girouard), St\u00e9phane Pion; ses petits-enfants: Thierry Pion-Girouard (St\u00e9phanie Bousquet), Mathieu Pion-M\u00e9nard (Roxanne Bissonnette), Laurence Pion-Girouard (Alexis Tremblay); ses arri\u00e8re-petits-enfants: Lo\u00efc, Alexis et Julianne ainsi que plusieurs autres parents et ami(e)s.<\/p>\n<p><strong>La famille vous accueillera le jeudi 29 septembre 2022 de 19 \u00e0 21 heures et le vendredi 30 septembre 2022<\/strong> <strong>de 9 heures jusqu&#8217;\u00e0 10h45 au Complexe fun\u00e9raire Le Sieur\u00a0:<\/strong><\/p>\n<p style=\"text-align: center;\"><strong>COMPLEXE FUN\u00c9RAIRE<\/strong><\/p>\n<p style=\"text-align: center;\"><strong>LESIEUR<\/strong><\/p>\n<p style=\"text-align: center;\"><strong>60 Boul. Pie IX, Granby, Qc,<\/strong><\/p>\n<p style=\"text-align: center;\"><strong>t\u00e9l: 450-777-1414 t\u00e9lec: 450-777-0999<\/strong><\/p>\n<p style=\"text-align: center;\"><strong>www.lesieur.ca &#8211; info@lesieur.ca<\/strong><\/p>\n<p style=\"text-align: center;\"><strong>Membre de la CTQ<\/strong><\/p>\n<p>Le service religieux sera c\u00e9l\u00e9br\u00e9 le vendredi 30 septembre 2022 \u00e0 11 heures en l&#8217;\u00e9glise St-Luc, suivi de l\u2019inhumation au cimeti\u00e8re de Waterloo.<\/p>\n<p>Des dons \u00e0 la Soci\u00e9t\u00e9 Canadienne du Cancer seraient appr\u00e9ci\u00e9s.<\/p>\n<p>La famille d\u00e9sire remercier le personnel du 5e Ouest du CHG pour les bons soins prodigu\u00e9s \u00e0 Mme Laporte.<\/p>\n","protected":false},"excerpt":{"rendered":"<p>\u00c0 Granby, le 24 septembre 2022, \u00e0 l&#8217;\u00e2ge de 84 ans, est d\u00e9c\u00e9d\u00e9e Mme Germaine Laporte, demeurant \u00e0 la R\u00e9sidence Landry. Elle laisse dans le deuil ses enfants: Suzie Pion (Claude Girouard), St\u00e9phane Pion; ses petits-enfants: Thierry Pion-Girouard (St\u00e9phanie Bousquet), Mathieu Pion-M\u00e9nard (Roxanne Bissonnette), Laurence Pion-Girouard (Alexis Tremblay); ses arri\u00e8re-petits-enfants: Lo\u00efc, Alexis et Julianne ainsi [&hellip;]<\/p>\n","protected":false},"author":1,"featured_media":12299,"comment_status":"closed","ping_status":"closed","sticky":false,"template":"","format":"standard","meta":{"_crdt_document":"","_jetpack_memberships_contains_paid_content":false,"footnotes":""},"categories":[97],"tags":[],"class_list":["post-12301","post","type-post","status-publish","format-standard","has-post-thumbnail","hentry","category-obituary"],"aioseo_notices":[],"jetpack_featured_media_url":"https:\/\/www.ja-lesieur.com\/wp-content\/uploads\/2022\/09\/Germaine-Laporte-Carree-e1664200883271.jpg","jetpack_sharing_enabled":true,"_links":{"self":[{"href":"https:\/\/www.ja-lesieur.com\/en\/wp-json\/wp\/v2\/posts\/12301","targetHints":{"allow":["GET"]}}],"collection":[{"href":"https:\/\/www.ja-lesieur.com\/en\/wp-json\/wp\/v2\/posts"}],"about":[{"href":"https:\/\/www.ja-lesieur.com\/en\/wp-json\/wp\/v2\/types\/post"}],"author":[{"embeddable":true,"href":"https:\/\/www.ja-lesieur.com\/en\/wp-json\/wp\/v2\/users\/1"}],"replies":[{"embeddable":true,"href":"https:\/\/www.ja-lesieur.com\/en\/wp-json\/wp\/v2\/comments?post=12301"}],"version-history":[{"count":0,"href":"https:\/\/www.ja-lesieur.com\/en\/wp-json\/wp\/v2\/posts\/12301\/revisions"}],"wp:featuredmedia":[{"embeddable":true,"href":"https:\/\/www.ja-lesieur.com\/en\/wp-json\/wp\/v2\/media\/12299"}],"wp:attachment":[{"href":"https:\/\/www.ja-lesieur.com\/en\/wp-json\/wp\/v2\/media?parent=12301"}],"wp:term":[{"taxonomy":"category","embeddable":true,"href":"https:\/\/www.ja-lesieur.com\/en\/wp-json\/wp\/v2\/categories?post=12301"},{"taxonomy":"post_tag","embeddable":true,"href":"https:\/\/www.ja-lesieur.com\/en\/wp-json\/wp\/v2\/tags?post=12301"}],"curies":[{"name":"wp","href":"https:\/\/api.w.org\/{rel}","templated":true}]}}