{"id":12307,"date":"2022-09-17T20:40:25","date_gmt":"2022-09-17T20:40:25","guid":{"rendered":"https:\/\/www.ja-lesieur.com\/m-louise-martin-1934-2022\/"},"modified":"2022-09-17T20:40:25","modified_gmt":"2022-09-17T20:40:25","slug":"m-louise-martin-1934-2022","status":"publish","type":"post","link":"https:\/\/www.ja-lesieur.com\/en\/m-louise-martin-1934-2022\/","title":{"rendered":"M. Louise Martin 1934-2022"},"content":{"rendered":"<p>\u00c0 Granby, le 17 septembre 2022, \u00e0 l&#8217;\u00e2ge de 88 ans, est d\u00e9c\u00e9d\u00e9e Mme Louise Martin, fille de feu Isidore Martin et de feu Marguerite Lapierre, demeurant \u00e0 Granby.<\/p>\n<p>Elle laisse dans le deuil ses enfants: Th\u00e9r\u00e8se &#8221;Th\u00e9o&#8221; Brodeur (Michel Duranleau), Colette Brodeur et St\u00e9phane Brodeur. Elle \u00e9tait aussi la m\u00e8re de feu Daniel Brodeur (France Authier); ses petits-enfants: Martine et Cathie Brodeur, M\u00e9lanie et Danny Nicol; ses sept arri\u00e8re-petits-enfants; ses fr\u00e8res et s\u0153urs ainsi que plusieurs beaux-fr\u00e8res, belles-s\u0153urs, neveux, ni\u00e8ces, autres parents et amis.<\/p>\n<p><strong>La cr\u00e9mation a eu lieu sous la direction du Complexe fun\u00e9raire Le Sieur de Granby.<\/strong><\/p>\n<p><strong>Le service religieux sera c\u00e9l\u00e9br\u00e9 le samedi 1<sup>er<\/sup> octobre 2022 \u00e0 11 heures en l&#8217;\u00e9glise St-Luc, suivi de la mise en place au columbarium Le Sieur. La famille vous accueillera directement \u00e0 l\u2019arri\u00e8re de l\u2019\u00e9glise, ce m\u00eame samedi, \u00e0 compter de 10 heures. <\/strong><\/p>\n<p><strong>Sous la direction du\u00a0:<\/strong><\/p>\n<p style=\"text-align: center;\"><strong>COMPLEXE FUN\u00c9RAIRE<\/strong><\/p>\n<p style=\"text-align: center;\"><strong>LESIEUR<\/strong><\/p>\n<p style=\"text-align: center;\"><strong>60 Boul. Pie IX, Granby, Qc,<\/strong><\/p>\n<p style=\"text-align: center;\"><strong>t\u00e9l: 450-777-1414 t\u00e9lec: 450-777-0999<\/strong><\/p>\n<p style=\"text-align: center;\"><strong>www.lesieur.ca &#8211; info@lesieur.ca<\/strong><\/p>\n<p style=\"text-align: center;\"><strong>Membre de la CTQ<\/strong><\/p>\n","protected":false},"excerpt":{"rendered":"<p>\u00c0 Granby, le 17 septembre 2022, \u00e0 l&#8217;\u00e2ge de 88 ans, est d\u00e9c\u00e9d\u00e9e Mme Louise Martin, fille de feu Isidore Martin et de feu Marguerite Lapierre, demeurant \u00e0 Granby. Elle laisse dans le deuil ses enfants: Th\u00e9r\u00e8se &#8221;Th\u00e9o&#8221; Brodeur (Michel Duranleau), Colette Brodeur et St\u00e9phane Brodeur. Elle \u00e9tait aussi la m\u00e8re de feu Daniel Brodeur [&hellip;]<\/p>\n","protected":false},"author":1,"featured_media":12305,"comment_status":"closed","ping_status":"closed","sticky":false,"template":"","format":"standard","meta":{"_crdt_document":"","_jetpack_memberships_contains_paid_content":false,"footnotes":""},"categories":[97],"tags":[],"class_list":["post-12307","post","type-post","status-publish","format-standard","has-post-thumbnail","hentry","category-obituary"],"aioseo_notices":[],"jetpack_featured_media_url":"https:\/\/www.ja-lesieur.com\/wp-content\/uploads\/2022\/09\/Louise-Martin-Carree-e1664224990957.jpg","jetpack_sharing_enabled":true,"_links":{"self":[{"href":"https:\/\/www.ja-lesieur.com\/en\/wp-json\/wp\/v2\/posts\/12307","targetHints":{"allow":["GET"]}}],"collection":[{"href":"https:\/\/www.ja-lesieur.com\/en\/wp-json\/wp\/v2\/posts"}],"about":[{"href":"https:\/\/www.ja-lesieur.com\/en\/wp-json\/wp\/v2\/types\/post"}],"author":[{"embeddable":true,"href":"https:\/\/www.ja-lesieur.com\/en\/wp-json\/wp\/v2\/users\/1"}],"replies":[{"embeddable":true,"href":"https:\/\/www.ja-lesieur.com\/en\/wp-json\/wp\/v2\/comments?post=12307"}],"version-history":[{"count":0,"href":"https:\/\/www.ja-lesieur.com\/en\/wp-json\/wp\/v2\/posts\/12307\/revisions"}],"wp:featuredmedia":[{"embeddable":true,"href":"https:\/\/www.ja-lesieur.com\/en\/wp-json\/wp\/v2\/media\/12305"}],"wp:attachment":[{"href":"https:\/\/www.ja-lesieur.com\/en\/wp-json\/wp\/v2\/media?parent=12307"}],"wp:term":[{"taxonomy":"category","embeddable":true,"href":"https:\/\/www.ja-lesieur.com\/en\/wp-json\/wp\/v2\/categories?post=12307"},{"taxonomy":"post_tag","embeddable":true,"href":"https:\/\/www.ja-lesieur.com\/en\/wp-json\/wp\/v2\/tags?post=12307"}],"curies":[{"name":"wp","href":"https:\/\/api.w.org\/{rel}","templated":true}]}}