{"id":12378,"date":"2022-10-01T18:36:49","date_gmt":"2022-10-01T18:36:49","guid":{"rendered":"https:\/\/www.ja-lesieur.com\/m-jean-vadnais-1957-2022\/"},"modified":"2022-10-01T18:36:49","modified_gmt":"2022-10-01T18:36:49","slug":"m-jean-vadnais-1957-2022","status":"publish","type":"post","link":"https:\/\/www.ja-lesieur.com\/en\/m-jean-vadnais-1957-2022\/","title":{"rendered":"M. Jean Vadnais 1957-2022"},"content":{"rendered":"<p>\u00c0 Granby, le 1<sup>er<\/sup> octobre 2022, \u00e0 l&#8217;\u00e2ge de 65 ans, est d\u00e9c\u00e9d\u00e9 M. Jean Vadnais, demeurant \u00e0 l\u2019Ange-Gardien.<\/p>\n<p>Il laisse dans le deuil ses s\u0153urs: Nicole (feu Ga\u00e9tan S\u00e9guin), Francine (Luc Rainville), Johanne, Nathalie (Donald S\u00e9guin), il \u00e9tait le fr\u00e8re de feu Paul et laisse plusieurs neveux, ni\u00e8ces, autres parents et ami(e)s.<\/p>\n<p><strong>L&#8217;Aquamation a eu lieu au Bio-Cr\u00e9matorium Le Sieur de Granby.<\/strong><\/p>\n<p><strong>COMPLEXE FUN\u00c9RAIRE<\/strong><\/p>\n<p><strong>LESIEUR<\/strong><\/p>\n<p><strong>60 Boul. Pie IX, Granby, Qc,<\/strong><\/p>\n<p><strong>t\u00e9l: 450-777-1414 t\u00e9lec: 450-777-0999<\/strong><\/p>\n<p><strong>www.lesieur.ca &#8211; info@lesieur.ca<\/strong><\/p>\n<p><strong>Membre de la CTQ<\/strong><\/p>\n<p>Afin de respecter les derni\u00e8res volont\u00e9s de M. Vadnais, une c\u00e9r\u00e9monie aura lieu dans la plus stricte intimit\u00e9.<\/p>\n<p>Des dons \u00e0 La Croix Rouge Canadienne seraient appr\u00e9ci\u00e9s. Vous pouvez donner en ligne au\u00a0: <a href=\"http:\/\/www.croixrouge.ca\">www.croixrouge.ca<\/a><\/p>\n","protected":false},"excerpt":{"rendered":"<p>\u00c0 Granby, le 1er octobre 2022, \u00e0 l&#8217;\u00e2ge de 65 ans, est d\u00e9c\u00e9d\u00e9 M. Jean Vadnais, demeurant \u00e0 l\u2019Ange-Gardien. Il laisse dans le deuil ses s\u0153urs: Nicole (feu Ga\u00e9tan S\u00e9guin), Francine (Luc Rainville), Johanne, Nathalie (Donald S\u00e9guin), il \u00e9tait le fr\u00e8re de feu Paul et laisse plusieurs neveux, ni\u00e8ces, autres parents et ami(e)s. L&#8217;Aquamation a [&hellip;]<\/p>\n","protected":false},"author":1,"featured_media":11144,"comment_status":"closed","ping_status":"closed","sticky":false,"template":"","format":"standard","meta":{"_crdt_document":"","_jetpack_memberships_contains_paid_content":false,"footnotes":""},"categories":[97],"tags":[],"class_list":["post-12378","post","type-post","status-publish","format-standard","has-post-thumbnail","hentry","category-obituary"],"aioseo_notices":[],"jetpack_featured_media_url":"https:\/\/www.ja-lesieur.com\/wp-content\/uploads\/2022\/03\/anges-2.jpg","jetpack_sharing_enabled":true,"_links":{"self":[{"href":"https:\/\/www.ja-lesieur.com\/en\/wp-json\/wp\/v2\/posts\/12378","targetHints":{"allow":["GET"]}}],"collection":[{"href":"https:\/\/www.ja-lesieur.com\/en\/wp-json\/wp\/v2\/posts"}],"about":[{"href":"https:\/\/www.ja-lesieur.com\/en\/wp-json\/wp\/v2\/types\/post"}],"author":[{"embeddable":true,"href":"https:\/\/www.ja-lesieur.com\/en\/wp-json\/wp\/v2\/users\/1"}],"replies":[{"embeddable":true,"href":"https:\/\/www.ja-lesieur.com\/en\/wp-json\/wp\/v2\/comments?post=12378"}],"version-history":[{"count":0,"href":"https:\/\/www.ja-lesieur.com\/en\/wp-json\/wp\/v2\/posts\/12378\/revisions"}],"wp:featuredmedia":[{"embeddable":true,"href":"https:\/\/www.ja-lesieur.com\/en\/wp-json\/wp\/v2\/media\/11144"}],"wp:attachment":[{"href":"https:\/\/www.ja-lesieur.com\/en\/wp-json\/wp\/v2\/media?parent=12378"}],"wp:term":[{"taxonomy":"category","embeddable":true,"href":"https:\/\/www.ja-lesieur.com\/en\/wp-json\/wp\/v2\/categories?post=12378"},{"taxonomy":"post_tag","embeddable":true,"href":"https:\/\/www.ja-lesieur.com\/en\/wp-json\/wp\/v2\/tags?post=12378"}],"curies":[{"name":"wp","href":"https:\/\/api.w.org\/{rel}","templated":true}]}}