{"id":12662,"date":"2022-11-17T18:24:07","date_gmt":"2022-11-17T18:24:07","guid":{"rendered":"https:\/\/www.ja-lesieur.com\/mme-jeannine-baril-1935-2022\/"},"modified":"2022-11-25T13:04:11","modified_gmt":"2022-11-25T18:04:11","slug":"mme-jeannine-baril-1935-2022","status":"publish","type":"post","link":"https:\/\/www.ja-lesieur.com\/en\/mme-jeannine-baril-1935-2022\/","title":{"rendered":"Mme Jeannine Baril 1935-2022"},"content":{"rendered":"<p>Au Centre Marie-Berthe Couture, le 17 novembre 2022, \u00e0 l&#8217;\u00e2ge de 87 ans, est d\u00e9c\u00e9d\u00e9e Mme Jeanine Baril de Granby, native de Lorrainville<\/p>\n<p>&nbsp;<\/p>\n<p>Elle laisse dans le deuil ses fr\u00e8res Antonio et Gilbert, ses s\u0153urs Lya et Estelle, ses tantes Diane et Lya Lambert, ses beaux-fr\u00e8res, ses neveux et ni\u00e8ces ainsi que de nombreux parents et amis<\/p>\n<p>&nbsp;<\/p>\n<p>L\u2019Aquamation a eu lieu\u00a0au Bio-Cr\u00e9matorium Le Sieur de Granby.<\/p>\n<p>&nbsp;<\/p>\n<p style=\"text-align: center;\"><strong>COMPLEXE FUN\u00c9RAIRE\u00a0<\/strong><\/p>\n<p style=\"text-align: center;\"><strong>LESIEUR<\/strong><\/p>\n<p style=\"text-align: center;\"><strong>60, boul. Pie IX, Granby, QC<\/strong><\/p>\n<p style=\"text-align: center;\"><strong>T\u00e9l. : 450 777-1414 \/ T\u00e9l\u00e9c. : 450 777-0999<\/strong><\/p>\n<p style=\"text-align: center;\"><strong>www.lesieur.ca \u2013 info@lesieur.ca<\/strong><\/p>\n<p style=\"text-align: center;\"><strong>Membre de la CTQ<\/strong><\/p>\n<p>&nbsp;<\/p>\n<p>Une c\u00e9r\u00e9monie familiale sera c\u00e9l\u00e9br\u00e9e lors de l\u2019inhumation \u00e0 une date ult\u00e9rieure \u00e0 Lorrainville.<\/p>\n<p>La famille d\u00e9sire remercier personnellement le Dr. Roy, Dr. Morin ainsi que Dr. Risler ainsi que tout le personnel du 2 ieme et 3 ieme \u00e9tage du Centre Marie-Berthe Couture pour leur d\u00e9vouement et les bons soins prodigu\u00e9s.<\/p>\n<p>Des dons seraient appr\u00e9ci\u00e9s \u00e0 la Fondation du Centre Hospitalier de Granby <a href=\"https:\/\/www.jedonneenligne.org\/fondationchg\/\">https:\/\/www.jedonneenligne.org\/fondationchg\/<\/a> .<\/p>\n","protected":false},"excerpt":{"rendered":"<p>Au Centre Marie-Berthe Couture, le 17 novembre 2022, \u00e0 l&#8217;\u00e2ge de 87 ans, est d\u00e9c\u00e9d\u00e9e Mme Jeanine Baril de Granby, native de Lorrainville &nbsp; Elle laisse dans le deuil ses fr\u00e8res Antonio et Gilbert, ses s\u0153urs Lya et Estelle, ses tantes Diane et Lya Lambert, ses beaux-fr\u00e8res, ses neveux et ni\u00e8ces ainsi que de nombreux [&hellip;]<\/p>\n","protected":false},"author":1,"featured_media":12658,"comment_status":"closed","ping_status":"closed","sticky":false,"template":"","format":"standard","meta":{"_jetpack_newsletter_access":"","_jetpack_dont_email_post_to_subs":false,"_jetpack_newsletter_tier_id":0,"_jetpack_memberships_contains_paywalled_content":false,"_jetpack_memberships_contains_paid_content":false,"footnotes":""},"categories":[97],"tags":[],"class_list":["post-12662","post","type-post","status-publish","format-standard","has-post-thumbnail","hentry","category-obituary"],"aioseo_notices":[],"aioseo_head":"\n\t\t<!-- All in One SEO 5.0.1.1 - aioseo.com -->\n\t<meta name=\"robots\" content=\"max-image-preview:large\" \/>\n\t<meta name=\"author\" content=\"jalesieur\"\/>\n\t<link rel=\"canonical\" href=\"https:\/\/www.ja-lesieur.com\/en\/mme-jeannine-baril-1935-2022\/\" \/>\n\t<meta name=\"generator\" content=\"All in One SEO (AIOSEO) 5.0.1.1\" \/>\n\t\t<meta property=\"og:locale\" content=\"en_US\" \/>\n\t\t<meta property=\"og:site_name\" content=\"Funeral Complex LeSieur comprehensive services | ja-lesieur.com\" \/>\n\t\t<meta property=\"og:type\" content=\"article\" \/>\n\t\t<meta property=\"og:title\" content=\"Mme Jeannine Baril 1935-2022 | Funeral Complex LeSieur comprehensive services\" \/>\n\t\t<meta property=\"og:url\" content=\"https:\/\/www.ja-lesieur.com\/en\/mme-jeannine-baril-1935-2022\/\" \/>\n\t\t<meta property=\"article:published_time\" content=\"2022-11-17T18:24:07+00:00\" \/>\n\t\t<meta property=\"article:modified_time\" content=\"2022-11-25T18:04:11+00:00\" \/>\n\t\t<script type=\"application\/ld+json\" class=\"aioseo-schema\">\n\t\t\t{\"@context\":\"https:\\\/\\\/schema.org\",\"@graph\":[{\"@type\":\"Article\",\"@id\":\"https:\\\/\\\/www.ja-lesieur.com\\\/en\\\/mme-jeannine-baril-1935-2022\\\/#article\",\"name\":\"Mme Jeannine Baril 1935-2022 | Funeral Complex LeSieur comprehensive services\",\"headline\":\"Mme Jeannine Baril 1935-2022\",\"author\":{\"@id\":\"https:\\\/\\\/www.ja-lesieur.com\\\/en\\\/author\\\/jalesieur\\\/#author\"},\"publisher\":{\"@id\":\"https:\\\/\\\/www.ja-lesieur.com\\\/en\\\/#organization\"},\"image\":{\"@type\":\"ImageObject\",\"url\":\"https:\\\/\\\/www.ja-lesieur.com\\\/wp-content\\\/uploads\\\/2022\\\/11\\\/Jeanine-Baril-carree-e1668795750478.jpg\",\"width\":150,\"height\":150},\"datePublished\":\"2022-11-17T18:24:07-05:00\",\"dateModified\":\"2022-11-25T13:04:11-05:00\",\"inLanguage\":\"en-US\",\"mainEntityOfPage\":{\"@id\":\"https:\\\/\\\/www.ja-lesieur.com\\\/en\\\/mme-jeannine-baril-1935-2022\\\/#webpage\"},\"isPartOf\":{\"@id\":\"https:\\\/\\\/www.ja-lesieur.com\\\/en\\\/mme-jeannine-baril-1935-2022\\\/#webpage\"},\"articleSection\":\"Obituary, Facultatif\"},{\"@type\":\"BreadcrumbList\",\"@id\":\"https:\\\/\\\/www.ja-lesieur.com\\\/en\\\/mme-jeannine-baril-1935-2022\\\/#breadcrumblist\",\"itemListElement\":[{\"@type\":\"ListItem\",\"@id\":\"https:\\\/\\\/www.ja-lesieur.com\\\/en\\\/#listItem\",\"position\":1,\"name\":\"Accueil\",\"item\":\"https:\\\/\\\/www.ja-lesieur.com\\\/en\\\/\",\"nextItem\":{\"@type\":\"ListItem\",\"@id\":\"https:\\\/\\\/www.ja-lesieur.com\\\/en\\\/category\\\/obituary\\\/#listItem\",\"name\":\"Obituary\"}},{\"@type\":\"ListItem\",\"@id\":\"https:\\\/\\\/www.ja-lesieur.com\\\/en\\\/category\\\/obituary\\\/#listItem\",\"position\":2,\"name\":\"Obituary\",\"item\":\"https:\\\/\\\/www.ja-lesieur.com\\\/en\\\/category\\\/obituary\\\/\",\"nextItem\":{\"@type\":\"ListItem\",\"@id\":\"https:\\\/\\\/www.ja-lesieur.com\\\/en\\\/mme-jeannine-baril-1935-2022\\\/#listItem\",\"name\":\"Mme Jeannine Baril 1935-2022\"},\"previousItem\":{\"@type\":\"ListItem\",\"@id\":\"https:\\\/\\\/www.ja-lesieur.com\\\/en\\\/#listItem\",\"name\":\"Accueil\"}},{\"@type\":\"ListItem\",\"@id\":\"https:\\\/\\\/www.ja-lesieur.com\\\/en\\\/mme-jeannine-baril-1935-2022\\\/#listItem\",\"position\":3,\"name\":\"Mme Jeannine Baril 1935-2022\",\"previousItem\":{\"@type\":\"ListItem\",\"@id\":\"https:\\\/\\\/www.ja-lesieur.com\\\/en\\\/category\\\/obituary\\\/#listItem\",\"name\":\"Obituary\"}}]},{\"@type\":\"Organization\",\"@id\":\"https:\\\/\\\/www.ja-lesieur.com\\\/en\\\/#organization\",\"name\":\"Complexe fun\\u00e9raire LeSieur\",\"description\":\"ja-lesieur.com\",\"url\":\"https:\\\/\\\/www.ja-lesieur.com\\\/en\\\/\",\"telephone\":\"+18883678471\"},{\"@type\":\"Person\",\"@id\":\"https:\\\/\\\/www.ja-lesieur.com\\\/en\\\/author\\\/jalesieur\\\/#author\",\"url\":\"https:\\\/\\\/www.ja-lesieur.com\\\/en\\\/author\\\/jalesieur\\\/\",\"name\":\"jalesieur\",\"image\":{\"@type\":\"ImageObject\",\"@id\":\"https:\\\/\\\/www.ja-lesieur.com\\\/en\\\/mme-jeannine-baril-1935-2022\\\/#authorImage\",\"url\":\"\\\/\\\/www.gravatar.com\\\/avatar\\\/5afc64bab577539bd90d98b3264ef833?s=96&#038;r=g&#038;d=mm\",\"width\":96,\"height\":96,\"caption\":\"jalesieur\"}},{\"@type\":\"WebPage\",\"@id\":\"https:\\\/\\\/www.ja-lesieur.com\\\/en\\\/mme-jeannine-baril-1935-2022\\\/#webpage\",\"url\":\"https:\\\/\\\/www.ja-lesieur.com\\\/en\\\/mme-jeannine-baril-1935-2022\\\/\",\"name\":\"Mme Jeannine Baril 1935-2022 | Funeral Complex LeSieur comprehensive services\",\"inLanguage\":\"en-US\",\"isPartOf\":{\"@id\":\"https:\\\/\\\/www.ja-lesieur.com\\\/en\\\/#website\"},\"breadcrumb\":{\"@id\":\"https:\\\/\\\/www.ja-lesieur.com\\\/en\\\/mme-jeannine-baril-1935-2022\\\/#breadcrumblist\"},\"author\":{\"@id\":\"https:\\\/\\\/www.ja-lesieur.com\\\/en\\\/author\\\/jalesieur\\\/#author\"},\"creator\":{\"@id\":\"https:\\\/\\\/www.ja-lesieur.com\\\/en\\\/author\\\/jalesieur\\\/#author\"},\"image\":{\"@type\":\"ImageObject\",\"url\":\"https:\\\/\\\/www.ja-lesieur.com\\\/wp-content\\\/uploads\\\/2022\\\/11\\\/Jeanine-Baril-carree-e1668795750478.jpg\",\"@id\":\"https:\\\/\\\/www.ja-lesieur.com\\\/en\\\/mme-jeannine-baril-1935-2022\\\/#mainImage\",\"width\":150,\"height\":150},\"primaryImageOfPage\":{\"@id\":\"https:\\\/\\\/www.ja-lesieur.com\\\/en\\\/mme-jeannine-baril-1935-2022\\\/#mainImage\"},\"datePublished\":\"2022-11-17T18:24:07-05:00\",\"dateModified\":\"2022-11-25T13:04:11-05:00\"},{\"@type\":\"WebSite\",\"@id\":\"https:\\\/\\\/www.ja-lesieur.com\\\/en\\\/#website\",\"url\":\"https:\\\/\\\/www.ja-lesieur.com\\\/en\\\/\",\"name\":\"Complexe fun\\u00e9raire LeSieur des services complets\",\"description\":\"ja-lesieur.com\",\"inLanguage\":\"en-US\",\"publisher\":{\"@id\":\"https:\\\/\\\/www.ja-lesieur.com\\\/en\\\/#organization\"}}]}\n\t\t<\/script>\n\t\t<!-- All in One SEO -->\n\n","aioseo_head_json":{"title":"Mme Jeannine Baril 1935-2022 | Funeral Complex LeSieur comprehensive services","description":"","canonical_url":"https:\/\/www.ja-lesieur.com\/en\/mme-jeannine-baril-1935-2022\/","robots":"max-image-preview:large","keywords":"","webmasterTools":{"miscellaneous":""},"schema":{"@context":"https:\/\/schema.org","@graph":[{"@type":"Article","@id":"https:\/\/www.ja-lesieur.com\/en\/mme-jeannine-baril-1935-2022\/#article","name":"Mme Jeannine Baril 1935-2022 | Funeral Complex LeSieur comprehensive services","headline":"Mme Jeannine Baril 1935-2022","author":{"@id":"https:\/\/www.ja-lesieur.com\/en\/author\/jalesieur\/#author"},"publisher":{"@id":"https:\/\/www.ja-lesieur.com\/en\/#organization"},"image":{"@type":"ImageObject","url":"https:\/\/www.ja-lesieur.com\/wp-content\/uploads\/2022\/11\/Jeanine-Baril-carree-e1668795750478.jpg","width":150,"height":150},"datePublished":"2022-11-17T18:24:07-05:00","dateModified":"2022-11-25T13:04:11-05:00","inLanguage":"en-US","mainEntityOfPage":{"@id":"https:\/\/www.ja-lesieur.com\/en\/mme-jeannine-baril-1935-2022\/#webpage"},"isPartOf":{"@id":"https:\/\/www.ja-lesieur.com\/en\/mme-jeannine-baril-1935-2022\/#webpage"},"articleSection":"Obituary, Facultatif"},{"@type":"BreadcrumbList","@id":"https:\/\/www.ja-lesieur.com\/en\/mme-jeannine-baril-1935-2022\/#breadcrumblist","itemListElement":[{"@type":"ListItem","@id":"https:\/\/www.ja-lesieur.com\/en\/#listItem","position":1,"name":"Accueil","item":"https:\/\/www.ja-lesieur.com\/en\/","nextItem":{"@type":"ListItem","@id":"https:\/\/www.ja-lesieur.com\/en\/category\/obituary\/#listItem","name":"Obituary"}},{"@type":"ListItem","@id":"https:\/\/www.ja-lesieur.com\/en\/category\/obituary\/#listItem","position":2,"name":"Obituary","item":"https:\/\/www.ja-lesieur.com\/en\/category\/obituary\/","nextItem":{"@type":"ListItem","@id":"https:\/\/www.ja-lesieur.com\/en\/mme-jeannine-baril-1935-2022\/#listItem","name":"Mme Jeannine Baril 1935-2022"},"previousItem":{"@type":"ListItem","@id":"https:\/\/www.ja-lesieur.com\/en\/#listItem","name":"Accueil"}},{"@type":"ListItem","@id":"https:\/\/www.ja-lesieur.com\/en\/mme-jeannine-baril-1935-2022\/#listItem","position":3,"name":"Mme Jeannine Baril 1935-2022","previousItem":{"@type":"ListItem","@id":"https:\/\/www.ja-lesieur.com\/en\/category\/obituary\/#listItem","name":"Obituary"}}]},{"@type":"Organization","@id":"https:\/\/www.ja-lesieur.com\/en\/#organization","name":"Complexe fun\u00e9raire LeSieur","description":"ja-lesieur.com","url":"https:\/\/www.ja-lesieur.com\/en\/","telephone":"+18883678471"},{"@type":"Person","@id":"https:\/\/www.ja-lesieur.com\/en\/author\/jalesieur\/#author","url":"https:\/\/www.ja-lesieur.com\/en\/author\/jalesieur\/","name":"jalesieur","image":{"@type":"ImageObject","@id":"https:\/\/www.ja-lesieur.com\/en\/mme-jeannine-baril-1935-2022\/#authorImage","url":"\/\/www.gravatar.com\/avatar\/5afc64bab577539bd90d98b3264ef833?s=96&#038;r=g&#038;d=mm","width":96,"height":96,"caption":"jalesieur"}},{"@type":"WebPage","@id":"https:\/\/www.ja-lesieur.com\/en\/mme-jeannine-baril-1935-2022\/#webpage","url":"https:\/\/www.ja-lesieur.com\/en\/mme-jeannine-baril-1935-2022\/","name":"Mme Jeannine Baril 1935-2022 | Funeral Complex LeSieur comprehensive services","inLanguage":"en-US","isPartOf":{"@id":"https:\/\/www.ja-lesieur.com\/en\/#website"},"breadcrumb":{"@id":"https:\/\/www.ja-lesieur.com\/en\/mme-jeannine-baril-1935-2022\/#breadcrumblist"},"author":{"@id":"https:\/\/www.ja-lesieur.com\/en\/author\/jalesieur\/#author"},"creator":{"@id":"https:\/\/www.ja-lesieur.com\/en\/author\/jalesieur\/#author"},"image":{"@type":"ImageObject","url":"https:\/\/www.ja-lesieur.com\/wp-content\/uploads\/2022\/11\/Jeanine-Baril-carree-e1668795750478.jpg","@id":"https:\/\/www.ja-lesieur.com\/en\/mme-jeannine-baril-1935-2022\/#mainImage","width":150,"height":150},"primaryImageOfPage":{"@id":"https:\/\/www.ja-lesieur.com\/en\/mme-jeannine-baril-1935-2022\/#mainImage"},"datePublished":"2022-11-17T18:24:07-05:00","dateModified":"2022-11-25T13:04:11-05:00"},{"@type":"WebSite","@id":"https:\/\/www.ja-lesieur.com\/en\/#website","url":"https:\/\/www.ja-lesieur.com\/en\/","name":"Complexe fun\u00e9raire LeSieur des services complets","description":"ja-lesieur.com","inLanguage":"en-US","publisher":{"@id":"https:\/\/www.ja-lesieur.com\/en\/#organization"}}]},"og:locale":"en_US","og:site_name":"Funeral Complex LeSieur comprehensive services | ja-lesieur.com","og:type":"article","og:title":"Mme Jeannine Baril 1935-2022 | Funeral Complex LeSieur comprehensive services","og:url":"https:\/\/www.ja-lesieur.com\/en\/mme-jeannine-baril-1935-2022\/","article:published_time":"2022-11-17T18:24:07+00:00","article:modified_time":"2022-11-25T18:04:11+00:00"},"aioseo_meta_data":{"post_id":"12662","title":null,"description":null,"keywords":[],"keyphrases":{"focus":{"keyphrase":"","score":0,"analysis":{"keyphraseInTitle":{"score":0,"maxScore":9,"error":1}}},"additional":[]},"primary_term":null,"canonical_url":null,"og_title":null,"og_description":null,"og_object_type":"default","og_image_type":"default","og_image_url":null,"og_image_width":null,"og_image_height":null,"og_image_custom_url":null,"og_image_custom_fields":null,"og_video":"","og_custom_url":null,"og_article_section":null,"og_article_tags":[],"twitter_use_og":false,"twitter_card":"default","twitter_image_type":"default","twitter_image_url":null,"twitter_image_custom_url":null,"twitter_image_custom_fields":null,"twitter_title":null,"twitter_description":null,"schema":{"blockGraphs":[],"customGraphs":[],"default":{"data":{"Article":{"id":"aioseo-article-637cfc37b18fd","slug":"article","graphName":"Article","label":"Article","properties":{"type":"BlogPosting","name":"#post_title","headline":"#post_title","description":"#post_excerpt","image":"","keywords":"","author":{"name":"#author_name","url":"#author_url"},"dates":{"include":true,"datePublished":"","dateModified":""}}},"Course":[],"Dataset":[],"FAQPage":[],"Movie":[],"Person":[],"Product":[],"ProductReview":[],"Car":[],"Recipe":[],"Service":[],"SoftwareApplication":[],"WebPage":[]},"graphName":"Article","isEnabled":true},"graphs":[]},"schema_type":"default","schema_type_options":"{\"article\":{\"articleType\":\"BlogPosting\"},\"course\":{\"name\":\"\",\"description\":\"\",\"provider\":\"\"},\"faq\":{\"pages\":[]},\"product\":{\"reviews\":[]},\"recipe\":{\"ingredients\":[],\"instructions\":[],\"keywords\":[]},\"software\":{\"reviews\":[],\"operatingSystems\":[]},\"webPage\":{\"webPageType\":\"WebPage\"}}","pillar_content":false,"robots_default":true,"robots_noindex":false,"robots_noarchive":false,"robots_nosnippet":false,"robots_nofollow":false,"robots_noimageindex":false,"robots_noodp":false,"robots_notranslate":false,"robots_max_snippet":"-1","robots_max_videopreview":"-1","robots_max_imagepreview":"large","priority":null,"frequency":"default","local_seo":null,"breadcrumb_settings":null,"limit_modified_date":false,"ai":null,"created":"2022-11-18 19:01:34","updated":"2025-06-04 14:50:32","seo_analyzer_scan_date":null,"focus_keyword":null,"additional_keywords":null,"truseo_locale":null},"aioseo_breadcrumb":"<div class=\"aioseo-breadcrumbs\"><span class=\"aioseo-breadcrumb\">\n\t\t\t<a href=\"https:\/\/www.ja-lesieur.com\/en\/\" title=\"Accueil\">Accueil<\/a>\n\t\t<\/span><span class=\"aioseo-breadcrumb-separator\">&raquo;<\/span><span class=\"aioseo-breadcrumb\">\n\t\t\t<a href=\"https:\/\/www.ja-lesieur.com\/en\/category\/obituary\/\" title=\"Obituary\">Obituary<\/a>\n\t\t<\/span><span class=\"aioseo-breadcrumb-separator\">&raquo;<\/span><span class=\"aioseo-breadcrumb\">\n\t\t\tMme Jeannine Baril 1935-2022\n\t\t<\/span><\/div>","aioseo_breadcrumb_json":[{"label":"Accueil","link":"https:\/\/www.ja-lesieur.com\/en\/"},{"label":"Obituary","link":"https:\/\/www.ja-lesieur.com\/en\/category\/obituary\/"},{"label":"Mme Jeannine Baril 1935-2022","link":"https:\/\/www.ja-lesieur.com\/en\/mme-jeannine-baril-1935-2022\/"}],"jetpack_sharing_enabled":true,"jetpack_featured_media_url":"https:\/\/www.ja-lesieur.com\/wp-content\/uploads\/2022\/11\/Jeanine-Baril-carree-e1668795750478.jpg","_links":{"self":[{"href":"https:\/\/www.ja-lesieur.com\/en\/wp-json\/wp\/v2\/posts\/12662","targetHints":{"allow":["GET"]}}],"collection":[{"href":"https:\/\/www.ja-lesieur.com\/en\/wp-json\/wp\/v2\/posts"}],"about":[{"href":"https:\/\/www.ja-lesieur.com\/en\/wp-json\/wp\/v2\/types\/post"}],"author":[{"embeddable":true,"href":"https:\/\/www.ja-lesieur.com\/en\/wp-json\/wp\/v2\/users\/1"}],"replies":[{"embeddable":true,"href":"https:\/\/www.ja-lesieur.com\/en\/wp-json\/wp\/v2\/comments?post=12662"}],"version-history":[{"count":3,"href":"https:\/\/www.ja-lesieur.com\/en\/wp-json\/wp\/v2\/posts\/12662\/revisions"}],"predecessor-version":[{"id":12716,"href":"https:\/\/www.ja-lesieur.com\/en\/wp-json\/wp\/v2\/posts\/12662\/revisions\/12716"}],"wp:featuredmedia":[{"embeddable":true,"href":"https:\/\/www.ja-lesieur.com\/en\/wp-json\/wp\/v2\/media\/12658"}],"wp:attachment":[{"href":"https:\/\/www.ja-lesieur.com\/en\/wp-json\/wp\/v2\/media?parent=12662"}],"wp:term":[{"taxonomy":"category","embeddable":true,"href":"https:\/\/www.ja-lesieur.com\/en\/wp-json\/wp\/v2\/categories?post=12662"},{"taxonomy":"post_tag","embeddable":true,"href":"https:\/\/www.ja-lesieur.com\/en\/wp-json\/wp\/v2\/tags?post=12662"}],"curies":[{"name":"wp","href":"https:\/\/api.w.org\/{rel}","templated":true}]}}