{"id":12726,"date":"2022-11-24T16:05:36","date_gmt":"2022-11-24T21:05:36","guid":{"rendered":"https:\/\/www.ja-lesieur.com\/m-laureat-dubois1934-2022\/"},"modified":"2022-12-04T16:05:57","modified_gmt":"2022-12-04T21:05:57","slug":"m-laureat-dubois1934-2022","status":"publish","type":"post","link":"https:\/\/www.ja-lesieur.com\/en\/m-laureat-dubois1934-2022\/","title":{"rendered":"M. Laur\u00e9at Dubois 1934-2022"},"content":{"rendered":"<p>\u00c0 Granby, le 24 novembre 2022, \u00e0 l&#8217;\u00e2ge de 88 ans, est d\u00e9c\u00e9d\u00e9 M. Laur\u00e9at Dubois, \u00e9poux de feu Th\u00e9r\u00e8se Custeau et conjoint de Jacqueline L\u00e9tourneau, demeurant \u00e0 Granby.<\/p>\n<p>Outre sa conjointe Jacqueline, il laisse dans le deuil ses enfants: Jean-Yves (Lynda Barab\u00e9), Marc, Sylvain, Guy (Francine Laflamme) et Ren\u00e9 (Marie-Andr\u00e9e Duchemin); ses dix petits-enfants; ses arri\u00e8re-petits-enfants; sa s\u0153ur Nicole, son fr\u00e8re Lorenzo (Gracia St-Martin) ainsi que plusieurs beaux-fr\u00e8res, belles-soeurs, neveux, ni\u00e8ces, autres parents et ami(e)s.<\/p>\n<p><strong>L&#8217;Aquamation a eu lieu au Bio-Cr\u00e9matorium Le Sieur de Granby.<\/strong><\/p>\n<p><strong>La famille vous accueillera le dimanche 4 d\u00e9cembre 2022 de 13 \u00e0 15 heures au\u00a0: <\/strong><\/p>\n<p style=\"text-align: center;\"><strong>COMPLEXE FUN\u00c9RAIRE<\/strong><\/p>\n<p style=\"text-align: center;\"><strong>LESIEUR<\/strong><\/p>\n<p style=\"text-align: center;\"><strong>60 Boul. Pie IX, Granby, Qc<\/strong><\/p>\n<p style=\"text-align: center;\"><strong>t\u00e9l: 450-777-1414 t\u00e9lec: 450-777-0999<\/strong><\/p>\n<p style=\"text-align: center;\"><strong>www.lesieur.ca &#8211; info@lesieur.ca<\/strong><\/p>\n<p style=\"text-align: center;\"><strong>Membre de la CTQ<\/strong><\/p>\n<p>L\u2019Hommage \u00e0 la Vie sera c\u00e9l\u00e9br\u00e9 ce m\u00eame dimanche \u00e0 15 heures en la Chapelle suivi de l\u2019Aquamation au Bio-Cr\u00e9matorium Le Sieur. L\u2019urne sera inhum\u00e9e au cimeti\u00e8re Mgr Pelletier de Granby \u00e0 une date ult\u00e9rieure.<\/p>\n<p>Service fun\u00e9raire <a href=\"https:\/\/www.youtube.com\/watch?v=GuGNN6eNYgM\">ICI<\/a><\/p>\n<p><iframe loading=\"lazy\" title=\"C\u00e9r\u00e9monie fun\u00e9raire de Laur\u00e9at Dubois 2022-12-04\" width=\"1170\" height=\"658\" src=\"https:\/\/www.youtube.com\/embed\/GuGNN6eNYgM?feature=oembed\" frameborder=\"0\" allow=\"accelerometer; autoplay; clipboard-write; encrypted-media; gyroscope; picture-in-picture\" allowfullscreen><\/iframe><\/p>\n<p>Des dons \u00e0 la Fondation des maladies du Coeur seraient appr\u00e9ci\u00e9s\u00a0: <a href=\"http:\/\/www.coeuretavc.ca\">www.coeuretavc.ca<\/a><\/p>\n<p>La famille d\u00e9sire remercier le personnel du CHSLD Leclerc pour les bons soins prodigu\u00e9s \u00e0 M. Dubois.<\/p>\n","protected":false},"excerpt":{"rendered":"<p>\u00c0 Granby, le 24 novembre 2022, \u00e0 l&#8217;\u00e2ge de 88 ans, est d\u00e9c\u00e9d\u00e9 M. Laur\u00e9at Dubois, \u00e9poux de feu Th\u00e9r\u00e8se Custeau et conjoint de Jacqueline L\u00e9tourneau, demeurant \u00e0 Granby. Outre sa conjointe Jacqueline, il laisse dans le deuil ses enfants: Jean-Yves (Lynda Barab\u00e9), Marc, Sylvain, Guy (Francine Laflamme) et Ren\u00e9 (Marie-Andr\u00e9e Duchemin); ses dix petits-enfants; [&hellip;]<\/p>\n","protected":false},"author":1,"featured_media":12724,"comment_status":"closed","ping_status":"closed","sticky":false,"template":"","format":"standard","meta":{"_crdt_document":"","_jetpack_memberships_contains_paid_content":false,"footnotes":""},"categories":[97],"tags":[],"class_list":["post-12726","post","type-post","status-publish","format-standard","has-post-thumbnail","hentry","category-obituary"],"aioseo_notices":[],"jetpack_featured_media_url":"https:\/\/www.ja-lesieur.com\/wp-content\/uploads\/2022\/11\/Laureat-Dubois-Carree-e1669410485695.jpg","jetpack_sharing_enabled":true,"_links":{"self":[{"href":"https:\/\/www.ja-lesieur.com\/en\/wp-json\/wp\/v2\/posts\/12726","targetHints":{"allow":["GET"]}}],"collection":[{"href":"https:\/\/www.ja-lesieur.com\/en\/wp-json\/wp\/v2\/posts"}],"about":[{"href":"https:\/\/www.ja-lesieur.com\/en\/wp-json\/wp\/v2\/types\/post"}],"author":[{"embeddable":true,"href":"https:\/\/www.ja-lesieur.com\/en\/wp-json\/wp\/v2\/users\/1"}],"replies":[{"embeddable":true,"href":"https:\/\/www.ja-lesieur.com\/en\/wp-json\/wp\/v2\/comments?post=12726"}],"version-history":[{"count":4,"href":"https:\/\/www.ja-lesieur.com\/en\/wp-json\/wp\/v2\/posts\/12726\/revisions"}],"predecessor-version":[{"id":12838,"href":"https:\/\/www.ja-lesieur.com\/en\/wp-json\/wp\/v2\/posts\/12726\/revisions\/12838"}],"wp:featuredmedia":[{"embeddable":true,"href":"https:\/\/www.ja-lesieur.com\/en\/wp-json\/wp\/v2\/media\/12724"}],"wp:attachment":[{"href":"https:\/\/www.ja-lesieur.com\/en\/wp-json\/wp\/v2\/media?parent=12726"}],"wp:term":[{"taxonomy":"category","embeddable":true,"href":"https:\/\/www.ja-lesieur.com\/en\/wp-json\/wp\/v2\/categories?post=12726"},{"taxonomy":"post_tag","embeddable":true,"href":"https:\/\/www.ja-lesieur.com\/en\/wp-json\/wp\/v2\/tags?post=12726"}],"curies":[{"name":"wp","href":"https:\/\/api.w.org\/{rel}","templated":true}]}}