{"id":13069,"date":"2022-12-23T16:31:52","date_gmt":"2022-12-23T21:31:52","guid":{"rendered":"https:\/\/www.ja-lesieur.com\/m-romeo-lacroix-1930-2022\/"},"modified":"2022-12-27T11:17:02","modified_gmt":"2022-12-27T16:17:02","slug":"m-romeo-lacroix-1930-2022","status":"publish","type":"post","link":"https:\/\/www.ja-lesieur.com\/en\/m-romeo-lacroix-1930-2022\/","title":{"rendered":"M. Rom\u00e9o Lacroix 1930-2022"},"content":{"rendered":"<p>Au C.H.G., le 23 d\u00e9cembre 2022, \u00e0 l&#8217;\u00e2ge de 92 ans, est d\u00e9c\u00e9d\u00e9 M. Rom\u00e9o Lacroix, \u00e9poux de feu\u00a0Antoinette Gravel, demeurant \u00e0 Granby.<\/p>\n<p>Il laisse dans le deuil ses enfants: Richard (Margaret Johnson) et Jocelyn (Sylvie Ouellette); sa petite-fille Byanka (Nicholas Dover); son arri\u00e8re-petite-fille Ma\u00ebva; sa s\u0153ur Fran\u00e7oise; ses fr\u00e8res Sarto, Rosaire et Jacques.\u00a0 Il \u00e9tait le p\u00e8re de feu Johanne (Alain Beauregard).\u00a0 Il laisse aussi dans le deuil plusieurs beaux-fr\u00e8res, belles-soeurs, neveux, ni\u00e8ces, autres parents et ami(e)s.<\/p>\n<p><strong>L&#8217;Aquamation a eu lieu au Bio-Cr\u00e9matorium Le Sieur de Granby.<\/strong><\/p>\n<p><strong>COMPLEXE FUN\u00c9RAIRE<\/strong><\/p>\n<p><strong>LESIEUR<\/strong><\/p>\n<p><strong>60 Boul. Pie IX, Granby, Qc<\/strong><\/p>\n<p><strong>t\u00e9l: 450-777-1414 t\u00e9lec: 450-777-0999<\/strong><\/p>\n<p><strong>www.lesieur.ca &#8211; info@lesieur.ca<\/strong><\/p>\n<p><strong>Membre de la CTQ<\/strong><\/p>\n<p>Une c\u00e9r\u00e9monie aura lieu au Complexe fun\u00e9raire Le Sieur dans la plus stricte intimit\u00e9, \u00e0 une date ult\u00e9rieure, suivie de la mise en place au Columbarium Le Sieur.<\/p>\n","protected":false},"excerpt":{"rendered":"<p>Au C.H.G., le 23 d\u00e9cembre 2022, \u00e0 l&#8217;\u00e2ge de 92 ans, est d\u00e9c\u00e9d\u00e9 M. Rom\u00e9o Lacroix, \u00e9poux de feu\u00a0Antoinette Gravel, demeurant \u00e0 Granby. Il laisse dans le deuil ses enfants: Richard (Margaret Johnson) et Jocelyn (Sylvie Ouellette); sa petite-fille Byanka (Nicholas Dover); son arri\u00e8re-petite-fille Ma\u00ebva; sa s\u0153ur Fran\u00e7oise; ses fr\u00e8res Sarto, Rosaire et Jacques.\u00a0 Il [&hellip;]<\/p>\n","protected":false},"author":1,"featured_media":13066,"comment_status":"closed","ping_status":"closed","sticky":false,"template":"","format":"standard","meta":{"_crdt_document":"","_jetpack_memberships_contains_paid_content":false,"footnotes":""},"categories":[97],"tags":[],"class_list":["post-13069","post","type-post","status-publish","format-standard","has-post-thumbnail","hentry","category-obituary"],"aioseo_notices":[],"jetpack_featured_media_url":"https:\/\/www.ja-lesieur.com\/wp-content\/uploads\/2022\/12\/Romeo-Lacroix-CARREE-jpg-e1672090396634.webp","jetpack_sharing_enabled":true,"_links":{"self":[{"href":"https:\/\/www.ja-lesieur.com\/en\/wp-json\/wp\/v2\/posts\/13069","targetHints":{"allow":["GET"]}}],"collection":[{"href":"https:\/\/www.ja-lesieur.com\/en\/wp-json\/wp\/v2\/posts"}],"about":[{"href":"https:\/\/www.ja-lesieur.com\/en\/wp-json\/wp\/v2\/types\/post"}],"author":[{"embeddable":true,"href":"https:\/\/www.ja-lesieur.com\/en\/wp-json\/wp\/v2\/users\/1"}],"replies":[{"embeddable":true,"href":"https:\/\/www.ja-lesieur.com\/en\/wp-json\/wp\/v2\/comments?post=13069"}],"version-history":[{"count":2,"href":"https:\/\/www.ja-lesieur.com\/en\/wp-json\/wp\/v2\/posts\/13069\/revisions"}],"predecessor-version":[{"id":13089,"href":"https:\/\/www.ja-lesieur.com\/en\/wp-json\/wp\/v2\/posts\/13069\/revisions\/13089"}],"wp:featuredmedia":[{"embeddable":true,"href":"https:\/\/www.ja-lesieur.com\/en\/wp-json\/wp\/v2\/media\/13066"}],"wp:attachment":[{"href":"https:\/\/www.ja-lesieur.com\/en\/wp-json\/wp\/v2\/media?parent=13069"}],"wp:term":[{"taxonomy":"category","embeddable":true,"href":"https:\/\/www.ja-lesieur.com\/en\/wp-json\/wp\/v2\/categories?post=13069"},{"taxonomy":"post_tag","embeddable":true,"href":"https:\/\/www.ja-lesieur.com\/en\/wp-json\/wp\/v2\/tags?post=13069"}],"curies":[{"name":"wp","href":"https:\/\/api.w.org\/{rel}","templated":true}]}}