{"id":13079,"date":"2022-12-24T16:30:09","date_gmt":"2022-12-24T21:30:09","guid":{"rendered":"https:\/\/www.ja-lesieur.com\/m-welley-anger-1927-2022\/"},"modified":"2022-12-30T17:11:26","modified_gmt":"2022-12-30T22:11:26","slug":"m-welley-anger-1927-2022","status":"publish","type":"post","link":"https:\/\/www.ja-lesieur.com\/en\/m-welley-anger-1927-2022\/","title":{"rendered":"M. Welley Anger 1927-2022"},"content":{"rendered":"<p>Subitement, le 24 d\u00e9cembre 2022, \u00e0 la veille de ses 96 ans, est d\u00e9c\u00e9d\u00e9 M. Welley Anger, \u00e9poux de feu Anita Fortier, demeurant \u00e0 Granby, autrefois de St-Paul-d\u2019Abbotsford.<\/p>\n<p>Il laisse dans le deuil ses fils: Jackie (Lucie Millette) et Andr\u00e9 (C\u00e9line Tremblay). Il \u00e9tait aussi le p\u00e8re de feu Ginette. Il laisse \u00e9galement sa petite-fille: Marie-\u00c8ve; ses arri\u00e8re-petits-enfants: Maya et Liam Proulx; sa s\u0153ur: Alice (feu Paul Roger); son beau-fr\u00e8re: Laurent Fortier (Pierrette Parent); sa belle-s\u0153ur: Doroth\u00e9e Tardif (feu Eddy Fortier), ainsi que plusieurs neveux, ni\u00e8ces, autres parents et amis<\/p>\n<p><strong>L&#8217;Aquamation a eu lieu au Bio-Cr\u00e9matorium Le Sieur de Granby.<\/strong><\/p>\n<p><strong>La famille vous accueillera le vendredi 30 d\u00e9cembre 2022 \u00e0 compter de midi<\/strong> <strong>au: <\/strong><\/p>\n<p style=\"text-align: center;\"><strong>COMPLEXE FUN\u00c9RAIRE<\/strong><\/p>\n<p style=\"text-align: center;\"><strong>LESIEUR<\/strong><\/p>\n<p style=\"text-align: center;\"><strong>60 Boul. Pie IX, Granby, Qc,<\/strong><\/p>\n<p style=\"text-align: center;\"><strong>t\u00e9l: 450-777-1414 t\u00e9lec: 450-777-0999<\/strong><\/p>\n<p style=\"text-align: center;\"><strong>www.lesieur.ca &#8211; info@lesieur.ca<\/strong><\/p>\n<p style=\"text-align: center;\"><strong>Membre de la CTQ<\/strong><\/p>\n<p>La Liturgie de la Parole aura lieu ce m\u00eame vendredi \u00e0 14heures, en la Chapelle du Complexe. L\u2019inhumation au cimeti\u00e8re de St-Paul-d&#8217;Abbotsford aura lieu \u00e0 une date ult\u00e9rieure.<\/p>\n<p>&nbsp;<\/p>\n<p>Vous pouvez visionner la c\u00e9r\u00e9monie <a href=\"https:\/\/www.youtube.com\/watch?v=5YnRCbEDFBc\">ICI<\/a>.<\/p>\n","protected":false},"excerpt":{"rendered":"<p>Subitement, le 24 d\u00e9cembre 2022, \u00e0 la veille de ses 96 ans, est d\u00e9c\u00e9d\u00e9 M. Welley Anger, \u00e9poux de feu Anita Fortier, demeurant \u00e0 Granby, autrefois de St-Paul-d\u2019Abbotsford. Il laisse dans le deuil ses fils: Jackie (Lucie Millette) et Andr\u00e9 (C\u00e9line Tremblay). Il \u00e9tait aussi le p\u00e8re de feu Ginette. Il laisse \u00e9galement sa petite-fille: [&hellip;]<\/p>\n","protected":false},"author":1,"featured_media":13086,"comment_status":"closed","ping_status":"closed","sticky":false,"template":"","format":"standard","meta":{"_crdt_document":"","_jetpack_memberships_contains_paid_content":false,"footnotes":""},"categories":[97],"tags":[],"class_list":["post-13079","post","type-post","status-publish","format-standard","has-post-thumbnail","hentry","category-obituary"],"aioseo_notices":[],"jetpack_featured_media_url":"https:\/\/www.ja-lesieur.com\/wp-content\/uploads\/2022\/12\/Welley-Anger-Carree-1-jpg-e1672152788506.webp","jetpack_sharing_enabled":true,"_links":{"self":[{"href":"https:\/\/www.ja-lesieur.com\/en\/wp-json\/wp\/v2\/posts\/13079","targetHints":{"allow":["GET"]}}],"collection":[{"href":"https:\/\/www.ja-lesieur.com\/en\/wp-json\/wp\/v2\/posts"}],"about":[{"href":"https:\/\/www.ja-lesieur.com\/en\/wp-json\/wp\/v2\/types\/post"}],"author":[{"embeddable":true,"href":"https:\/\/www.ja-lesieur.com\/en\/wp-json\/wp\/v2\/users\/1"}],"replies":[{"embeddable":true,"href":"https:\/\/www.ja-lesieur.com\/en\/wp-json\/wp\/v2\/comments?post=13079"}],"version-history":[{"count":2,"href":"https:\/\/www.ja-lesieur.com\/en\/wp-json\/wp\/v2\/posts\/13079\/revisions"}],"predecessor-version":[{"id":13128,"href":"https:\/\/www.ja-lesieur.com\/en\/wp-json\/wp\/v2\/posts\/13079\/revisions\/13128"}],"wp:featuredmedia":[{"embeddable":true,"href":"https:\/\/www.ja-lesieur.com\/en\/wp-json\/wp\/v2\/media\/13086"}],"wp:attachment":[{"href":"https:\/\/www.ja-lesieur.com\/en\/wp-json\/wp\/v2\/media?parent=13079"}],"wp:term":[{"taxonomy":"category","embeddable":true,"href":"https:\/\/www.ja-lesieur.com\/en\/wp-json\/wp\/v2\/categories?post=13079"},{"taxonomy":"post_tag","embeddable":true,"href":"https:\/\/www.ja-lesieur.com\/en\/wp-json\/wp\/v2\/tags?post=13079"}],"curies":[{"name":"wp","href":"https:\/\/api.w.org\/{rel}","templated":true}]}}