{"id":13216,"date":"2023-01-07T13:58:00","date_gmt":"2023-01-07T18:58:00","guid":{"rendered":"https:\/\/www.ja-lesieur.com\/m-eric-poirier-1974-2023\/"},"modified":"2023-01-19T09:20:08","modified_gmt":"2023-01-19T14:20:08","slug":"m-eric-poirier-1974-2023","status":"publish","type":"post","link":"https:\/\/www.ja-lesieur.com\/en\/m-eric-poirier-1974-2023\/","title":{"rendered":"M. \u00c9ric Poirier 1974-2023"},"content":{"rendered":"<p>\u00c0 son domicile de Sainte-Ad\u00e8le le 7 janvier 2023, \u00e0 l\u2019aube de ses 49 ans, est d\u00e9c\u00e9d\u00e9 subitement \u00c9ric Poirier, fils de feu Fran\u00e7ois Poirier et feu Pierrette Hamilton.<\/p>\n<p>Il laisse dans le deuil son \u00e9pouse Johanne Messier, son fils : Thomas Messier (William Villeneuve), son fr\u00e8re : Marc Poirier (Shelley Chapatis) son neveu et sa ni\u00e8ce : Anders et Sienna Poirier et sa belle-m\u00e8re Jeannine Lussier. Il laisse \u00e9galement dans le deuil son associ\u00e9 : Simon Lepage, sa belle-s\u0153ur : Lorraine, son beau-fr\u00e8re : George ainsi que plusieurs oncles, tantes, cousins, cousines, nombreux ami(e)s et coll\u00e8gues de travail.<\/p>\n<p><strong>L&#8217;Aquamation a eu lieu au Bio-Cr\u00e9matorium Le Sieur de Granby.<\/strong><\/p>\n<p style=\"text-align: center;\"><strong>COMPLEXE FUN\u00c9RAIRE<\/strong><\/p>\n<p style=\"text-align: center;\"><strong>LESIEUR<\/strong><\/p>\n<p style=\"text-align: center;\"><strong>60 Boul. Pie IX, Granby, Qc,<\/strong><\/p>\n<p style=\"text-align: center;\"><strong>t\u00e9l: 450-777-1414 t\u00e9lec: 450-777-0999<\/strong><\/p>\n<p style=\"text-align: center;\"><strong>www.lesieur.ca &#8211; info@lesieur.ca<\/strong><\/p>\n<p style=\"text-align: center;\"><strong>Membre de la CTQ<\/strong><\/p>\n<p>La famille recevra les condol\u00e9ances le samedi le<strong> 28 janvier 2023 de 13 h \u00e0 17 h \u00e0 la <\/strong><\/p>\n<p style=\"text-align: center;\"><strong>Place des Citoyens,<\/strong><\/p>\n<p style=\"text-align: center;\"><strong> 999 boul. Sainte-Ad\u00e8le, <\/strong><\/p>\n<p style=\"text-align: center;\"><strong>Sainte-Ad\u00e8le, Qc. J8B 2N4<\/strong><\/p>\n<p>Vos t\u00e9moignages de sympathie peuvent se traduire par un don \u00e0 la Fondation des maladies du c\u0153ur\u00a0 \u00a0https:\/\/www.coeuretavc.ca\/<\/p>\n","protected":false},"excerpt":{"rendered":"<p>\u00c0 son domicile de Sainte-Ad\u00e8le le 7 janvier 2023, \u00e0 l\u2019aube de ses 49 ans, est d\u00e9c\u00e9d\u00e9 subitement \u00c9ric Poirier, fils de feu Fran\u00e7ois Poirier et feu Pierrette Hamilton. Il laisse dans le deuil son \u00e9pouse Johanne Messier, son fils : Thomas Messier (William Villeneuve), son fr\u00e8re : Marc Poirier (Shelley Chapatis) son neveu et [&hellip;]<\/p>\n","protected":false},"author":1,"featured_media":13214,"comment_status":"closed","ping_status":"closed","sticky":false,"template":"","format":"standard","meta":{"_crdt_document":"","_jetpack_memberships_contains_paid_content":false,"footnotes":""},"categories":[97],"tags":[],"class_list":["post-13216","post","type-post","status-publish","format-standard","has-post-thumbnail","hentry","category-obituary"],"aioseo_notices":[],"jetpack_featured_media_url":"https:\/\/www.ja-lesieur.com\/wp-content\/uploads\/2023\/01\/Eric-Poirier-carree-jpg-e1673636335998.webp","jetpack_sharing_enabled":true,"_links":{"self":[{"href":"https:\/\/www.ja-lesieur.com\/en\/wp-json\/wp\/v2\/posts\/13216","targetHints":{"allow":["GET"]}}],"collection":[{"href":"https:\/\/www.ja-lesieur.com\/en\/wp-json\/wp\/v2\/posts"}],"about":[{"href":"https:\/\/www.ja-lesieur.com\/en\/wp-json\/wp\/v2\/types\/post"}],"author":[{"embeddable":true,"href":"https:\/\/www.ja-lesieur.com\/en\/wp-json\/wp\/v2\/users\/1"}],"replies":[{"embeddable":true,"href":"https:\/\/www.ja-lesieur.com\/en\/wp-json\/wp\/v2\/comments?post=13216"}],"version-history":[{"count":3,"href":"https:\/\/www.ja-lesieur.com\/en\/wp-json\/wp\/v2\/posts\/13216\/revisions"}],"predecessor-version":[{"id":13262,"href":"https:\/\/www.ja-lesieur.com\/en\/wp-json\/wp\/v2\/posts\/13216\/revisions\/13262"}],"wp:featuredmedia":[{"embeddable":true,"href":"https:\/\/www.ja-lesieur.com\/en\/wp-json\/wp\/v2\/media\/13214"}],"wp:attachment":[{"href":"https:\/\/www.ja-lesieur.com\/en\/wp-json\/wp\/v2\/media?parent=13216"}],"wp:term":[{"taxonomy":"category","embeddable":true,"href":"https:\/\/www.ja-lesieur.com\/en\/wp-json\/wp\/v2\/categories?post=13216"},{"taxonomy":"post_tag","embeddable":true,"href":"https:\/\/www.ja-lesieur.com\/en\/wp-json\/wp\/v2\/tags?post=13216"}],"curies":[{"name":"wp","href":"https:\/\/api.w.org\/{rel}","templated":true}]}}