{"id":13619,"date":"2023-03-11T16:45:34","date_gmt":"2023-03-11T21:45:34","guid":{"rendered":"https:\/\/www.ja-lesieur.com\/m-andre-labbe-1935-2023\/"},"modified":"2023-03-15T11:19:57","modified_gmt":"2023-03-15T15:19:57","slug":"m-andre-labbe-1935-2023","status":"publish","type":"post","link":"https:\/\/www.ja-lesieur.com\/en\/m-andre-labbe-1935-2023\/","title":{"rendered":"M. Andr\u00e9 Labb\u00e9 1935-2023"},"content":{"rendered":"<p>Au Centre hospitalier de Granby, le 11 mars 2023, \u00e0 l&#8217;\u00e2ge de 88 ans, est d\u00e9c\u00e9d\u00e9 M. Andr\u00e9 Labb\u00e9, conjoint de Mme C\u00e9line Arbour, demeurant \u00e0 Granby.<\/p>\n<p>Outre sa conjointe, il laisse dans le deuil, son fils Alain (Jos\u00e9e Chartrand) et sa fille Nathalie (Michel Millette), ses petits-enfants: Jonathan (Korine Dion) et Genevi\u00e8ve, les enfants de sa conjointe: Isabelle M\u00e9nard (\u00c9rik Allaire), Dominic M\u00e9nard (Chantal Laflamme) et leurs enfants: Anthony et Justin Allaire, Yanka, Alex et Caleb M\u00e9nard: ses arri\u00e8re-petits-enfants, sa belle-s\u0153ur Th\u00e9r\u00e8se Vachon Labb\u00e9 et de la famille Arbour, ses belles-s\u0153urs Louise, Lucie (Denis Raymond) et Ren\u00e9e (Herv\u00e9 Evrard) ainsi que de nombreux parents et amis.<\/p>\n<p><strong>L&#8217;Aquamation a eu lieu au Bio-Cr\u00e9matorium Le Sieur de Granby.<\/strong><\/p>\n<p><strong>La famille vous accueillera le samedi 25 mars 2023 \u00e0 compter de 13 h 30 au <\/strong><\/p>\n<p>&nbsp;<\/p>\n<p style=\"text-align: center;\"><strong>COMPLEXE FUN\u00c9RAIRE<\/strong><\/p>\n<p style=\"text-align: center;\"><strong>LESIEUR<\/strong><\/p>\n<p style=\"text-align: center;\"><strong>60 Boul. Pie IX, Granby, Qc,<\/strong><\/p>\n<p style=\"text-align: center;\"><strong>t\u00e9l: 450-777-1414 t\u00e9lec: 450-777-0999<\/strong><\/p>\n<p style=\"text-align: center;\"><strong>www.lesieur.ca &#8211; info@lesieur.ca<\/strong><\/p>\n<p style=\"text-align: center;\"><strong>Membre de la CTQ<\/strong><\/p>\n<p>\u00a0 Une c\u00e9r\u00e9monie de la parole sera c\u00e9l\u00e9br\u00e9e le samedi 25 mars \u00e0 15 h 30 heures en la Chapelle Le Sieur.<\/p>\n","protected":false},"excerpt":{"rendered":"<p>Au Centre hospitalier de Granby, le 11 mars 2023, \u00e0 l&#8217;\u00e2ge de 88 ans, est d\u00e9c\u00e9d\u00e9 M. Andr\u00e9 Labb\u00e9, conjoint de Mme C\u00e9line Arbour, demeurant \u00e0 Granby. Outre sa conjointe, il laisse dans le deuil, son fils Alain (Jos\u00e9e Chartrand) et sa fille Nathalie (Michel Millette), ses petits-enfants: Jonathan (Korine Dion) et Genevi\u00e8ve, les enfants [&hellip;]<\/p>\n","protected":false},"author":1,"featured_media":13615,"comment_status":"closed","ping_status":"closed","sticky":false,"template":"","format":"standard","meta":{"_crdt_document":"","_jetpack_memberships_contains_paid_content":false,"footnotes":""},"categories":[97],"tags":[],"class_list":["post-13619","post","type-post","status-publish","format-standard","has-post-thumbnail","hentry","category-obituary"],"aioseo_notices":[],"jetpack_featured_media_url":"https:\/\/www.ja-lesieur.com\/wp-content\/uploads\/2023\/03\/Andre-Labbe-carree-jpg-e1678825771593.webp","jetpack_sharing_enabled":true,"_links":{"self":[{"href":"https:\/\/www.ja-lesieur.com\/en\/wp-json\/wp\/v2\/posts\/13619","targetHints":{"allow":["GET"]}}],"collection":[{"href":"https:\/\/www.ja-lesieur.com\/en\/wp-json\/wp\/v2\/posts"}],"about":[{"href":"https:\/\/www.ja-lesieur.com\/en\/wp-json\/wp\/v2\/types\/post"}],"author":[{"embeddable":true,"href":"https:\/\/www.ja-lesieur.com\/en\/wp-json\/wp\/v2\/users\/1"}],"replies":[{"embeddable":true,"href":"https:\/\/www.ja-lesieur.com\/en\/wp-json\/wp\/v2\/comments?post=13619"}],"version-history":[{"count":2,"href":"https:\/\/www.ja-lesieur.com\/en\/wp-json\/wp\/v2\/posts\/13619\/revisions"}],"predecessor-version":[{"id":13623,"href":"https:\/\/www.ja-lesieur.com\/en\/wp-json\/wp\/v2\/posts\/13619\/revisions\/13623"}],"wp:featuredmedia":[{"embeddable":true,"href":"https:\/\/www.ja-lesieur.com\/en\/wp-json\/wp\/v2\/media\/13615"}],"wp:attachment":[{"href":"https:\/\/www.ja-lesieur.com\/en\/wp-json\/wp\/v2\/media?parent=13619"}],"wp:term":[{"taxonomy":"category","embeddable":true,"href":"https:\/\/www.ja-lesieur.com\/en\/wp-json\/wp\/v2\/categories?post=13619"},{"taxonomy":"post_tag","embeddable":true,"href":"https:\/\/www.ja-lesieur.com\/en\/wp-json\/wp\/v2\/tags?post=13619"}],"curies":[{"name":"wp","href":"https:\/\/api.w.org\/{rel}","templated":true}]}}