{"id":13787,"date":"2023-02-09T13:01:36","date_gmt":"2023-02-09T18:01:36","guid":{"rendered":"https:\/\/www.ja-lesieur.com\/mme-danielle-boucher-1947-2023\/"},"modified":"2023-02-09T13:01:36","modified_gmt":"2023-02-09T18:01:36","slug":"mme-danielle-boucher-1947-2023","status":"publish","type":"post","link":"https:\/\/www.ja-lesieur.com\/en\/mme-danielle-boucher-1947-2023\/","title":{"rendered":"Mme Danielle Boucher 1947-2023"},"content":{"rendered":"<p>Le 9 f\u00e9vrier 2023, est d\u00e9c\u00e9d\u00e9e, \u00e0 l\u2019h\u00f4pital de Chicoutimi, \u00e0 l\u2019\u00e2ge de 75 ans, Mme Danielle Boucher, fille de feu G\u00e9rard Boucher et de feu Lucette Gagn\u00e9.<\/p>\n<p>Outre son mari, monsieur R\u00e9nald Boivin, elle laisse dans le deuil\u00a0ses deux gar\u00e7ons; St\u00e9phane (Marie-Pierre Lagac\u00e9) et Luc Boivin; ses deux petits-fils\u00a0: Simon et \u00c9douard Boivin; ses fr\u00e8res et s\u0153urs\u00a0: feu Denise Boucher (feu L\u00e9o Lambert), Mich\u00e8le Boucher (Jocelyn Tremblay), feu Marielle Boucher, Gervais Boucher; ses beaux-fr\u00e8res et belles-s\u0153urs\u00a0: Arlette Boivin (R\u00e9jean Grenier), Mario Boivin (Rachelle Saint-Jacques), Serge Boivin (Line Tremblay), R\u00e9mi Boivin, feu Patrice Boivin (H\u00e9l\u00e8ne Truchon), Bruno Boivin.<\/p>\n<p>Elle laisse \u00e9galement dans le deuil de nombreux neveux et ni\u00e8ces, parents et amis.<\/p>\n<p>Afin d\u2019honorer sa m\u00e9moire, les membres de la famille vous invitent \u00e0 un banquet qui se tiendra <strong>le 22 avril prochain, de 11 \u00e0 15 heures, \u00e0 la salle Le Calypso, 3812 Rue d\u2019Auteuil Jonqui\u00e8re.<\/strong> <strong>L&#8217;Aquamation a eu lieu au Bio-Cr\u00e9matorium Le Sieur de Granby.<\/strong><\/p>\n<p style=\"text-align: center;\"><strong>COMPLEXE FUN\u00c9RAIRE<\/strong><\/p>\n<p style=\"text-align: center;\"><strong>LESIEUR<\/strong><\/p>\n<p style=\"text-align: center;\"><strong>60 Boul. Pie IX, Granby, Qc,<\/strong><\/p>\n<p style=\"text-align: center;\"><strong>t\u00e9l: 450-777-1414 t\u00e9lec: 450-777-0999<\/strong><\/p>\n<p style=\"text-align: center;\"><strong>www.lesieur.ca &#8211; info@lesieur.ca<\/strong><\/p>\n<p style=\"text-align: center;\"><strong>Membre de la CTQ<\/strong><\/p>\n<p style=\"text-align: center;\">\n","protected":false},"excerpt":{"rendered":"<p>Le 9 f\u00e9vrier 2023, est d\u00e9c\u00e9d\u00e9e, \u00e0 l\u2019h\u00f4pital de Chicoutimi, \u00e0 l\u2019\u00e2ge de 75 ans, Mme Danielle Boucher, fille de feu G\u00e9rard Boucher et de feu Lucette Gagn\u00e9. Outre son mari, monsieur R\u00e9nald Boivin, elle laisse dans le deuil\u00a0ses deux gar\u00e7ons; St\u00e9phane (Marie-Pierre Lagac\u00e9) et Luc Boivin; ses deux petits-fils\u00a0: Simon et \u00c9douard Boivin; ses [&hellip;]<\/p>\n","protected":false},"author":1,"featured_media":13785,"comment_status":"closed","ping_status":"closed","sticky":false,"template":"","format":"standard","meta":{"_crdt_document":"","_jetpack_memberships_contains_paid_content":false,"footnotes":""},"categories":[97],"tags":[],"class_list":["post-13787","post","type-post","status-publish","format-standard","has-post-thumbnail","hentry","category-obituary"],"aioseo_notices":[],"jetpack_featured_media_url":"https:\/\/www.ja-lesieur.com\/wp-content\/uploads\/2023\/04\/Danielle-Boucher-carree-jpg-e1681320251211.webp","jetpack_sharing_enabled":true,"_links":{"self":[{"href":"https:\/\/www.ja-lesieur.com\/en\/wp-json\/wp\/v2\/posts\/13787","targetHints":{"allow":["GET"]}}],"collection":[{"href":"https:\/\/www.ja-lesieur.com\/en\/wp-json\/wp\/v2\/posts"}],"about":[{"href":"https:\/\/www.ja-lesieur.com\/en\/wp-json\/wp\/v2\/types\/post"}],"author":[{"embeddable":true,"href":"https:\/\/www.ja-lesieur.com\/en\/wp-json\/wp\/v2\/users\/1"}],"replies":[{"embeddable":true,"href":"https:\/\/www.ja-lesieur.com\/en\/wp-json\/wp\/v2\/comments?post=13787"}],"version-history":[{"count":0,"href":"https:\/\/www.ja-lesieur.com\/en\/wp-json\/wp\/v2\/posts\/13787\/revisions"}],"wp:featuredmedia":[{"embeddable":true,"href":"https:\/\/www.ja-lesieur.com\/en\/wp-json\/wp\/v2\/media\/13785"}],"wp:attachment":[{"href":"https:\/\/www.ja-lesieur.com\/en\/wp-json\/wp\/v2\/media?parent=13787"}],"wp:term":[{"taxonomy":"category","embeddable":true,"href":"https:\/\/www.ja-lesieur.com\/en\/wp-json\/wp\/v2\/categories?post=13787"},{"taxonomy":"post_tag","embeddable":true,"href":"https:\/\/www.ja-lesieur.com\/en\/wp-json\/wp\/v2\/tags?post=13787"}],"curies":[{"name":"wp","href":"https:\/\/api.w.org\/{rel}","templated":true}]}}