{"id":13799,"date":"2023-04-11T09:49:42","date_gmt":"2023-04-11T13:49:42","guid":{"rendered":"https:\/\/www.ja-lesieur.com\/m-andre-roussel-1939-2023\/"},"modified":"2023-04-11T09:49:42","modified_gmt":"2023-04-11T13:49:42","slug":"m-andre-roussel-1939-2023","status":"publish","type":"post","link":"https:\/\/www.ja-lesieur.com\/en\/m-andre-roussel-1939-2023\/","title":{"rendered":"M. Andr\u00e9 Roussel 1939-2023"},"content":{"rendered":"<p>\u00c0 l\u2019H\u00f4pital de Rimouski, paisiblement et entour\u00e9 des siens, le 11 avril 2023, \u00e0 l&#8217;\u00e2ge de 83 ans, est d\u00e9c\u00e9d\u00e9 M. Andr\u00e9 Roussel, \u00e9poux de Mme Fernande Santerre, demeurant \u00e0 Esprit-Saint.<\/p>\n<p>Outre son \u00e9pouse Fernande, il laisse dans le deuil son fils Christian (Kim Beaudin); ses petits-enfants: Marina (Jonathan B\u00e9langer) et Vincent Roussel, Daphn\u00e9e (Jean-Philippe Cyr) et No\u00e9mie Busque; ses arri\u00e8re-petits-enfants: Everly, Amy, Shawn et Jayden B\u00e9langer; ses fr\u00e8res et s\u0153urs, beaux-fr\u00e8res et belles-s\u0153urs ainsi que plusieurs neveux, ni\u00e8ces, autres parents et amis.<\/p>\n<p style=\"text-align: left;\"><strong>L&#8217;Aquamation a eu lieu au Bio-Cr\u00e9matorium Le Sieur du\u00a0:<\/strong><\/p>\n<p style=\"text-align: center;\"><strong>COMPLEXE FUN\u00c9RAIRE<\/strong><\/p>\n<p style=\"text-align: center;\"><strong>LESIEUR<\/strong><\/p>\n<p style=\"text-align: center;\"><strong>60 Boul. Pie IX, Granby, Qc,<\/strong><\/p>\n<p style=\"text-align: center;\"><strong>t\u00e9l: 450-777-1414 t\u00e9lec: 450-777-0999<\/strong><\/p>\n<p style=\"text-align: center;\"><strong>www.lesieur.ca &#8211; info@lesieur.ca<\/strong><\/p>\n<p style=\"text-align: center;\"><strong>Membre de la CTQ<\/strong><\/p>\n<p><strong>La famille accueillera parents et amis \u00e0 la Salle Municipale d\u2019Esprit-Saint, 121 rue Principale, Esprit-Saint, QC G0K 1A0, le samedi 22 avril 2023 de 9 heures \u00e0 midi.<\/strong><\/p>\n<p>La famille d\u00e9sire remercier sinc\u00e8rement L\u00e9onard et Jeanne-Mance pour leur pr\u00e9sence, les bons soins et toutes les attentions apport\u00e9es \u00e0 M. Roussel durant toutes ces ann\u00e9es ainsi que le personnel de l&#8217;H\u00f4pital de Rimouski pour leur humanit\u00e9 et leur d\u00e9vouement.<\/p>\n<p>&nbsp;<\/p>\n","protected":false},"excerpt":{"rendered":"<p>\u00c0 l\u2019H\u00f4pital de Rimouski, paisiblement et entour\u00e9 des siens, le 11 avril 2023, \u00e0 l&#8217;\u00e2ge de 83 ans, est d\u00e9c\u00e9d\u00e9 M. Andr\u00e9 Roussel, \u00e9poux de Mme Fernande Santerre, demeurant \u00e0 Esprit-Saint. Outre son \u00e9pouse Fernande, il laisse dans le deuil son fils Christian (Kim Beaudin); ses petits-enfants: Marina (Jonathan B\u00e9langer) et Vincent Roussel, Daphn\u00e9e (Jean-Philippe [&hellip;]<\/p>\n","protected":false},"author":1,"featured_media":13797,"comment_status":"closed","ping_status":"closed","sticky":false,"template":"","format":"standard","meta":{"_crdt_document":"","_jetpack_memberships_contains_paid_content":false,"footnotes":""},"categories":[97],"tags":[],"class_list":["post-13799","post","type-post","status-publish","format-standard","has-post-thumbnail","hentry","category-obituary"],"aioseo_notices":[],"jetpack_featured_media_url":"https:\/\/www.ja-lesieur.com\/wp-content\/uploads\/2023\/04\/Andre-Roussel-Carree-jpg-e1681393845920.webp","jetpack_sharing_enabled":true,"_links":{"self":[{"href":"https:\/\/www.ja-lesieur.com\/en\/wp-json\/wp\/v2\/posts\/13799","targetHints":{"allow":["GET"]}}],"collection":[{"href":"https:\/\/www.ja-lesieur.com\/en\/wp-json\/wp\/v2\/posts"}],"about":[{"href":"https:\/\/www.ja-lesieur.com\/en\/wp-json\/wp\/v2\/types\/post"}],"author":[{"embeddable":true,"href":"https:\/\/www.ja-lesieur.com\/en\/wp-json\/wp\/v2\/users\/1"}],"replies":[{"embeddable":true,"href":"https:\/\/www.ja-lesieur.com\/en\/wp-json\/wp\/v2\/comments?post=13799"}],"version-history":[{"count":0,"href":"https:\/\/www.ja-lesieur.com\/en\/wp-json\/wp\/v2\/posts\/13799\/revisions"}],"wp:featuredmedia":[{"embeddable":true,"href":"https:\/\/www.ja-lesieur.com\/en\/wp-json\/wp\/v2\/media\/13797"}],"wp:attachment":[{"href":"https:\/\/www.ja-lesieur.com\/en\/wp-json\/wp\/v2\/media?parent=13799"}],"wp:term":[{"taxonomy":"category","embeddable":true,"href":"https:\/\/www.ja-lesieur.com\/en\/wp-json\/wp\/v2\/categories?post=13799"},{"taxonomy":"post_tag","embeddable":true,"href":"https:\/\/www.ja-lesieur.com\/en\/wp-json\/wp\/v2\/tags?post=13799"}],"curies":[{"name":"wp","href":"https:\/\/api.w.org\/{rel}","templated":true}]}}