{"id":14094,"date":"2023-06-12T15:02:52","date_gmt":"2023-06-12T19:02:52","guid":{"rendered":"https:\/\/www.ja-lesieur.com\/mme-maria-raimundo-pereira-1941-2023\/"},"modified":"2023-06-14T15:17:52","modified_gmt":"2023-06-14T19:17:52","slug":"mme-maria-raimundo-pereira-1941-2023","status":"publish","type":"post","link":"https:\/\/www.ja-lesieur.com\/en\/mme-maria-raimundo-pereira-1941-2023\/","title":{"rendered":"Mme Maria Raimundo-Pereira 1941-2023"},"content":{"rendered":"<p>\u00c0 la Maison au Diapason de Bromont, le 12 juin 2023, \u00e0 l&#8217;\u00e2ge de 81 ans, est d\u00e9c\u00e9d\u00e9e Mme Maria Pereira, n\u00e9e Raimundo \u00e9pouse de M. Jean Pereira, demeurant \u00e0 Granby.<\/p>\n<p>Outre son \u00e9poux Jean, elle laisse dans le deuil ses enfants: Daniel (Caroline Leclair) et\u00a0Mario (Marie \u00c9laine Beaudry); ses petits-enfants: Danny, David (Sabrina), Shawn (Katrine), Steven (Audrey), Kevin et Alexandra (Etienne); ses arri\u00e8re-petits-enfants; sa soeur Mariange Defrias ainsi que plusieurs neveux, ni\u00e8ces, autres parents et ami(e)s.<\/p>\n<p><strong>L&#8217;Aquamation a eu lieu au Bio-Cr\u00e9matorium Le Sieur de Granby.<\/strong><\/p>\n<p style=\"text-align: center;\"><strong>COMPLEXE FUN\u00c9RAIRE<\/strong><\/p>\n<p style=\"text-align: center;\"><strong>LESIEUR<\/strong><\/p>\n<p style=\"text-align: center;\"><strong>60 Boul. Pie IX, Granby, Qc,<\/strong><\/p>\n<p style=\"text-align: center;\"><strong>t\u00e9l: 450-777-1414 t\u00e9lec: 450-777-0999<\/strong><\/p>\n<p style=\"text-align: center;\"><strong>www.lesieur.ca &#8211; info@lesieur.ca<\/strong><\/p>\n<p style=\"text-align: center;\"><strong>Membre de la CTQ<\/strong><\/p>\n<p>Afin de respecter les derni\u00e8res volont\u00e9s de Mme Maria Pereira, il n&#8217;y aura pas d&#8217;exposition.\u00a0\u00a0Une c\u00e9r\u00e9monie a eu lieu au dans la plus stricte intimit\u00e9.<\/p>\n<p>Des dons \u00e0 la Fondation du Diapason seraient appr\u00e9ci\u00e9s <a href=\"http:\/\/www.audiapason.org\">www.audiapason.org<\/a><\/p>\n<p>La famille d\u00e9sire remercier le Dr. Christian Beauchesne et le personnel du CLSC et de la Maison au Diapason pour les bons soins prodigu\u00e9s \u00e0 Mme Pereira.<\/p>\n","protected":false},"excerpt":{"rendered":"<p>\u00c0 la Maison au Diapason de Bromont, le 12 juin 2023, \u00e0 l&#8217;\u00e2ge de 81 ans, est d\u00e9c\u00e9d\u00e9e Mme Maria Pereira, n\u00e9e Raimundo \u00e9pouse de M. Jean Pereira, demeurant \u00e0 Granby. Outre son \u00e9poux Jean, elle laisse dans le deuil ses enfants: Daniel (Caroline Leclair) et\u00a0Mario (Marie \u00c9laine Beaudry); ses petits-enfants: Danny, David (Sabrina), Shawn [&hellip;]<\/p>\n","protected":false},"author":1,"featured_media":14092,"comment_status":"closed","ping_status":"closed","sticky":false,"template":"","format":"standard","meta":{"_crdt_document":"","_jetpack_memberships_contains_paid_content":false,"footnotes":""},"categories":[97],"tags":[],"class_list":["post-14094","post","type-post","status-publish","format-standard","has-post-thumbnail","hentry","category-obituary"],"aioseo_notices":[],"jetpack_featured_media_url":"https:\/\/www.ja-lesieur.com\/wp-content\/uploads\/2023\/06\/Maria-Raimundo-CARREE-jpg-e1686682962972.webp","jetpack_sharing_enabled":true,"_links":{"self":[{"href":"https:\/\/www.ja-lesieur.com\/en\/wp-json\/wp\/v2\/posts\/14094","targetHints":{"allow":["GET"]}}],"collection":[{"href":"https:\/\/www.ja-lesieur.com\/en\/wp-json\/wp\/v2\/posts"}],"about":[{"href":"https:\/\/www.ja-lesieur.com\/en\/wp-json\/wp\/v2\/types\/post"}],"author":[{"embeddable":true,"href":"https:\/\/www.ja-lesieur.com\/en\/wp-json\/wp\/v2\/users\/1"}],"replies":[{"embeddable":true,"href":"https:\/\/www.ja-lesieur.com\/en\/wp-json\/wp\/v2\/comments?post=14094"}],"version-history":[{"count":2,"href":"https:\/\/www.ja-lesieur.com\/en\/wp-json\/wp\/v2\/posts\/14094\/revisions"}],"predecessor-version":[{"id":14103,"href":"https:\/\/www.ja-lesieur.com\/en\/wp-json\/wp\/v2\/posts\/14094\/revisions\/14103"}],"wp:featuredmedia":[{"embeddable":true,"href":"https:\/\/www.ja-lesieur.com\/en\/wp-json\/wp\/v2\/media\/14092"}],"wp:attachment":[{"href":"https:\/\/www.ja-lesieur.com\/en\/wp-json\/wp\/v2\/media?parent=14094"}],"wp:term":[{"taxonomy":"category","embeddable":true,"href":"https:\/\/www.ja-lesieur.com\/en\/wp-json\/wp\/v2\/categories?post=14094"},{"taxonomy":"post_tag","embeddable":true,"href":"https:\/\/www.ja-lesieur.com\/en\/wp-json\/wp\/v2\/tags?post=14094"}],"curies":[{"name":"wp","href":"https:\/\/api.w.org\/{rel}","templated":true}]}}