{"id":15226,"date":"2023-10-20T11:02:25","date_gmt":"2023-10-20T15:02:25","guid":{"rendered":"https:\/\/www.ja-lesieur.com\/m-andre-mille-1940-2023\/"},"modified":"2023-10-24T14:51:44","modified_gmt":"2023-10-24T18:51:44","slug":"m-andre-mille-1940-2023","status":"publish","type":"post","link":"https:\/\/www.ja-lesieur.com\/en\/m-andre-mille-1940-2023\/","title":{"rendered":"M. Andr\u00e9 Mille 1940-2023"},"content":{"rendered":"<p>C\u2019est avec beaucoup de tristesse que nous vous faisons part du d\u00e9c\u00e8s de M. Andr\u00e9 Mille, survenu \u00e0 Granby le 20 octobre 2023, \u00e0 l\u2019\u00e2ge de 83 ans. Il \u00e9tait le fils de feu C\u00e9lestine Bernieri, et de feu Joseph Mille.<\/p>\n<p>Outre son \u00e9pouse Liliane Mauduy-Mille, il laisse dans le deuil ses enfants : Fr\u00e9d\u00e9ric (Val\u00e9rie Gamache) Christine (Gilles Gagnon); ses petits-enfants : Rapha\u00ebl, \u00c9lodie, C\u00e9cilia, Florence, Camille, Gabrielle, Jade, Renaud; ses arri\u00e8re-petits-enfants: \u00c9l\u00e9onore, Micka\u00ebl, Maelie, Laure, Alice, L\u00e9a, Agathe, Agn\u00e8s, Charlotte et \u00c9lisabeth; son fr\u00e8re Michel; ses beaux-fr\u00e8res et belles-s\u0153urs : Nadine, Maurice, Pierre, France, Gis\u00e8le, Jos\u00e9 et Marie.<\/p>\n<p><strong>L&#8217;Aquamation a eu lieu au Bio-Cr\u00e9matorium Le Sieur de Granby.<\/strong><\/p>\n<p><strong>COMPLEXE FUN\u00c9RAIRE<\/strong><\/p>\n<p><strong>LESIEUR<\/strong><\/p>\n<p><strong>60 Boul. Pie IX, Granby, Qc,<\/strong><\/p>\n<p><strong>t\u00e9l: 450-777-1414 t\u00e9lec: 450-777-0999<\/strong><\/p>\n<p><strong>www.lesieur.ca &#8211; info@lesieur.ca<\/strong><\/p>\n<p><strong>Membre de la CTQ<\/strong><\/p>\n<p>Afin de respecter les derni\u00e8res volont\u00e9s de M. Andr\u00e9 Mille, il n&#8217;y aura pas d&#8217;exposition. Une c\u00e9r\u00e9monie aura lieu \u00e0 une date ult\u00e9rieure.<\/p>\n","protected":false},"excerpt":{"rendered":"<p>C\u2019est avec beaucoup de tristesse que nous vous faisons part du d\u00e9c\u00e8s de M. Andr\u00e9 Mille, survenu \u00e0 Granby le 20 octobre 2023, \u00e0 l\u2019\u00e2ge de 83 ans. Il \u00e9tait le fils de feu C\u00e9lestine Bernieri, et de feu Joseph Mille. Outre son \u00e9pouse Liliane Mauduy-Mille, il laisse dans le deuil ses enfants : Fr\u00e9d\u00e9ric [&hellip;]<\/p>\n","protected":false},"author":1,"featured_media":15224,"comment_status":"closed","ping_status":"closed","sticky":false,"template":"","format":"standard","meta":{"_crdt_document":"","_jetpack_memberships_contains_paid_content":false,"footnotes":""},"categories":[97],"tags":[],"class_list":["post-15226","post","type-post","status-publish","format-standard","has-post-thumbnail","hentry","category-obituary"],"aioseo_notices":[],"jetpack_featured_media_url":"https:\/\/www.ja-lesieur.com\/wp-content\/uploads\/2023\/10\/Andre-Mille-carre-jpg-e1698073247867.webp","jetpack_sharing_enabled":true,"_links":{"self":[{"href":"https:\/\/www.ja-lesieur.com\/en\/wp-json\/wp\/v2\/posts\/15226","targetHints":{"allow":["GET"]}}],"collection":[{"href":"https:\/\/www.ja-lesieur.com\/en\/wp-json\/wp\/v2\/posts"}],"about":[{"href":"https:\/\/www.ja-lesieur.com\/en\/wp-json\/wp\/v2\/types\/post"}],"author":[{"embeddable":true,"href":"https:\/\/www.ja-lesieur.com\/en\/wp-json\/wp\/v2\/users\/1"}],"replies":[{"embeddable":true,"href":"https:\/\/www.ja-lesieur.com\/en\/wp-json\/wp\/v2\/comments?post=15226"}],"version-history":[{"count":2,"href":"https:\/\/www.ja-lesieur.com\/en\/wp-json\/wp\/v2\/posts\/15226\/revisions"}],"predecessor-version":[{"id":15255,"href":"https:\/\/www.ja-lesieur.com\/en\/wp-json\/wp\/v2\/posts\/15226\/revisions\/15255"}],"wp:featuredmedia":[{"embeddable":true,"href":"https:\/\/www.ja-lesieur.com\/en\/wp-json\/wp\/v2\/media\/15224"}],"wp:attachment":[{"href":"https:\/\/www.ja-lesieur.com\/en\/wp-json\/wp\/v2\/media?parent=15226"}],"wp:term":[{"taxonomy":"category","embeddable":true,"href":"https:\/\/www.ja-lesieur.com\/en\/wp-json\/wp\/v2\/categories?post=15226"},{"taxonomy":"post_tag","embeddable":true,"href":"https:\/\/www.ja-lesieur.com\/en\/wp-json\/wp\/v2\/tags?post=15226"}],"curies":[{"name":"wp","href":"https:\/\/api.w.org\/{rel}","templated":true}]}}