{"id":15432,"date":"2023-11-22T16:03:49","date_gmt":"2023-11-22T21:03:49","guid":{"rendered":"https:\/\/www.ja-lesieur.com\/m-jules-lessard-1933-2023\/"},"modified":"2023-11-30T14:23:17","modified_gmt":"2023-11-30T19:23:17","slug":"m-jules-lessard-1933-2023","status":"publish","type":"post","link":"https:\/\/www.ja-lesieur.com\/en\/m-jules-lessard-1933-2023\/","title":{"rendered":"M. Jules Lessard 1933-2023"},"content":{"rendered":"<p>&nbsp;<\/p>\n<p>Au Centre hospitalier de Granby, le 22 novembre 2023, \u00e0 l&#8217;\u00e2ge de 90 ans, est d\u00e9c\u00e9d\u00e9 M. Jules Lessard, \u00e9poux de Mme Claudette Lapierre, demeurant \u00e0 Granby. Il \u00e9tait le fils de feu monsieur Adonia Lessard et de feu madame Alvine Chabot.<br \/>\nIl demeurait \u00e0 Granby, mais a v\u00e9cu de nombreuses ann\u00e9es \u00e0 Marieville.<\/p>\n<p>Outre son \u00e9pouse, il laisse dans le deuil, son fils Michel et sa s\u0153ur Gis\u00e8le (Jean-Guy Dupont). Il laisse \u00e9galement dans le deuil plusieurs neveux, ni\u00e8ces, parents et amis (es).<\/p>\n<p>Il \u00e9tait le fr\u00e8re de : feu Rom\u00e9o, feu Alice (feu Christian Bri\u00e8re), feu Maurice, feu Jeanne (feu \u00c9lie Duchesne), feu Cl\u00e9ment, feu Lucienne (feu Am\u00e9d\u00e9e Bisson), feu Wilbrod (Monique Bilodeau), feu Herv\u00e9.<\/p>\n<p>Afin de respecter les volont\u00e9s de M. Lessard, il n\u2019y aura pas de c\u00e9r\u00e9monie. L\u2019urne sera mise en terre \u00e0 une date ult\u00e9rieure \u00e0 Lac Fronti\u00e8re.<\/p>\n<p><strong>La cr\u00e9mation a eu lieu sous la direction du Complexe fun\u00e9raire Le Sieur de Granby.<\/strong><\/p>\n<p style=\"text-align: center;\"><strong>COMPLEXE FUN\u00c9RAIRE<\/strong><\/p>\n<p style=\"text-align: center;\"><strong>LESIEUR<\/strong><\/p>\n<p style=\"text-align: center;\"><strong>60 Boul. Pie IX, Granby, Qc<\/strong><\/p>\n<p style=\"text-align: center;\"><strong>t\u00e9l: 450-777-1414 t\u00e9l\u00e9c: 450-777-0999<\/strong><\/p>\n<p style=\"text-align: center;\"><strong>www.lesieur.ca &#8211; info@lesieur.ca<\/strong><\/p>\n<p style=\"text-align: center;\"><strong>Membre de la CTQ<\/strong><\/p>\n<p><strong>\u00a0<\/strong><\/p>\n","protected":false},"excerpt":{"rendered":"<p>&nbsp; Au Centre hospitalier de Granby, le 22 novembre 2023, \u00e0 l&#8217;\u00e2ge de 90 ans, est d\u00e9c\u00e9d\u00e9 M. Jules Lessard, \u00e9poux de Mme Claudette Lapierre, demeurant \u00e0 Granby. Il \u00e9tait le fils de feu monsieur Adonia Lessard et de feu madame Alvine Chabot. Il demeurait \u00e0 Granby, mais a v\u00e9cu de nombreuses ann\u00e9es \u00e0 Marieville. [&hellip;]<\/p>\n","protected":false},"author":8,"featured_media":15429,"comment_status":"closed","ping_status":"closed","sticky":false,"template":"","format":"standard","meta":{"_crdt_document":"","_jetpack_memberships_contains_paid_content":false,"footnotes":""},"categories":[97],"tags":[],"class_list":["post-15432","post","type-post","status-publish","format-standard","has-post-thumbnail","hentry","category-obituary"],"aioseo_notices":[],"jetpack_featured_media_url":"https:\/\/www.ja-lesieur.com\/wp-content\/uploads\/2023\/11\/Jules-Lessard-carree-jpg-e1700686921498.webp","jetpack_sharing_enabled":true,"_links":{"self":[{"href":"https:\/\/www.ja-lesieur.com\/en\/wp-json\/wp\/v2\/posts\/15432","targetHints":{"allow":["GET"]}}],"collection":[{"href":"https:\/\/www.ja-lesieur.com\/en\/wp-json\/wp\/v2\/posts"}],"about":[{"href":"https:\/\/www.ja-lesieur.com\/en\/wp-json\/wp\/v2\/types\/post"}],"author":[{"embeddable":true,"href":"https:\/\/www.ja-lesieur.com\/en\/wp-json\/wp\/v2\/users\/8"}],"replies":[{"embeddable":true,"href":"https:\/\/www.ja-lesieur.com\/en\/wp-json\/wp\/v2\/comments?post=15432"}],"version-history":[{"count":2,"href":"https:\/\/www.ja-lesieur.com\/en\/wp-json\/wp\/v2\/posts\/15432\/revisions"}],"predecessor-version":[{"id":15454,"href":"https:\/\/www.ja-lesieur.com\/en\/wp-json\/wp\/v2\/posts\/15432\/revisions\/15454"}],"wp:featuredmedia":[{"embeddable":true,"href":"https:\/\/www.ja-lesieur.com\/en\/wp-json\/wp\/v2\/media\/15429"}],"wp:attachment":[{"href":"https:\/\/www.ja-lesieur.com\/en\/wp-json\/wp\/v2\/media?parent=15432"}],"wp:term":[{"taxonomy":"category","embeddable":true,"href":"https:\/\/www.ja-lesieur.com\/en\/wp-json\/wp\/v2\/categories?post=15432"},{"taxonomy":"post_tag","embeddable":true,"href":"https:\/\/www.ja-lesieur.com\/en\/wp-json\/wp\/v2\/tags?post=15432"}],"curies":[{"name":"wp","href":"https:\/\/api.w.org\/{rel}","templated":true}]}}