{"id":15473,"date":"2023-12-01T14:48:16","date_gmt":"2023-12-01T19:48:16","guid":{"rendered":"https:\/\/www.ja-lesieur.com\/m-claude-boulais-1945-2023\/"},"modified":"2023-12-01T14:48:16","modified_gmt":"2023-12-01T19:48:16","slug":"m-claude-boulais-1945-2023","status":"publish","type":"post","link":"https:\/\/www.ja-lesieur.com\/en\/m-claude-boulais-1945-2023\/","title":{"rendered":"M. Claude Boulais 1945-2023"},"content":{"rendered":"<p>&nbsp;<\/p>\n<p>Au Centre hospitalier de Granby, le 1<sup>er<\/sup> d\u00e9cembre 2023, \u00e0 l&#8217;\u00e2ge de 78 ans, est d\u00e9c\u00e9d\u00e9 M. Claude Boulais, demeurant \u00e0 Granby.<\/p>\n<p>Il laisse dans le deuil ses enfants: Jos\u00e9 Boulais (Mily Puello de Boulais) et Hugues Boulais (Sophie Deslauriers); ses petits-enfants: M\u00e9ane Boulais et St\u00e9phane-Hugo Dion; ses fr\u00e8res et s\u0153urs ainsi que plusieurs beaux-fr\u00e8res, belles-soeurs, neveux, ni\u00e8ces, autres parents et ami(e)s.<\/p>\n<p><strong>L&#8217;Aquamation a eu lieu au Bio-Cr\u00e9matorium Le Sieur de Granby.<\/strong><\/p>\n<p><strong>La famille vous accueillera le samedi 9 d\u00e9cembre 2023 d\u00e8s 13 heures au : <\/strong><\/p>\n<p style=\"text-align: center;\"><strong>COMPLEXE FUN\u00c9RAIRE<\/strong><\/p>\n<p style=\"text-align: center;\"><strong>LE SIEUR<\/strong><\/p>\n<p style=\"text-align: center;\"><strong>60 Boul. Pie IX, Granby, Qc<\/strong><\/p>\n<p style=\"text-align: center;\"><strong>t\u00e9l: 450-777-1414 t\u00e9l\u00e9c: 450-777-0999<\/strong><\/p>\n<p style=\"text-align: center;\"><strong>www.lesieur.ca &#8211; info@lesieur.ca<\/strong><\/p>\n<p style=\"text-align: center;\"><strong>Membre de la CTQ<\/strong><\/p>\n<p>Un hommage \u00e0 sa vie sera c\u00e9l\u00e9br\u00e9 ce m\u00eame jour \u00e0 15 heures, en la Chapelle Le Sieur.<\/p>\n","protected":false},"excerpt":{"rendered":"<p>&nbsp; Au Centre hospitalier de Granby, le 1er d\u00e9cembre 2023, \u00e0 l&#8217;\u00e2ge de 78 ans, est d\u00e9c\u00e9d\u00e9 M. Claude Boulais, demeurant \u00e0 Granby. Il laisse dans le deuil ses enfants: Jos\u00e9 Boulais (Mily Puello de Boulais) et Hugues Boulais (Sophie Deslauriers); ses petits-enfants: M\u00e9ane Boulais et St\u00e9phane-Hugo Dion; ses fr\u00e8res et s\u0153urs ainsi que plusieurs [&hellip;]<\/p>\n","protected":false},"author":8,"featured_media":15470,"comment_status":"closed","ping_status":"closed","sticky":false,"template":"","format":"standard","meta":{"_crdt_document":"","_jetpack_memberships_contains_paid_content":false,"footnotes":""},"categories":[97],"tags":[],"class_list":["post-15473","post","type-post","status-publish","format-standard","has-post-thumbnail","hentry","category-obituary"],"aioseo_notices":[],"jetpack_featured_media_url":"https:\/\/www.ja-lesieur.com\/wp-content\/uploads\/2023\/12\/Claude-Boulais-carree-scaled-e1701719363967.webp","jetpack_sharing_enabled":true,"_links":{"self":[{"href":"https:\/\/www.ja-lesieur.com\/en\/wp-json\/wp\/v2\/posts\/15473","targetHints":{"allow":["GET"]}}],"collection":[{"href":"https:\/\/www.ja-lesieur.com\/en\/wp-json\/wp\/v2\/posts"}],"about":[{"href":"https:\/\/www.ja-lesieur.com\/en\/wp-json\/wp\/v2\/types\/post"}],"author":[{"embeddable":true,"href":"https:\/\/www.ja-lesieur.com\/en\/wp-json\/wp\/v2\/users\/8"}],"replies":[{"embeddable":true,"href":"https:\/\/www.ja-lesieur.com\/en\/wp-json\/wp\/v2\/comments?post=15473"}],"version-history":[{"count":0,"href":"https:\/\/www.ja-lesieur.com\/en\/wp-json\/wp\/v2\/posts\/15473\/revisions"}],"wp:featuredmedia":[{"embeddable":true,"href":"https:\/\/www.ja-lesieur.com\/en\/wp-json\/wp\/v2\/media\/15470"}],"wp:attachment":[{"href":"https:\/\/www.ja-lesieur.com\/en\/wp-json\/wp\/v2\/media?parent=15473"}],"wp:term":[{"taxonomy":"category","embeddable":true,"href":"https:\/\/www.ja-lesieur.com\/en\/wp-json\/wp\/v2\/categories?post=15473"},{"taxonomy":"post_tag","embeddable":true,"href":"https:\/\/www.ja-lesieur.com\/en\/wp-json\/wp\/v2\/tags?post=15473"}],"curies":[{"name":"wp","href":"https:\/\/api.w.org\/{rel}","templated":true}]}}