{"id":16454,"date":"2024-04-12T14:15:09","date_gmt":"2024-04-12T18:15:09","guid":{"rendered":"https:\/\/www.ja-lesieur.com\/m-gilles-beaudette-1956-2024\/"},"modified":"2024-04-22T13:19:48","modified_gmt":"2024-04-22T17:19:48","slug":"m-gilles-beaudette-1956-2024","status":"publish","type":"post","link":"https:\/\/www.ja-lesieur.com\/en\/m-gilles-beaudette-1956-2024\/","title":{"rendered":"M. Gilles Beaudette 1956-2024"},"content":{"rendered":"<p>&nbsp;<\/p>\n<p>\u00c0 Granby, le 12 avril 2024, \u00e0 l&#8217;\u00e2ge de 67 ans, est d\u00e9c\u00e9d\u00e9 M. Gilles Beaudette, conjoint de Mme H\u00e9l\u00e8ne Dupr\u00e9, demeurant \u00e0 Granby.<\/p>\n<p>Outre sa conjointe, il laisse dans le deuil, ses s\u0153urs, son beau-fr\u00e8re et sa belle-s\u0153ur, ainsi que de nombreux parents et amis.<\/p>\n<p>Pour respecter les volont\u00e9s de monsieur Beaudette, il n&#8217;y aura pas d&#8217;exposition.<\/p>\n<p>L&#8217;urne sera d\u00e9pos\u00e9e au cimeti\u00e8re de Ste-C\u00e9cile-de-Milton,\u00a0 \u00e0 11 h,\u00a0 le 27 avril 2024.<\/p>\n<p><strong>L&#8217;Aquamation a eu lieu au Bio-Cr\u00e9matorium Le Sieur de Granby.<\/strong><\/p>\n<p>&nbsp;<\/p>\n<p style=\"text-align: center;\"><strong>COMPLEXE FUN\u00c9RAIRE<\/strong><\/p>\n<p style=\"text-align: center;\"><strong>LESIEUR<\/strong><\/p>\n<p style=\"text-align: center;\"><strong>60 Boul. Pie IX, Granby, Qc,<\/strong><\/p>\n<p style=\"text-align: center;\"><strong>t\u00e9l: 450-777-1414\u00a0<\/strong><\/p>\n<p style=\"text-align: center;\"><strong>www.lesieur.ca \u2013 info@lesieur.ca<\/strong><\/p>\n<p style=\"text-align: center;\"><strong>Membre de la CTQ<\/strong><\/p>\n","protected":false},"excerpt":{"rendered":"<p>&nbsp; \u00c0 Granby, le 12 avril 2024, \u00e0 l&#8217;\u00e2ge de 67 ans, est d\u00e9c\u00e9d\u00e9 M. Gilles Beaudette, conjoint de Mme H\u00e9l\u00e8ne Dupr\u00e9, demeurant \u00e0 Granby. Outre sa conjointe, il laisse dans le deuil, ses s\u0153urs, son beau-fr\u00e8re et sa belle-s\u0153ur, ainsi que de nombreux parents et amis. Pour respecter les volont\u00e9s de monsieur Beaudette, il [&hellip;]<\/p>\n","protected":false},"author":8,"featured_media":16451,"comment_status":"closed","ping_status":"closed","sticky":false,"template":"","format":"standard","meta":{"_crdt_document":"","_jetpack_memberships_contains_paid_content":false,"footnotes":""},"categories":[97],"tags":[],"class_list":["post-16454","post","type-post","status-publish","format-standard","has-post-thumbnail","hentry","category-obituary"],"aioseo_notices":[],"jetpack_featured_media_url":"https:\/\/www.ja-lesieur.com\/wp-content\/uploads\/2024\/04\/Gilles-Beaudette-carree-scaled-e1713550409292.jpg","jetpack_sharing_enabled":true,"_links":{"self":[{"href":"https:\/\/www.ja-lesieur.com\/en\/wp-json\/wp\/v2\/posts\/16454","targetHints":{"allow":["GET"]}}],"collection":[{"href":"https:\/\/www.ja-lesieur.com\/en\/wp-json\/wp\/v2\/posts"}],"about":[{"href":"https:\/\/www.ja-lesieur.com\/en\/wp-json\/wp\/v2\/types\/post"}],"author":[{"embeddable":true,"href":"https:\/\/www.ja-lesieur.com\/en\/wp-json\/wp\/v2\/users\/8"}],"replies":[{"embeddable":true,"href":"https:\/\/www.ja-lesieur.com\/en\/wp-json\/wp\/v2\/comments?post=16454"}],"version-history":[{"count":2,"href":"https:\/\/www.ja-lesieur.com\/en\/wp-json\/wp\/v2\/posts\/16454\/revisions"}],"predecessor-version":[{"id":16466,"href":"https:\/\/www.ja-lesieur.com\/en\/wp-json\/wp\/v2\/posts\/16454\/revisions\/16466"}],"wp:featuredmedia":[{"embeddable":true,"href":"https:\/\/www.ja-lesieur.com\/en\/wp-json\/wp\/v2\/media\/16451"}],"wp:attachment":[{"href":"https:\/\/www.ja-lesieur.com\/en\/wp-json\/wp\/v2\/media?parent=16454"}],"wp:term":[{"taxonomy":"category","embeddable":true,"href":"https:\/\/www.ja-lesieur.com\/en\/wp-json\/wp\/v2\/categories?post=16454"},{"taxonomy":"post_tag","embeddable":true,"href":"https:\/\/www.ja-lesieur.com\/en\/wp-json\/wp\/v2\/tags?post=16454"}],"curies":[{"name":"wp","href":"https:\/\/api.w.org\/{rel}","templated":true}]}}