{"id":17037,"date":"2024-06-29T16:18:53","date_gmt":"2024-06-29T20:18:53","guid":{"rendered":"https:\/\/www.ja-lesieur.com\/m-renald-cameron-1942-2024\/"},"modified":"2024-07-08T16:27:29","modified_gmt":"2024-07-08T20:27:29","slug":"m-renald-cameron-1942-2024","status":"publish","type":"post","link":"https:\/\/www.ja-lesieur.com\/en\/m-renald-cameron-1942-2024\/","title":{"rendered":"M. Renald Cameron 1942-2024"},"content":{"rendered":"<p>&nbsp;<\/p>\n<p>\u00c0 Granby, le 29 juin 2024 \u00e0 l&#8217;\u00e2ge de 81 ans, est d\u00e9c\u00e9d\u00e9 M. Renald Cameron,\u00a0 demeurant \u00e0 Granby. Il \u00e9tait le p\u00e8re de feu Steve Cameron.<\/p>\n<p>Il laisse dans le deuil ses fils Robert et Sylvain (Nathalie Viens); ses petits-enfants: Dany, Franceska, Kelly, Jessica, Hugo, Val\u00e9rie et Miguel;\u00a0 ses arri\u00e8re-petits-enfants;\u00a0 sa belle-s\u0153ur Nicole Daviau et son beau-fr\u00e8re Jean-Marc Pelletier, ses neveux et ni\u00e8ces ainsi que de nombreux parents et amis.<\/p>\n<p><strong>L&#8217;Aquamation a eu lieu au Bio-Cr\u00e9matorium Le Sieur de Granby.<\/strong><\/p>\n<p><strong>La famille vous accueillera le samedi 20 juillet de 13 heures \u00e0 15 heures au<\/strong><\/p>\n<p><strong>\u00a0<\/strong><\/p>\n<p style=\"text-align: center;\"><strong>COMPLEXE FUN\u00c9RAIRE<\/strong><\/p>\n<p style=\"text-align: center;\"><strong>LESIEUR<\/strong><\/p>\n<p style=\"text-align: center;\"><strong>60 Boul. Pie IX, Granby, Qc,<\/strong><\/p>\n<p style=\"text-align: center;\"><strong>t\u00e9l: 450-777-1414<\/strong><\/p>\n<p style=\"text-align: center;\"><strong>www.lesieur.ca &#8211; info@lesieur.ca<\/strong><\/p>\n<p style=\"text-align: center;\"><strong>Membre de la CTQ<\/strong><\/p>\n","protected":false},"excerpt":{"rendered":"<p>&nbsp; \u00c0 Granby, le 29 juin 2024 \u00e0 l&#8217;\u00e2ge de 81 ans, est d\u00e9c\u00e9d\u00e9 M. Renald Cameron,\u00a0 demeurant \u00e0 Granby. Il \u00e9tait le p\u00e8re de feu Steve Cameron. Il laisse dans le deuil ses fils Robert et Sylvain (Nathalie Viens); ses petits-enfants: Dany, Franceska, Kelly, Jessica, Hugo, Val\u00e9rie et Miguel;\u00a0 ses arri\u00e8re-petits-enfants;\u00a0 sa belle-s\u0153ur Nicole [&hellip;]<\/p>\n","protected":false},"author":8,"featured_media":17035,"comment_status":"closed","ping_status":"closed","sticky":false,"template":"","format":"standard","meta":{"_crdt_document":"","_jetpack_memberships_contains_paid_content":false,"footnotes":""},"categories":[97],"tags":[],"class_list":["post-17037","post","type-post","status-publish","format-standard","has-post-thumbnail","hentry","category-obituary"],"aioseo_notices":[],"jetpack_featured_media_url":"https:\/\/www.ja-lesieur.com\/wp-content\/uploads\/2024\/07\/Renald-Cameron-carree-scaled-e1720470297804.jpg","jetpack_sharing_enabled":true,"_links":{"self":[{"href":"https:\/\/www.ja-lesieur.com\/en\/wp-json\/wp\/v2\/posts\/17037","targetHints":{"allow":["GET"]}}],"collection":[{"href":"https:\/\/www.ja-lesieur.com\/en\/wp-json\/wp\/v2\/posts"}],"about":[{"href":"https:\/\/www.ja-lesieur.com\/en\/wp-json\/wp\/v2\/types\/post"}],"author":[{"embeddable":true,"href":"https:\/\/www.ja-lesieur.com\/en\/wp-json\/wp\/v2\/users\/8"}],"replies":[{"embeddable":true,"href":"https:\/\/www.ja-lesieur.com\/en\/wp-json\/wp\/v2\/comments?post=17037"}],"version-history":[{"count":1,"href":"https:\/\/www.ja-lesieur.com\/en\/wp-json\/wp\/v2\/posts\/17037\/revisions"}],"predecessor-version":[{"id":17038,"href":"https:\/\/www.ja-lesieur.com\/en\/wp-json\/wp\/v2\/posts\/17037\/revisions\/17038"}],"wp:featuredmedia":[{"embeddable":true,"href":"https:\/\/www.ja-lesieur.com\/en\/wp-json\/wp\/v2\/media\/17035"}],"wp:attachment":[{"href":"https:\/\/www.ja-lesieur.com\/en\/wp-json\/wp\/v2\/media?parent=17037"}],"wp:term":[{"taxonomy":"category","embeddable":true,"href":"https:\/\/www.ja-lesieur.com\/en\/wp-json\/wp\/v2\/categories?post=17037"},{"taxonomy":"post_tag","embeddable":true,"href":"https:\/\/www.ja-lesieur.com\/en\/wp-json\/wp\/v2\/tags?post=17037"}],"curies":[{"name":"wp","href":"https:\/\/api.w.org\/{rel}","templated":true}]}}