{"id":17044,"date":"2024-07-05T16:51:50","date_gmt":"2024-07-05T20:51:50","guid":{"rendered":"https:\/\/www.ja-lesieur.com\/mme-dorianne-denise-demers-nee-vadnais-1927-2024\/"},"modified":"2024-07-05T16:51:50","modified_gmt":"2024-07-05T20:51:50","slug":"mme-dorianne-denise-demers-nee-vadnais-1927-2024","status":"publish","type":"post","link":"https:\/\/www.ja-lesieur.com\/en\/mme-dorianne-denise-demers-nee-vadnais-1927-2024\/","title":{"rendered":"Mme Dorianne \u00ab Denise \u00bb Demers n\u00e9e Vadnais, 1927-2024"},"content":{"rendered":"<p>&nbsp;<\/p>\n<p>Le 5 juillet est d\u00e9c\u00e9d\u00e9e paisiblement au CHSLD Villa Bonheur de Granby, Mme Dorianne Vadnais \u00e2g\u00e9e de 97 ans.<\/p>\n<p>N\u00e9e \u00e0 l\u2019Ange-Gardien, elle \u00e9tait la cinqui\u00e8me d\u2019une fratrie de neuf enfants, ayant pour parents Mme Marie-Anne Dumas et M. F\u00e9lix Vadnais. Elle laisse dans le deuil ses deux filles Nicole Girard et Jacqueline Demers ainsi que son gendre Ernest Parizeault (feu Lise Demers) ainsi que ses petits et arri\u00e8re-petits-enfants. Elle laisse \u00e9galement son fr\u00e8re R\u00e9al,\u00a0 ses neveux et ni\u00e8ces et ses amis (es).<\/p>\n<p>Elle est partie rejoindre ses enfants, Jacques, d\u00e9c\u00e9d\u00e9 en 1975 et Lise en 2021, ainsi que ses fr\u00e8res et s\u0153urs et ses amis (es) qui l\u2019ont pr\u00e9c\u00e9d\u00e9e.<\/p>\n<p>Elle \u00e9tait une femme fonceuse, \u00e9nergique et qui aimait la vie, la mer et le soleil.<\/p>\n<p>Pendant plusieurs ann\u00e9es, elle a eu \u00e0 Granby, un commerce de lingerie pour dames \u00ab\u00a0Lingerie Denise\u00a0\u00bb et \u00e0 Lasalle un magasin d\u2019articles de voyage.<\/p>\n<p>Un immense et tr\u00e8s sinc\u00e8re \u00ab\u00a0Merci\u00a0\u00bb \u00e0 toute l\u2019\u00e9quipe de soins pour la bont\u00e9 et l\u2019empathie, \u00e0 celle des loisirs pour avoir \u00e9gay\u00e9 ses journ\u00e9es et \u00e0 celle de l\u2019entretien pour les \u00ab\u00a0Bonjour\u00a0\u00bb et les petits mots gentils.<\/p>\n<p>Repose en paix, tu resteras toujours dans nos coeurs.<\/p>\n<p><strong>L&#8217;Aquamation a eu lieu au Bio-Cr\u00e9matorium Le Sieur de Granby.<\/strong><\/p>\n<p><strong>La famille vous accueillera pour c\u00e9l\u00e9brer sa vie, le samedi 14 septembre de 13 heures \u00e0 15 heures au\u00a0 \u00a0\u00a0\u00a0\u00a0\u00a0\u00a0\u00a0\u00a0\u00a0\u00a0\u00a0\u00a0\u00a0\u00a0\u00a0\u00a0\u00a0\u00a0\u00a0\u00a0\u00a0\u00a0\u00a0\u00a0\u00a0\u00a0<\/strong><\/p>\n<p style=\"text-align: center;\"><strong>COMPLEXE FUN\u00c9RAIRE<\/strong><\/p>\n<p style=\"text-align: center;\"><strong>LESIEUR<\/strong><\/p>\n<p style=\"text-align: center;\"><strong>60 Boul. Pie IX, Granby, Qc,<\/strong><\/p>\n<p style=\"text-align: center;\"><strong>t\u00e9l: 450-777-1414<\/strong><\/p>\n<p style=\"text-align: center;\"><strong>www.lesieur.ca &#8211; info@lesieur.ca<\/strong><\/p>\n<p style=\"text-align: center;\"><strong>Membre de la CTQ<\/strong><\/p>\n<p>&nbsp;<\/p>\n","protected":false},"excerpt":{"rendered":"<p>&nbsp; Le 5 juillet est d\u00e9c\u00e9d\u00e9e paisiblement au CHSLD Villa Bonheur de Granby, Mme Dorianne Vadnais \u00e2g\u00e9e de 97 ans. N\u00e9e \u00e0 l\u2019Ange-Gardien, elle \u00e9tait la cinqui\u00e8me d\u2019une fratrie de neuf enfants, ayant pour parents Mme Marie-Anne Dumas et M. F\u00e9lix Vadnais. Elle laisse dans le deuil ses deux filles Nicole Girard et Jacqueline Demers [&hellip;]<\/p>\n","protected":false},"author":8,"featured_media":17041,"comment_status":"closed","ping_status":"closed","sticky":false,"template":"","format":"standard","meta":{"_crdt_document":"","_jetpack_memberships_contains_paid_content":false,"footnotes":""},"categories":[97],"tags":[],"class_list":["post-17044","post","type-post","status-publish","format-standard","has-post-thumbnail","hentry","category-obituary"],"aioseo_notices":[],"jetpack_featured_media_url":"https:\/\/www.ja-lesieur.com\/wp-content\/uploads\/2024\/07\/Dorianne-_Denise_-Demers-nee-Vadnais-carree-e1720471950636.jpg","jetpack_sharing_enabled":true,"_links":{"self":[{"href":"https:\/\/www.ja-lesieur.com\/en\/wp-json\/wp\/v2\/posts\/17044","targetHints":{"allow":["GET"]}}],"collection":[{"href":"https:\/\/www.ja-lesieur.com\/en\/wp-json\/wp\/v2\/posts"}],"about":[{"href":"https:\/\/www.ja-lesieur.com\/en\/wp-json\/wp\/v2\/types\/post"}],"author":[{"embeddable":true,"href":"https:\/\/www.ja-lesieur.com\/en\/wp-json\/wp\/v2\/users\/8"}],"replies":[{"embeddable":true,"href":"https:\/\/www.ja-lesieur.com\/en\/wp-json\/wp\/v2\/comments?post=17044"}],"version-history":[{"count":0,"href":"https:\/\/www.ja-lesieur.com\/en\/wp-json\/wp\/v2\/posts\/17044\/revisions"}],"wp:featuredmedia":[{"embeddable":true,"href":"https:\/\/www.ja-lesieur.com\/en\/wp-json\/wp\/v2\/media\/17041"}],"wp:attachment":[{"href":"https:\/\/www.ja-lesieur.com\/en\/wp-json\/wp\/v2\/media?parent=17044"}],"wp:term":[{"taxonomy":"category","embeddable":true,"href":"https:\/\/www.ja-lesieur.com\/en\/wp-json\/wp\/v2\/categories?post=17044"},{"taxonomy":"post_tag","embeddable":true,"href":"https:\/\/www.ja-lesieur.com\/en\/wp-json\/wp\/v2\/tags?post=17044"}],"curies":[{"name":"wp","href":"https:\/\/api.w.org\/{rel}","templated":true}]}}