{"id":17356,"date":"2024-08-17T16:24:46","date_gmt":"2024-08-17T20:24:46","guid":{"rendered":"https:\/\/www.ja-lesieur.com\/mme-jacinthe-demers-tardif-1972-2024\/"},"modified":"2024-08-21T16:37:19","modified_gmt":"2024-08-21T20:37:19","slug":"mme-jacinthe-demers-fortin-1972-2024","status":"publish","type":"post","link":"https:\/\/www.ja-lesieur.com\/en\/mme-jacinthe-demers-fortin-1972-2024\/","title":{"rendered":"Mme Jacinthe Demers-Fortin 1972-2024"},"content":{"rendered":"<p>\u00c0 Granby, le 17 ao\u00fbt 2024, \u00e0 l&#8217;\u00e2ge de 52 ans, est d\u00e9c\u00e9d\u00e9e Mme Jacinthe Demers-Fortin, demeurant \u00e0 Granby.<\/p>\n<p>Elle laisse dans le deuil sa fille: M\u00e9lissa C\u00f4t\u00e9 (Jean-Marc), son petit-fils: Damon, sa m\u00e8re: Nicole Demers, sa soeur: Julie Demers-Fortin (Michel McDuff) ainsi que plusieurs oncles, tantes, cousins, cousines, neveu, autres parents et ami(e)s.<\/p>\n<p><strong>L&#8217;Aquamation a eu lieu au Bio-Cr\u00e9matorium Le Sieur de Granby.<\/strong><\/p>\n<p><strong>COMPLEXE FUN\u00c9RAIRE<\/strong><\/p>\n<p><strong>LESIEUR<\/strong><\/p>\n<p><strong>60 Boul. Pie IX, Granby, Qc,<\/strong><\/p>\n<p><strong>t\u00e9l: 450-777-1414 t\u00e9lec: 450-777-0999<\/strong><\/p>\n<p><strong>www.lesieur.ca &#8211; info@lesieur.ca<\/strong><\/p>\n<p><strong>Membre de la CTQ<\/strong><\/p>\n<p>Afin de respecter les derni\u00e8res volont\u00e9s de Mme Jacinthe Demers-Fortin, il n&#8217;y aura pas d&#8217;exposition. Une c\u00e9r\u00e9monie a eu lieu dans la plus stricte intimit\u00e9, suivie de l\u2019inhumation de l\u2019urne au cimeti\u00e8re de St-Paul d\u2019Abbotsford.<\/p>\n<p>La famille d\u00e9sire remercier le personnel du CLSC et du CHG pour les bons soins prodigu\u00e9s \u00e0 Mme Demers-Fortin.<\/p>\n","protected":false},"excerpt":{"rendered":"<p>\u00c0 Granby, le 17 ao\u00fbt 2024, \u00e0 l&#8217;\u00e2ge de 52 ans, est d\u00e9c\u00e9d\u00e9e Mme Jacinthe Demers-Fortin, demeurant \u00e0 Granby. Elle laisse dans le deuil sa fille: M\u00e9lissa C\u00f4t\u00e9 (Jean-Marc), son petit-fils: Damon, sa m\u00e8re: Nicole Demers, sa soeur: Julie Demers-Fortin (Michel McDuff) ainsi que plusieurs oncles, tantes, cousins, cousines, neveu, autres parents et ami(e)s. L&#8217;Aquamation [&hellip;]<\/p>\n","protected":false},"author":8,"featured_media":17354,"comment_status":"closed","ping_status":"closed","sticky":false,"template":"","format":"standard","meta":{"_crdt_document":"","_jetpack_memberships_contains_paid_content":false,"footnotes":""},"categories":[97],"tags":[],"class_list":["post-17356","post","type-post","status-publish","format-standard","has-post-thumbnail","hentry","category-obituary"],"aioseo_notices":[],"jetpack_featured_media_url":"https:\/\/www.ja-lesieur.com\/wp-content\/uploads\/2024\/08\/Jacinthe-Demers-Tardif-carre-e1724271877465.jpg","jetpack_sharing_enabled":true,"_links":{"self":[{"href":"https:\/\/www.ja-lesieur.com\/en\/wp-json\/wp\/v2\/posts\/17356","targetHints":{"allow":["GET"]}}],"collection":[{"href":"https:\/\/www.ja-lesieur.com\/en\/wp-json\/wp\/v2\/posts"}],"about":[{"href":"https:\/\/www.ja-lesieur.com\/en\/wp-json\/wp\/v2\/types\/post"}],"author":[{"embeddable":true,"href":"https:\/\/www.ja-lesieur.com\/en\/wp-json\/wp\/v2\/users\/8"}],"replies":[{"embeddable":true,"href":"https:\/\/www.ja-lesieur.com\/en\/wp-json\/wp\/v2\/comments?post=17356"}],"version-history":[{"count":2,"href":"https:\/\/www.ja-lesieur.com\/en\/wp-json\/wp\/v2\/posts\/17356\/revisions"}],"predecessor-version":[{"id":17359,"href":"https:\/\/www.ja-lesieur.com\/en\/wp-json\/wp\/v2\/posts\/17356\/revisions\/17359"}],"wp:featuredmedia":[{"embeddable":true,"href":"https:\/\/www.ja-lesieur.com\/en\/wp-json\/wp\/v2\/media\/17354"}],"wp:attachment":[{"href":"https:\/\/www.ja-lesieur.com\/en\/wp-json\/wp\/v2\/media?parent=17356"}],"wp:term":[{"taxonomy":"category","embeddable":true,"href":"https:\/\/www.ja-lesieur.com\/en\/wp-json\/wp\/v2\/categories?post=17356"},{"taxonomy":"post_tag","embeddable":true,"href":"https:\/\/www.ja-lesieur.com\/en\/wp-json\/wp\/v2\/tags?post=17356"}],"curies":[{"name":"wp","href":"https:\/\/api.w.org\/{rel}","templated":true}]}}