{"id":17439,"date":"2024-08-30T09:19:24","date_gmt":"2024-08-30T13:19:24","guid":{"rendered":"https:\/\/www.ja-lesieur.com\/mme-lyne-pelletier-1957-2024\/"},"modified":"2024-09-06T11:53:55","modified_gmt":"2024-09-06T15:53:55","slug":"mme-lyne-pelletier-1957-2024","status":"publish","type":"post","link":"https:\/\/www.ja-lesieur.com\/en\/mme-lyne-pelletier-1957-2024\/","title":{"rendered":"Mme Lyne Pelletier 1957-2024"},"content":{"rendered":"<p>&nbsp;<\/p>\n<p>\u00c0 l\u2019h\u00f4pital Brome-Missisquoi-Perkins de Cowansville, entour\u00e9e de l\u2019amour des siens, le 30 ao\u00fbt 2024, \u00e0 l&#8217;\u00e2ge de 66 ans, nous a quitt\u00e9 paisiblement Mme Lyne Pelletier, demeurant \u00e0 Bedford.<\/p>\n<p>Elle laisse dans le deuil, sa fille Marilyne (Michel), son \u00e2me s\u0153ur: Andr\u00e9, ses fils Bruce (Marie-France) et Jason (Dominique), ses petites-filles Alyssa (Damis) et Laurence (Andy) , ainsi que Jade, M\u00e9lia et ses petits-fils: Samuel, Tristan, Jacob et Steeven, ses fr\u00e8res et s\u0153urs: Manon (Robert), Sylvie (Peter), Lucie (feu Alex), Nicole (Georges), Jean-Pierre (Ginette), Reynald (Danielle) et Denis.<\/p>\n<p>Un hommage \u00e0 sa vie sera c\u00e9l\u00e9br\u00e9 avec ses proches \u00e0 une date ult\u00e9rieure<\/p>\n<p>Sa fille Marilyne tient \u00e0 remercier le personnel de l&#8217;h\u00f4pital Brome Missisquoi Perkins, pour l\u2019accompagnement offert, pour leur d\u00e9vouement et les soins prodigu\u00e9s \u00e0 Lyne.<\/p>\n<p><strong>L&#8217;Aquamation a eu lieu au Bio-Cr\u00e9matorium Le Sieur de Granby.<\/strong><\/p>\n<p style=\"text-align: center;\"><strong>COMPLEXE FUN\u00c9RAIRE<\/strong><\/p>\n<p style=\"text-align: center;\"><strong>LESIEUR<\/strong><\/p>\n<p style=\"text-align: center;\"><strong>60 Boul. Pie IX, Granby, Qc,<\/strong><\/p>\n<p style=\"text-align: center;\"><strong>t\u00e9l: 450-777-1414\u00a0<\/strong><\/p>\n<p style=\"text-align: center;\"><strong>www.lesieur.ca &#8211; info@lesieur.ca<\/strong><\/p>\n<p style=\"text-align: center;\"><strong>Membre de la CTQ<\/strong><\/p>\n","protected":false},"excerpt":{"rendered":"<p>&nbsp; \u00c0 l\u2019h\u00f4pital Brome-Missisquoi-Perkins de Cowansville, entour\u00e9e de l\u2019amour des siens, le 30 ao\u00fbt 2024, \u00e0 l&#8217;\u00e2ge de 66 ans, nous a quitt\u00e9 paisiblement Mme Lyne Pelletier, demeurant \u00e0 Bedford. Elle laisse dans le deuil, sa fille Marilyne (Michel), son \u00e2me s\u0153ur: Andr\u00e9, ses fils Bruce (Marie-France) et Jason (Dominique), ses petites-filles Alyssa (Damis) et [&hellip;]<\/p>\n","protected":false},"author":8,"featured_media":17436,"comment_status":"closed","ping_status":"closed","sticky":false,"template":"","format":"standard","meta":{"_crdt_document":"","_jetpack_memberships_contains_paid_content":false,"footnotes":""},"categories":[97],"tags":[],"class_list":["post-17439","post","type-post","status-publish","format-standard","has-post-thumbnail","hentry","category-obituary"],"aioseo_notices":[],"jetpack_featured_media_url":"https:\/\/www.ja-lesieur.com\/wp-content\/uploads\/2024\/09\/Lyne-Pelletier-carree-e1725628805771.jpg","jetpack_sharing_enabled":true,"_links":{"self":[{"href":"https:\/\/www.ja-lesieur.com\/en\/wp-json\/wp\/v2\/posts\/17439","targetHints":{"allow":["GET"]}}],"collection":[{"href":"https:\/\/www.ja-lesieur.com\/en\/wp-json\/wp\/v2\/posts"}],"about":[{"href":"https:\/\/www.ja-lesieur.com\/en\/wp-json\/wp\/v2\/types\/post"}],"author":[{"embeddable":true,"href":"https:\/\/www.ja-lesieur.com\/en\/wp-json\/wp\/v2\/users\/8"}],"replies":[{"embeddable":true,"href":"https:\/\/www.ja-lesieur.com\/en\/wp-json\/wp\/v2\/comments?post=17439"}],"version-history":[{"count":2,"href":"https:\/\/www.ja-lesieur.com\/en\/wp-json\/wp\/v2\/posts\/17439\/revisions"}],"predecessor-version":[{"id":17441,"href":"https:\/\/www.ja-lesieur.com\/en\/wp-json\/wp\/v2\/posts\/17439\/revisions\/17441"}],"wp:featuredmedia":[{"embeddable":true,"href":"https:\/\/www.ja-lesieur.com\/en\/wp-json\/wp\/v2\/media\/17436"}],"wp:attachment":[{"href":"https:\/\/www.ja-lesieur.com\/en\/wp-json\/wp\/v2\/media?parent=17439"}],"wp:term":[{"taxonomy":"category","embeddable":true,"href":"https:\/\/www.ja-lesieur.com\/en\/wp-json\/wp\/v2\/categories?post=17439"},{"taxonomy":"post_tag","embeddable":true,"href":"https:\/\/www.ja-lesieur.com\/en\/wp-json\/wp\/v2\/tags?post=17439"}],"curies":[{"name":"wp","href":"https:\/\/api.w.org\/{rel}","templated":true}]}}