{"id":17589,"date":"2024-09-15T14:48:26","date_gmt":"2024-09-15T18:48:26","guid":{"rendered":"https:\/\/www.ja-lesieur.com\/m-roger-tomassini-1938-2024\/"},"modified":"2024-10-25T15:58:23","modified_gmt":"2024-10-25T19:58:23","slug":"m-roger-tomassini-1938-2024","status":"publish","type":"post","link":"https:\/\/www.ja-lesieur.com\/en\/m-roger-tomassini-1938-2024\/","title":{"rendered":"M. Roger Tomassini 1938-2024"},"content":{"rendered":"<p>&nbsp;<\/p>\n<p>\u00c0 Granby, le 15 septembre 2024, \u00e0 l&#8217;\u00e2ge de 86 ans, est d\u00e9c\u00e9d\u00e9 M. Roger Tomassini, \u00e9poux de feu Yvette Phaneuf, demeurant \u00e0 Granby.<\/p>\n<p>Il \u00e9tait de p\u00e8re de feu Johanne (Luc Poulin), Sylvie (Guy Poulin) et Manon (Gilles Roy).<\/p>\n<p>Outre ses filles, il laisse dans le deuil ses petits-enfants: Fr\u00e9d\u00e9ric, Guillaume, Samuel, Benjamin, Charles et Vanessa, ses arri\u00e8re-petits-enfants, ses beaux-fr\u00e8res et belles-s\u0153urs ainsi que de nombreux autres parents et amis.<\/p>\n<p><strong>L&#8217;Aquamation a eu lieu au Bio-Cr\u00e9matorium Le Sieur de Granby.<\/strong><\/p>\n<p><strong>La famille vous accueillera le samedi 19 octobre \u00e0 compter de 13 heures au <\/strong><\/p>\n<p style=\"text-align: center;\"><strong>COMPLEXE FUN\u00c9RAIRE<\/strong><\/p>\n<p style=\"text-align: center;\"><strong>LESIEUR<\/strong><\/p>\n<p style=\"text-align: center;\"><strong>60 Boul. Pie IX, Granby, Qc,<\/strong><\/p>\n<p style=\"text-align: center;\"><strong>t\u00e9l: 450-777-1414 <\/strong><\/p>\n<p style=\"text-align: center;\"><strong>www.lesieur.ca &#8211; info@lesieur.ca<\/strong><\/p>\n<p style=\"text-align: center;\"><strong>Membre de la CTQ<\/strong><\/p>\n<p>Un hommage \u00e0 la vie de M. Tomassini sera c\u00e9l\u00e9br\u00e9 ce samedi 19 octobre 2024 \u00e0 15 heures en la Chapelle Le Sieur.<\/p>\n<p>Vos marques de sympathie peuvent se traduire par un don \u00e0 <strong><a href=\"https:\/\/parkinsonquebec.ca\/don\/\">Parkinson Qu\u00e9bec\u00a0\u00a0<\/a><\/strong><\/p>\n<p><a href=\"https:\/\/parkinsonquebec.ca\/don\/\">https:\/\/parkinsonquebec.ca\/don\/<\/a><\/p>\n<p>La famille tient \u00e0 remercier le personnel du CHSLD Granby, pour l&#8217;accompagnement et l&#8217;excellence des soins offerts.<\/p>\n<p>&nbsp;<\/p>\n<p>Pour visionner la c\u00e9r\u00e9monie fun\u00e9raire cliquez sur le lien suivant:<\/p>\n<p><iframe loading=\"lazy\" title=\"C\u00e9r\u00e9monie fun\u00e9raire de Roger Tomassini 2024-10-19\" width=\"1170\" height=\"658\" src=\"https:\/\/www.youtube.com\/embed\/zx9VQNOmZV4?feature=oembed\" frameborder=\"0\" allow=\"accelerometer; autoplay; clipboard-write; encrypted-media; gyroscope; picture-in-picture; web-share\" referrerpolicy=\"strict-origin-when-cross-origin\" allowfullscreen><\/iframe><\/p>\n<p>&nbsp;<\/p>\n","protected":false},"excerpt":{"rendered":"<p>&nbsp; \u00c0 Granby, le 15 septembre 2024, \u00e0 l&#8217;\u00e2ge de 86 ans, est d\u00e9c\u00e9d\u00e9 M. Roger Tomassini, \u00e9poux de feu Yvette Phaneuf, demeurant \u00e0 Granby. Il \u00e9tait de p\u00e8re de feu Johanne (Luc Poulin), Sylvie (Guy Poulin) et Manon (Gilles Roy). Outre ses filles, il laisse dans le deuil ses petits-enfants: Fr\u00e9d\u00e9ric, Guillaume, Samuel, Benjamin, [&hellip;]<\/p>\n","protected":false},"author":8,"featured_media":17606,"comment_status":"closed","ping_status":"closed","sticky":false,"template":"","format":"standard","meta":{"_crdt_document":"","_jetpack_memberships_contains_paid_content":false,"footnotes":""},"categories":[97],"tags":[],"class_list":["post-17589","post","type-post","status-publish","format-standard","has-post-thumbnail","hentry","category-obituary"],"aioseo_notices":[],"jetpack_featured_media_url":"https:\/\/www.ja-lesieur.com\/wp-content\/uploads\/2024\/09\/Roger-Tomassini-carree-1-e1727448228647.jpg","jetpack_sharing_enabled":true,"_links":{"self":[{"href":"https:\/\/www.ja-lesieur.com\/en\/wp-json\/wp\/v2\/posts\/17589","targetHints":{"allow":["GET"]}}],"collection":[{"href":"https:\/\/www.ja-lesieur.com\/en\/wp-json\/wp\/v2\/posts"}],"about":[{"href":"https:\/\/www.ja-lesieur.com\/en\/wp-json\/wp\/v2\/types\/post"}],"author":[{"embeddable":true,"href":"https:\/\/www.ja-lesieur.com\/en\/wp-json\/wp\/v2\/users\/8"}],"replies":[{"embeddable":true,"href":"https:\/\/www.ja-lesieur.com\/en\/wp-json\/wp\/v2\/comments?post=17589"}],"version-history":[{"count":2,"href":"https:\/\/www.ja-lesieur.com\/en\/wp-json\/wp\/v2\/posts\/17589\/revisions"}],"predecessor-version":[{"id":17792,"href":"https:\/\/www.ja-lesieur.com\/en\/wp-json\/wp\/v2\/posts\/17589\/revisions\/17792"}],"wp:featuredmedia":[{"embeddable":true,"href":"https:\/\/www.ja-lesieur.com\/en\/wp-json\/wp\/v2\/media\/17606"}],"wp:attachment":[{"href":"https:\/\/www.ja-lesieur.com\/en\/wp-json\/wp\/v2\/media?parent=17589"}],"wp:term":[{"taxonomy":"category","embeddable":true,"href":"https:\/\/www.ja-lesieur.com\/en\/wp-json\/wp\/v2\/categories?post=17589"},{"taxonomy":"post_tag","embeddable":true,"href":"https:\/\/www.ja-lesieur.com\/en\/wp-json\/wp\/v2\/tags?post=17589"}],"curies":[{"name":"wp","href":"https:\/\/api.w.org\/{rel}","templated":true}]}}