{"id":17661,"date":"2024-10-05T15:40:20","date_gmt":"2024-10-05T19:40:20","guid":{"rendered":"https:\/\/www.ja-lesieur.com\/m-daniel-deschenes-1970-2024\/"},"modified":"2024-10-05T15:40:20","modified_gmt":"2024-10-05T19:40:20","slug":"m-daniel-deschenes-1970-2024","status":"publish","type":"post","link":"https:\/\/www.ja-lesieur.com\/en\/m-daniel-deschenes-1970-2024\/","title":{"rendered":"M. Daniel Desch\u00eanes 1970-2024"},"content":{"rendered":"<p>&nbsp;<\/p>\n<p>\u00c0 Granby, le 5 octobre 2024, \u00e0 l&#8217;\u00e2ge de 54 ans, est d\u00e9c\u00e9d\u00e9 M. Daniel Desch\u00eanes, fils de feu R\u00e9jeanne Langevin et feu Andr\u00e9 Desch\u00eanes, demeurant \u00e0 Granby.<\/p>\n<p>Il laisse dans le deuil son fils Marc-Andr\u00e9, ses fr\u00e8res et s\u0153urs: Christian, Ghislain, Sylvie (Luc Van Velzen), Chantal (Normand Robichaud) et Maryse (R\u00e9jean Carrier), son colocataire et grand ami Pierre Rodrigue, ses neveux et ni\u00e8ces ainsi que de nombreux autres parents et amis.<\/p>\n<p>En respect avec les volont\u00e9s de monsieur Desch\u00eanes il n&#8217;y aura pas de c\u00e9r\u00e9monie. La famille rendra hommage \u00e0 Daniel en priv\u00e9.<\/p>\n<p><strong>L&#8217;Aquamation a eu lieu au Bio-Cr\u00e9matorium Le Sieur de Granby.<\/strong><\/p>\n<p style=\"text-align: center;\"><strong>COMPLEXE FUN\u00c9RAIRE<\/strong><\/p>\n<p style=\"text-align: center;\"><strong>LE SIEUR<\/strong><\/p>\n<p style=\"text-align: center;\"><strong>60 Boul. Pie IX, Granby, Qc,<\/strong><\/p>\n<p style=\"text-align: center;\"><strong>t\u00e9l: 450-777-1414\u00a0<\/strong><\/p>\n<p style=\"text-align: center;\"><strong>www.lesieur.ca &#8211; info@lesieur.ca<\/strong><\/p>\n<p style=\"text-align: center;\"><strong>Membre de la CTQ<\/strong><\/p>\n<p>&nbsp;<\/p>\n<p>&nbsp;<\/p>\n","protected":false},"excerpt":{"rendered":"<p>&nbsp; \u00c0 Granby, le 5 octobre 2024, \u00e0 l&#8217;\u00e2ge de 54 ans, est d\u00e9c\u00e9d\u00e9 M. Daniel Desch\u00eanes, fils de feu R\u00e9jeanne Langevin et feu Andr\u00e9 Desch\u00eanes, demeurant \u00e0 Granby. Il laisse dans le deuil son fils Marc-Andr\u00e9, ses fr\u00e8res et s\u0153urs: Christian, Ghislain, Sylvie (Luc Van Velzen), Chantal (Normand Robichaud) et Maryse (R\u00e9jean Carrier), son [&hellip;]<\/p>\n","protected":false},"author":8,"featured_media":17658,"comment_status":"closed","ping_status":"closed","sticky":false,"template":"","format":"standard","meta":{"_crdt_document":"","_jetpack_memberships_contains_paid_content":false,"footnotes":""},"categories":[97],"tags":[],"class_list":["post-17661","post","type-post","status-publish","format-standard","has-post-thumbnail","hentry","category-obituary"],"aioseo_notices":[],"jetpack_featured_media_url":"https:\/\/www.ja-lesieur.com\/wp-content\/uploads\/2024\/10\/Daniel-Deschenes-carree-avis-e1728330152883.jpg","jetpack_sharing_enabled":true,"_links":{"self":[{"href":"https:\/\/www.ja-lesieur.com\/en\/wp-json\/wp\/v2\/posts\/17661","targetHints":{"allow":["GET"]}}],"collection":[{"href":"https:\/\/www.ja-lesieur.com\/en\/wp-json\/wp\/v2\/posts"}],"about":[{"href":"https:\/\/www.ja-lesieur.com\/en\/wp-json\/wp\/v2\/types\/post"}],"author":[{"embeddable":true,"href":"https:\/\/www.ja-lesieur.com\/en\/wp-json\/wp\/v2\/users\/8"}],"replies":[{"embeddable":true,"href":"https:\/\/www.ja-lesieur.com\/en\/wp-json\/wp\/v2\/comments?post=17661"}],"version-history":[{"count":0,"href":"https:\/\/www.ja-lesieur.com\/en\/wp-json\/wp\/v2\/posts\/17661\/revisions"}],"wp:featuredmedia":[{"embeddable":true,"href":"https:\/\/www.ja-lesieur.com\/en\/wp-json\/wp\/v2\/media\/17658"}],"wp:attachment":[{"href":"https:\/\/www.ja-lesieur.com\/en\/wp-json\/wp\/v2\/media?parent=17661"}],"wp:term":[{"taxonomy":"category","embeddable":true,"href":"https:\/\/www.ja-lesieur.com\/en\/wp-json\/wp\/v2\/categories?post=17661"},{"taxonomy":"post_tag","embeddable":true,"href":"https:\/\/www.ja-lesieur.com\/en\/wp-json\/wp\/v2\/tags?post=17661"}],"curies":[{"name":"wp","href":"https:\/\/api.w.org\/{rel}","templated":true}]}}