{"id":17751,"date":"2024-10-15T16:54:56","date_gmt":"2024-10-15T20:54:56","guid":{"rendered":"https:\/\/www.ja-lesieur.com\/m-laurent-langevin-1937-2024\/"},"modified":"2024-10-15T16:54:56","modified_gmt":"2024-10-15T20:54:56","slug":"m-laurent-langevin-1937-2024","status":"publish","type":"post","link":"https:\/\/www.ja-lesieur.com\/en\/m-laurent-langevin-1937-2024\/","title":{"rendered":"M. Laurent Langevin 1937-2024"},"content":{"rendered":"<p>&nbsp;<\/p>\n<p>\u00c0 Montr\u00e9al, le 15 octobre 2024, est d\u00e9c\u00e9d\u00e9 M. Laurent Langevin \u00e0 l\u2019\u00e2ge de 87 ans. Il \u00e9tait l\u2019ex-\u00e9poux de Louise Gauthier, et auparavant l\u2019\u00e9poux de feu Th\u00e9r\u00e8se Meunier, m\u00e8re de ses deux enfants.<\/p>\n<p>Il laisse dans le deuil ses enfants Fran\u00e7ois (Marianne Monsallier-Gingras) et Martine (Olufemi Gbenoba); ses petits-enfants ador\u00e9s \u00c9tienne, L\u00e9ane et Charlotte; sa s\u0153ur R\u00e9jeanne (feu Jean-Paul Blais); ainsi que plusieurs beaux-fr\u00e8res et belles-s\u0153urs, neveux et ni\u00e8ces, autres parents, et ami\u00b7e\u00b7s.<\/p>\n<p>L\u2019aquamation a eu lieu au Bio-Cr\u00e9matorium Le Sieur de Granby.<\/p>\n<p style=\"text-align: center;\"><strong>COMPLEXE FUN\u00c9RAIRE<\/strong><\/p>\n<p style=\"text-align: center;\"><strong>LESIEUR<\/strong><\/p>\n<p style=\"text-align: center;\"><strong>60 Boul. Pie IX, Granby, Qc,<\/strong><\/p>\n<p style=\"text-align: center;\"><strong>t\u00e9l: 450-777-1414<\/strong><\/p>\n<p style=\"text-align: center;\"><strong>www.lesieur.ca &#8211; info@lesieur.ca<\/strong><\/p>\n<p style=\"text-align: center;\"><strong>Membre de la CTQ<\/strong><\/p>\n<p>Une c\u00e9l\u00e9bration de vie aura lieu \u00e0 une date \u00e0 d\u00e9terminer, o\u00f9 nous partagerons des souvenirs de Laurent, des rires et probablement quelques larmes en son honneur. La famille communiquera ult\u00e9rieurement les d\u00e9tails de cette r\u00e9ception aux parents et amis. Celles et ceux qui souhaitent en \u00eatre inform\u00e9s peuvent envoyer un message de condol\u00e9ances \u00e0 la famille en cliquant sur l\u2019image\u00a0: Envoyer vos condol\u00e9ances dans cet avis<\/p>\n<p>Si vous souhaitez rendre hommage \u00e0 Laurent, la famille vous sugg\u00e8re, en lieu et place de fleurs, de faire un don \u00e0<strong><a href=\"https:\/\/telaidemontreal.org\/faites-un-don\/\"> Tel\u2011Aide\u00a0Montr\u00e9al,<\/a><\/strong> organisme o\u00f9 il a \u0153uvr\u00e9 passionn\u00e9ment pendant 10\u00a0ans en tant que b\u00e9n\u00e9vole et \u00e9coutant.<\/p>\n<blockquote class=\"wp-embedded-content\" data-secret=\"FrW35U4aGH\"><p><a href=\"https:\/\/telaidemontreal.org\/faites-un-don\/\">Faites un don<\/a><\/p><\/blockquote>\n<p><iframe loading=\"lazy\" class=\"wp-embedded-content\" sandbox=\"allow-scripts\" security=\"restricted\" style=\"position: absolute; visibility: hidden;\" title=\"\u00ab\u00a0Faites un don\u00a0\u00bb &#8212; Tel-Aide Montr\u00e9al\" src=\"https:\/\/telaidemontreal.org\/faites-un-don\/embed\/#?secret=d1ZhvQuJTu#?secret=FrW35U4aGH\" data-secret=\"FrW35U4aGH\" width=\"600\" height=\"338\" frameborder=\"0\" marginwidth=\"0\" marginheight=\"0\" scrolling=\"no\"><\/iframe><\/p>\n<p>&nbsp;<\/p>\n","protected":false},"excerpt":{"rendered":"<p>&nbsp; \u00c0 Montr\u00e9al, le 15 octobre 2024, est d\u00e9c\u00e9d\u00e9 M. Laurent Langevin \u00e0 l\u2019\u00e2ge de 87 ans. Il \u00e9tait l\u2019ex-\u00e9poux de Louise Gauthier, et auparavant l\u2019\u00e9poux de feu Th\u00e9r\u00e8se Meunier, m\u00e8re de ses deux enfants. Il laisse dans le deuil ses enfants Fran\u00e7ois (Marianne Monsallier-Gingras) et Martine (Olufemi Gbenoba); ses petits-enfants ador\u00e9s \u00c9tienne, L\u00e9ane et [&hellip;]<\/p>\n","protected":false},"author":8,"featured_media":17747,"comment_status":"closed","ping_status":"closed","sticky":false,"template":"","format":"standard","meta":{"_crdt_document":"","_jetpack_memberships_contains_paid_content":false,"footnotes":""},"categories":[97],"tags":[],"class_list":["post-17751","post","type-post","status-publish","format-standard","has-post-thumbnail","hentry","category-obituary"],"aioseo_notices":[],"jetpack_featured_media_url":"https:\/\/www.ja-lesieur.com\/wp-content\/uploads\/2024\/10\/Laurent-Langevin-carree-e1729112138634.jpg","jetpack_sharing_enabled":true,"_links":{"self":[{"href":"https:\/\/www.ja-lesieur.com\/en\/wp-json\/wp\/v2\/posts\/17751","targetHints":{"allow":["GET"]}}],"collection":[{"href":"https:\/\/www.ja-lesieur.com\/en\/wp-json\/wp\/v2\/posts"}],"about":[{"href":"https:\/\/www.ja-lesieur.com\/en\/wp-json\/wp\/v2\/types\/post"}],"author":[{"embeddable":true,"href":"https:\/\/www.ja-lesieur.com\/en\/wp-json\/wp\/v2\/users\/8"}],"replies":[{"embeddable":true,"href":"https:\/\/www.ja-lesieur.com\/en\/wp-json\/wp\/v2\/comments?post=17751"}],"version-history":[{"count":0,"href":"https:\/\/www.ja-lesieur.com\/en\/wp-json\/wp\/v2\/posts\/17751\/revisions"}],"wp:featuredmedia":[{"embeddable":true,"href":"https:\/\/www.ja-lesieur.com\/en\/wp-json\/wp\/v2\/media\/17747"}],"wp:attachment":[{"href":"https:\/\/www.ja-lesieur.com\/en\/wp-json\/wp\/v2\/media?parent=17751"}],"wp:term":[{"taxonomy":"category","embeddable":true,"href":"https:\/\/www.ja-lesieur.com\/en\/wp-json\/wp\/v2\/categories?post=17751"},{"taxonomy":"post_tag","embeddable":true,"href":"https:\/\/www.ja-lesieur.com\/en\/wp-json\/wp\/v2\/tags?post=17751"}],"curies":[{"name":"wp","href":"https:\/\/api.w.org\/{rel}","templated":true}]}}