{"id":17756,"date":"2024-06-23T11:47:38","date_gmt":"2024-06-23T15:47:38","guid":{"rendered":"https:\/\/www.ja-lesieur.com\/m-andre-desilets-1949-2024\/"},"modified":"2024-06-23T11:47:38","modified_gmt":"2024-06-23T15:47:38","slug":"m-andre-desilets-1949-2024","status":"publish","type":"post","link":"https:\/\/www.ja-lesieur.com\/en\/m-andre-desilets-1949-2024\/","title":{"rendered":"M. Andr\u00e9 D\u00e9silets 1949-2024"},"content":{"rendered":"<p>Au Centre hospitalier Ste-Marie de Trois-Rivi\u00e8res, le 23 juin 2024, \u00e0 l&#8217;\u00e2ge de 74 ans, est d\u00e9c\u00e9d\u00e9 M. Andr\u00e9 D\u00e9silets, \u00e9poux de feu Fernande Lafond, demeurant \u00e0 Saint-Cyrille-de-Wendover.<\/p>\n<p>Il laisse dans le deuil sa fille unique Julie D\u00e9silets (Patrick Dobbs); ses petits-enfants : Loucas et Aleksy Dobbs; ses fr\u00e8res et soeurs: feu Jean-Marie (feu Rolande Boudreault), Jacques (H\u00e9l\u00e8ne B\u00e9liveau), Solange (Jacques Doyon), Marie-Paule (Robert Th\u00e9berge), Pierrette (Marc-Andr\u00e9 Garneau), Mario (Feu Sandra Plamondon); sa filleule: France Doyon ainsi que plusieurs beaux-fr\u00e8res, belles-s\u0153urs, neveux, ni\u00e8ces, cousin(e)s et de nombreux amis(es).<\/p>\n<p>La famille d\u00e9sire remercier le personnel de l\u2019h\u00f4pital Ste-Marie pour les bons soins.<\/p>\n<p><strong>Les fun\u00e9railles ont eu lieu le samedi 19 octobre dernier en l\u2019\u00e9glise St-Gr\u00e9goire-le-Grand de B\u00e9cancourt.<\/strong><\/p>\n<p><strong>L&#8217;Aquamation a eu lieu au Bio-Cr\u00e9matorium du\u00a0:<\/strong><\/p>\n<p style=\"text-align: center;\"><strong>COMPLEXE FUN\u00c9RAIRE<\/strong><\/p>\n<p style=\"text-align: center;\"><strong>LE SIEUR<\/strong><\/p>\n<p style=\"text-align: center;\"><strong>60 Boul. Pie IX, Granby, Qc,<\/strong><\/p>\n<p style=\"text-align: center;\"><strong>t\u00e9l: 450-777-1414 t\u00e9lec: 450-777-0999<\/strong><\/p>\n<p style=\"text-align: center;\"><strong>www.lesieur.ca &#8211; info@lesieur.ca<\/strong><\/p>\n","protected":false},"excerpt":{"rendered":"<p>Au Centre hospitalier Ste-Marie de Trois-Rivi\u00e8res, le 23 juin 2024, \u00e0 l&#8217;\u00e2ge de 74 ans, est d\u00e9c\u00e9d\u00e9 M. Andr\u00e9 D\u00e9silets, \u00e9poux de feu Fernande Lafond, demeurant \u00e0 Saint-Cyrille-de-Wendover. Il laisse dans le deuil sa fille unique Julie D\u00e9silets (Patrick Dobbs); ses petits-enfants : Loucas et Aleksy Dobbs; ses fr\u00e8res et soeurs: feu Jean-Marie (feu Rolande [&hellip;]<\/p>\n","protected":false},"author":11,"featured_media":17754,"comment_status":"closed","ping_status":"closed","sticky":false,"template":"","format":"standard","meta":{"_crdt_document":"","_jetpack_memberships_contains_paid_content":false,"footnotes":""},"categories":[97],"tags":[],"class_list":["post-17756","post","type-post","status-publish","format-standard","has-post-thumbnail","hentry","category-obituary"],"aioseo_notices":[],"jetpack_featured_media_url":"https:\/\/www.ja-lesieur.com\/wp-content\/uploads\/2024\/10\/Andre-Desilet-Carree-e1729525756225.jpg","jetpack_sharing_enabled":true,"_links":{"self":[{"href":"https:\/\/www.ja-lesieur.com\/en\/wp-json\/wp\/v2\/posts\/17756","targetHints":{"allow":["GET"]}}],"collection":[{"href":"https:\/\/www.ja-lesieur.com\/en\/wp-json\/wp\/v2\/posts"}],"about":[{"href":"https:\/\/www.ja-lesieur.com\/en\/wp-json\/wp\/v2\/types\/post"}],"author":[{"embeddable":true,"href":"https:\/\/www.ja-lesieur.com\/en\/wp-json\/wp\/v2\/users\/11"}],"replies":[{"embeddable":true,"href":"https:\/\/www.ja-lesieur.com\/en\/wp-json\/wp\/v2\/comments?post=17756"}],"version-history":[{"count":0,"href":"https:\/\/www.ja-lesieur.com\/en\/wp-json\/wp\/v2\/posts\/17756\/revisions"}],"wp:featuredmedia":[{"embeddable":true,"href":"https:\/\/www.ja-lesieur.com\/en\/wp-json\/wp\/v2\/media\/17754"}],"wp:attachment":[{"href":"https:\/\/www.ja-lesieur.com\/en\/wp-json\/wp\/v2\/media?parent=17756"}],"wp:term":[{"taxonomy":"category","embeddable":true,"href":"https:\/\/www.ja-lesieur.com\/en\/wp-json\/wp\/v2\/categories?post=17756"},{"taxonomy":"post_tag","embeddable":true,"href":"https:\/\/www.ja-lesieur.com\/en\/wp-json\/wp\/v2\/tags?post=17756"}],"curies":[{"name":"wp","href":"https:\/\/api.w.org\/{rel}","templated":true}]}}