{"id":17877,"date":"2024-10-23T16:32:47","date_gmt":"2024-10-23T20:32:47","guid":{"rendered":"https:\/\/www.ja-lesieur.com\/mme-pierrette-dorais-1945-2024\/"},"modified":"2024-11-09T17:42:54","modified_gmt":"2024-11-09T22:42:54","slug":"mme-pierrette-dorais-1945-2024","status":"publish","type":"post","link":"https:\/\/www.ja-lesieur.com\/en\/mme-pierrette-dorais-1945-2024\/","title":{"rendered":"Mme Pierrette Dorais  1945-2024"},"content":{"rendered":"<p>Au C.H.U.S. H\u00f4tel-Dieu de Sherbrooke, le 23 octobre 2024, \u00e0 l&#8217;\u00e2ge de 79 ans, est d\u00e9c\u00e9d\u00e9e Mme Pierrette Dorais, demeurant \u00e0 Austin.<\/p>\n<p>Elle laisse dans le deuil ses enfants: Sylvie (Alain Migneault) et Carole Oligny (Reynald De Santis); elle \u00e9tait la m\u00e8re de feu St\u00e9phane Oligny. Elle laisse aussi ses petits-enfants: Sabrina, Tommy, David, Jimmy, Tara-Jade, Sacha, Jessy et Jeff; ses arri\u00e8re-petits-enfants: Mia, Jackson, Samuel, Micha\u00ebl, Cohen, Flora, Ka\u00ef et Ella; son fr\u00e8re: Eddy Dorais ainsi que plusieurs beaux-fr\u00e8res, belles-s\u0153urs, neveux, ni\u00e8ces, autres parents et de nombreux ami(e).<\/p>\n<p>Afin de respecter les volont\u00e9s de Mme Dorais, une c\u00e9r\u00e9monie priv\u00e9e aura lieu en toute intimit\u00e9 \u00e0 une date ult\u00e9rieure.<\/p>\n<p><strong>L&#8217;Aquamation a eu lieu au Bio-Cr\u00e9matorium Le Sieur de Granby.<\/strong><\/p>\n<p style=\"text-align: center;\"><strong>COMPLEXE FUN\u00c9RAIRE<\/strong><\/p>\n<p style=\"text-align: center;\"><strong>LE SIEUR<\/strong><\/p>\n<p style=\"text-align: center;\"><strong>60 Boul. Pie IX, Granby, Qc,<\/strong><\/p>\n<p style=\"text-align: center;\"><strong>t\u00e9l: 450-777-1414 t\u00e9lec: 450-777-0999<\/strong><\/p>\n<p style=\"text-align: center;\"><strong>www.lesieur.ca &#8211; info@lesieur.ca<\/strong><\/p>\n<p style=\"text-align: center;\"><strong>Membre de la CTQ<\/strong><\/p>\n","protected":false},"excerpt":{"rendered":"<p>Au C.H.U.S. H\u00f4tel-Dieu de Sherbrooke, le 23 octobre 2024, \u00e0 l&#8217;\u00e2ge de 79 ans, est d\u00e9c\u00e9d\u00e9e Mme Pierrette Dorais, demeurant \u00e0 Austin. Elle laisse dans le deuil ses enfants: Sylvie (Alain Migneault) et Carole Oligny (Reynald De Santis); elle \u00e9tait la m\u00e8re de feu St\u00e9phane Oligny. Elle laisse aussi ses petits-enfants: Sabrina, Tommy, David, Jimmy, [&hellip;]<\/p>\n","protected":false},"author":1,"featured_media":17875,"comment_status":"closed","ping_status":"closed","sticky":false,"template":"","format":"standard","meta":{"_crdt_document":"","_jetpack_memberships_contains_paid_content":false,"footnotes":""},"categories":[97],"tags":[],"class_list":["post-17877","post","type-post","status-publish","format-standard","has-post-thumbnail","hentry","category-obituary"],"aioseo_notices":[],"jetpack_featured_media_url":"https:\/\/www.ja-lesieur.com\/wp-content\/uploads\/2024\/11\/Pierrette-Dorais-Carree.jpeg","jetpack_sharing_enabled":true,"_links":{"self":[{"href":"https:\/\/www.ja-lesieur.com\/en\/wp-json\/wp\/v2\/posts\/17877","targetHints":{"allow":["GET"]}}],"collection":[{"href":"https:\/\/www.ja-lesieur.com\/en\/wp-json\/wp\/v2\/posts"}],"about":[{"href":"https:\/\/www.ja-lesieur.com\/en\/wp-json\/wp\/v2\/types\/post"}],"author":[{"embeddable":true,"href":"https:\/\/www.ja-lesieur.com\/en\/wp-json\/wp\/v2\/users\/1"}],"replies":[{"embeddable":true,"href":"https:\/\/www.ja-lesieur.com\/en\/wp-json\/wp\/v2\/comments?post=17877"}],"version-history":[{"count":1,"href":"https:\/\/www.ja-lesieur.com\/en\/wp-json\/wp\/v2\/posts\/17877\/revisions"}],"predecessor-version":[{"id":17878,"href":"https:\/\/www.ja-lesieur.com\/en\/wp-json\/wp\/v2\/posts\/17877\/revisions\/17878"}],"wp:featuredmedia":[{"embeddable":true,"href":"https:\/\/www.ja-lesieur.com\/en\/wp-json\/wp\/v2\/media\/17875"}],"wp:attachment":[{"href":"https:\/\/www.ja-lesieur.com\/en\/wp-json\/wp\/v2\/media?parent=17877"}],"wp:term":[{"taxonomy":"category","embeddable":true,"href":"https:\/\/www.ja-lesieur.com\/en\/wp-json\/wp\/v2\/categories?post=17877"},{"taxonomy":"post_tag","embeddable":true,"href":"https:\/\/www.ja-lesieur.com\/en\/wp-json\/wp\/v2\/tags?post=17877"}],"curies":[{"name":"wp","href":"https:\/\/api.w.org\/{rel}","templated":true}]}}