{"id":17889,"date":"2024-11-09T13:07:19","date_gmt":"2024-11-09T18:07:19","guid":{"rendered":"https:\/\/www.ja-lesieur.com\/mme-ginette-seney-lecours-1946-2024\/"},"modified":"2024-11-12T15:24:10","modified_gmt":"2024-11-12T20:24:10","slug":"mme-ginette-seney-lecours-1946-2024","status":"publish","type":"post","link":"https:\/\/www.ja-lesieur.com\/en\/mme-ginette-seney-lecours-1946-2024\/","title":{"rendered":"Mme Ginette Seney Lecours  1946-2024"},"content":{"rendered":"<p>&nbsp;<\/p>\n<p>\u00c0 Granby, le 9 novembre 2024, \u00e0 l&#8217;\u00e2ge de 77 ans, est d\u00e9c\u00e9d\u00e9e Mme Ginette Seney, \u00e9pouse de M. Richard Lecours, demeurant \u00e0 Granby.<\/p>\n<p>Outre son \u00e9poux, elle laisse dans le deuil ses filles qu&#8217;elle ch\u00e9rissait: Virginie (Mathieu Charland-Faucher) et Anne-Marie, ses petits-enfants: Liam, Miko, Zao et Noam Morin (et leur p\u00e8re Marc-Antoine Morin), L\u00e9o et Olivia Ravenelle ainsi que Clothilde et Guilhem Salomon.<\/p>\n<p>Elle \u00e9tait la s\u0153ur de Pauline (Pierre Lamonde), Jean-Pierre Seney (Ga\u00ebtane Lussier), feu Marguerite, feu Raymonde et feu H\u00e9l\u00e8ne (Louise Bourbonnais).<\/p>\n<p>Elle laisse \u00e9galement dans le deuil ses beaux-fr\u00e8res et belles-s\u0153urs: Muriel, Pierrette (Gilles Guay), Martine et Alain (Nicole Mercier), de nombreux neveux et ni\u00e8ces, parents et amis.<\/p>\n<p><strong>L&#8217;aquamation a eu lieu au Bio-Cr\u00e9matorium Le Sieur de Granby.<\/strong><\/p>\n<p><strong>La famille vous accueillera le vendredi 22 novembre de 19 h \u00e0 21 h et samedi le 23 novembre \u00e0 compter de 9 h au<\/strong><\/p>\n<p style=\"text-align: center;\"><strong>COMPLEXE FUN\u00c9RAIRE<\/strong><\/p>\n<p style=\"text-align: center;\"><strong>LE SIEUR<\/strong><\/p>\n<p style=\"text-align: center;\"><strong>60 Boul. Pie IX, Granby, Qc,<\/strong><\/p>\n<p style=\"text-align: center;\"><strong>t\u00e9l: 450-777-1414<\/strong><\/p>\n<p style=\"text-align: center;\"><strong>www.lesieur.ca &#8211; info@lesieur.ca<\/strong><\/p>\n<p style=\"text-align: center;\"><strong>Membre de la CTQ<\/strong><\/p>\n<p>Une c\u00e9r\u00e9monie de la parole sera c\u00e9l\u00e9br\u00e9e le samedi 23 novembre 2024 \u00e0 11 h en la<\/p>\n<p>Chapelle Le Sieur. Les cendres seront ensuite d\u00e9pos\u00e9es au columbarium Le Sieur.<\/p>\n<p>Vos marques de sympathie peuvent se traduire par un don \u00e0 la <a href=\"https:\/\/fondationchg.org\/donnez\">Fondation du CHG<\/a> et la <a href=\"https:\/\/servicesauxaidants.ca\/faitesundon\/\">Maison soutien aux aidants.<\/a><\/p>\n<p>La famille tient \u00e0 remercier les membres du personnel du CHSLD Leclerc et de la Maison soutien aux aidants, notamment Sonya, Johanne et Danielle, pour leur soutien, leur\u00a0accompagnement au fil des ans et les soins prodigu\u00e9s.<\/p>\n<p>Richard et ses filles tiennent \u00e0 remercier tous les membres de la famille qui les ont accompagn\u00e9s et soutenus ces derni\u00e8res ann\u00e9es et qui ont tant aim\u00e9 notre ch\u00e8re Gigi.<\/p>\n<p>&nbsp;<\/p>\n<p>&nbsp;<\/p>\n<p>&nbsp;<\/p>\n<p>&nbsp;<\/p>\n","protected":false},"excerpt":{"rendered":"<p>&nbsp; \u00c0 Granby, le 9 novembre 2024, \u00e0 l&#8217;\u00e2ge de 77 ans, est d\u00e9c\u00e9d\u00e9e Mme Ginette Seney, \u00e9pouse de M. Richard Lecours, demeurant \u00e0 Granby. Outre son \u00e9poux, elle laisse dans le deuil ses filles qu&#8217;elle ch\u00e9rissait: Virginie (Mathieu Charland-Faucher) et Anne-Marie, ses petits-enfants: Liam, Miko, Zao et Noam Morin (et leur p\u00e8re Marc-Antoine Morin), [&hellip;]<\/p>\n","protected":false},"author":8,"featured_media":17887,"comment_status":"closed","ping_status":"closed","sticky":false,"template":"","format":"standard","meta":{"_crdt_document":"","_jetpack_memberships_contains_paid_content":false,"footnotes":""},"categories":[97],"tags":[],"class_list":["post-17889","post","type-post","status-publish","format-standard","has-post-thumbnail","hentry","category-obituary"],"aioseo_notices":[],"jetpack_featured_media_url":"https:\/\/www.ja-lesieur.com\/wp-content\/uploads\/2024\/11\/Ginette-Seney-Lecours-avis-carree-e1731434925546.jpg","jetpack_sharing_enabled":true,"_links":{"self":[{"href":"https:\/\/www.ja-lesieur.com\/en\/wp-json\/wp\/v2\/posts\/17889","targetHints":{"allow":["GET"]}}],"collection":[{"href":"https:\/\/www.ja-lesieur.com\/en\/wp-json\/wp\/v2\/posts"}],"about":[{"href":"https:\/\/www.ja-lesieur.com\/en\/wp-json\/wp\/v2\/types\/post"}],"author":[{"embeddable":true,"href":"https:\/\/www.ja-lesieur.com\/en\/wp-json\/wp\/v2\/users\/8"}],"replies":[{"embeddable":true,"href":"https:\/\/www.ja-lesieur.com\/en\/wp-json\/wp\/v2\/comments?post=17889"}],"version-history":[{"count":1,"href":"https:\/\/www.ja-lesieur.com\/en\/wp-json\/wp\/v2\/posts\/17889\/revisions"}],"predecessor-version":[{"id":17891,"href":"https:\/\/www.ja-lesieur.com\/en\/wp-json\/wp\/v2\/posts\/17889\/revisions\/17891"}],"wp:featuredmedia":[{"embeddable":true,"href":"https:\/\/www.ja-lesieur.com\/en\/wp-json\/wp\/v2\/media\/17887"}],"wp:attachment":[{"href":"https:\/\/www.ja-lesieur.com\/en\/wp-json\/wp\/v2\/media?parent=17889"}],"wp:term":[{"taxonomy":"category","embeddable":true,"href":"https:\/\/www.ja-lesieur.com\/en\/wp-json\/wp\/v2\/categories?post=17889"},{"taxonomy":"post_tag","embeddable":true,"href":"https:\/\/www.ja-lesieur.com\/en\/wp-json\/wp\/v2\/tags?post=17889"}],"curies":[{"name":"wp","href":"https:\/\/api.w.org\/{rel}","templated":true}]}}