{"id":18027,"date":"2024-11-25T17:32:34","date_gmt":"2024-11-25T22:32:34","guid":{"rendered":"https:\/\/www.ja-lesieur.com\/m-rene-perras-1931-2024\/"},"modified":"2024-11-27T09:29:47","modified_gmt":"2024-11-27T14:29:47","slug":"m-rene-perras-1931-2024","status":"publish","type":"post","link":"https:\/\/www.ja-lesieur.com\/en\/m-rene-perras-1931-2024\/","title":{"rendered":"M. Ren\u00e9 Perras 1931-2024"},"content":{"rendered":"<p>\u00c0 Granby, le 25 novembre 2024, \u00e0 l&#8217;\u00e2ge de 93 ans, est d\u00e9c\u00e9d\u00e9 M. Ren\u00e9 Perras, \u00e9poux de feu Gis\u00e8le Miron, demeurant \u00e0 Granby. Durant plus de 40 ans de carri\u00e8re au sein D\u2019Agropur, il fut Pr\u00e9sident du Syndicat pendant plus de 25 ans. Ren\u00e9 \u00e9tait un grand violoneux qui aimait animer les Partys de famille.<\/p>\n<p>Il laisse dans le deuil ses enfants: Carole (Andr\u00e9 Paradis), Alain (Chantal Par\u00e9), Claude (Ginette B\u00e9dard), Daniel (Leigh Finlay), il \u00e9tait le p\u00e8re de feu Luc et laisse \u00e9galement ses petits-enfants: Yannick, Karine (Diego Galiano), Cynthia, Jules-Val\u00e9ry, Antonin, Jonathan, Arnau, Bianka (Hamza El Kortbi), Audrey (Gabriel Fontaine), ses arri\u00e8re-petits-enfants: Jade, Delphine, Olivia, Emma, \u00c9tienne et Guillaume, ses belles-s\u0153urs et son beau-fr\u00e8re: C\u00e9cile, Jeanne D&#8217;Arc, Monique et Jean-Claude, sa compagne des 13 derni\u00e8res ann\u00e9es No\u00eblla Auger ainsi que plusieurs neveux, ni\u00e8ces, autres parents et ami(e)s.<\/p>\n<p><strong>L&#8217;Aquamation a eu lieu au Bio-Cr\u00e9matorium Le Sieur de Granby.<\/strong><\/p>\n<p><strong>COMPLEXE FUN\u00c9RAIRE<\/strong><\/p>\n<p><strong>LESIEUR<\/strong><\/p>\n<p><strong>60 Boul. Pie IX, Granby, Qc,<\/strong><\/p>\n<p><strong>t\u00e9l: 450-777-1414 t\u00e9lec: 450-777-0999<\/strong><\/p>\n<p><strong>www.lesieur.ca &#8211; info@lesieur.ca<\/strong><\/p>\n<p><strong>Membre de la CTQ<\/strong><\/p>\n<p>Afin de respecter les derni\u00e8res volont\u00e9s de M. Ren\u00e9 Perras, il n&#8217;y aura pas d&#8217;exposition. Une c\u00e9r\u00e9monie de pri\u00e8re a eu lieu dans la plus stricte intimit\u00e9, suivie de l\u2019inhumation au cimeti\u00e8re Mgr Pelletier.<\/p>\n<p>La famille d\u00e9sire remercier le personnel du CHG pour les bons soins prodigu\u00e9s \u00e0 M. Perras.<\/p>\n","protected":false},"excerpt":{"rendered":"<p>\u00c0 Granby, le 25 novembre 2024, \u00e0 l&#8217;\u00e2ge de 93 ans, est d\u00e9c\u00e9d\u00e9 M. Ren\u00e9 Perras, \u00e9poux de feu Gis\u00e8le Miron, demeurant \u00e0 Granby. Durant plus de 40 ans de carri\u00e8re au sein D\u2019Agropur, il fut Pr\u00e9sident du Syndicat pendant plus de 25 ans. Ren\u00e9 \u00e9tait un grand violoneux qui aimait animer les Partys de [&hellip;]<\/p>\n","protected":false},"author":9,"featured_media":18025,"comment_status":"closed","ping_status":"closed","sticky":false,"template":"","format":"standard","meta":{"_crdt_document":"","_jetpack_memberships_contains_paid_content":false,"footnotes":""},"categories":[97],"tags":[],"class_list":["post-18027","post","type-post","status-publish","format-standard","has-post-thumbnail","hentry","category-obituary"],"aioseo_notices":[],"jetpack_featured_media_url":"https:\/\/www.ja-lesieur.com\/wp-content\/uploads\/2024\/11\/Rene-Perras-carre-e1732660337274.jpg","jetpack_sharing_enabled":true,"_links":{"self":[{"href":"https:\/\/www.ja-lesieur.com\/en\/wp-json\/wp\/v2\/posts\/18027","targetHints":{"allow":["GET"]}}],"collection":[{"href":"https:\/\/www.ja-lesieur.com\/en\/wp-json\/wp\/v2\/posts"}],"about":[{"href":"https:\/\/www.ja-lesieur.com\/en\/wp-json\/wp\/v2\/types\/post"}],"author":[{"embeddable":true,"href":"https:\/\/www.ja-lesieur.com\/en\/wp-json\/wp\/v2\/users\/9"}],"replies":[{"embeddable":true,"href":"https:\/\/www.ja-lesieur.com\/en\/wp-json\/wp\/v2\/comments?post=18027"}],"version-history":[{"count":3,"href":"https:\/\/www.ja-lesieur.com\/en\/wp-json\/wp\/v2\/posts\/18027\/revisions"}],"predecessor-version":[{"id":18032,"href":"https:\/\/www.ja-lesieur.com\/en\/wp-json\/wp\/v2\/posts\/18027\/revisions\/18032"}],"wp:featuredmedia":[{"embeddable":true,"href":"https:\/\/www.ja-lesieur.com\/en\/wp-json\/wp\/v2\/media\/18025"}],"wp:attachment":[{"href":"https:\/\/www.ja-lesieur.com\/en\/wp-json\/wp\/v2\/media?parent=18027"}],"wp:term":[{"taxonomy":"category","embeddable":true,"href":"https:\/\/www.ja-lesieur.com\/en\/wp-json\/wp\/v2\/categories?post=18027"},{"taxonomy":"post_tag","embeddable":true,"href":"https:\/\/www.ja-lesieur.com\/en\/wp-json\/wp\/v2\/tags?post=18027"}],"curies":[{"name":"wp","href":"https:\/\/api.w.org\/{rel}","templated":true}]}}