{"id":18107,"date":"2024-12-03T15:52:46","date_gmt":"2024-12-03T20:52:46","guid":{"rendered":"https:\/\/www.ja-lesieur.com\/m-jacques-jacques-marc-beaudoin-1951-2024\/"},"modified":"2024-12-03T15:52:46","modified_gmt":"2024-12-03T20:52:46","slug":"m-jacques-jacques-marc-beaudoin-1951-2024","status":"publish","type":"post","link":"https:\/\/www.ja-lesieur.com\/en\/m-jacques-jacques-marc-beaudoin-1951-2024\/","title":{"rendered":"M. Jacques (Jacques-Marc) Beaudoin 1951-2024"},"content":{"rendered":"<p>\u00c0 l&#8217;H\u00f4pital St-Fran\u00e7ois d&#8217;Assise de Qu\u00e9bec, le 3 d\u00e9cembre 2024, est d\u00e9c\u00e9d\u00e9 \u00e0 l&#8217;\u00e2ge de 73 ans, M. Jacques (Jacques-Marc) Beaudoin, fils de feu Mme Fernande B\u00e9rard et de feu M. Fernand Beaudoin. Il demeurait \u00e0 Qu\u00e9bec.<\/p>\n<p>Il laisse dans le deuil ses fr\u00e8res et s\u0153urs : Danielle, Richard, Andr\u00e9, Sylvie (Claude Lavigne) ainsi que plusieurs neveux, ni\u00e8ces, autres parents et amis.<\/p>\n<p><strong>L&#8217;Aquamation a eu lieu au Bio-Cr\u00e9matorium Le Sieur de Granby.<\/strong><\/p>\n<p><strong>COMPLEXE FUN\u00c9RAIRE<\/strong><\/p>\n<p><strong>LESIEUR<\/strong><\/p>\n<p><strong>60 Boul. Pie IX, Granby, Qc,<\/strong><\/p>\n<p><strong>t\u00e9l: 450-777-1414 t\u00e9lec: 450-777-0999<\/strong><\/p>\n<p><strong>www.lesieur.ca &#8211; info<span class=\"atwho-query\">@lesieur<\/span><\/strong><\/p>\n<p><strong>Membre de la CTQ<\/strong><\/p>\n<p><strong>Afin de respecter les derni\u00e8res volont\u00e9s de M. Jacques Beaudoin, il n&#8217;y aura pas d&#8217;exposition.\u00a0Une c\u00e9r\u00e9monie aura lieu au printemps prochain en toute intimit\u00e9.<\/strong><\/p>\n<p>La famille tient \u00e0 remercier sinc\u00e8rement le personnel des soins intensifs coronariens qui a prodigu\u00e9 les soins \u00e0 notre fr\u00e8re avec empathie et de l&#8217;attention port\u00e9e \u00e0 ses proches.<\/p>\n<p>&nbsp;<\/p>\n","protected":false},"excerpt":{"rendered":"<p>\u00c0 l&#8217;H\u00f4pital St-Fran\u00e7ois d&#8217;Assise de Qu\u00e9bec, le 3 d\u00e9cembre 2024, est d\u00e9c\u00e9d\u00e9 \u00e0 l&#8217;\u00e2ge de 73 ans, M. Jacques (Jacques-Marc) Beaudoin, fils de feu Mme Fernande B\u00e9rard et de feu M. Fernand Beaudoin. Il demeurait \u00e0 Qu\u00e9bec. Il laisse dans le deuil ses fr\u00e8res et s\u0153urs : Danielle, Richard, Andr\u00e9, Sylvie (Claude Lavigne) ainsi que [&hellip;]<\/p>\n","protected":false},"author":1,"featured_media":18104,"comment_status":"closed","ping_status":"closed","sticky":false,"template":"","format":"standard","meta":{"_crdt_document":"","_jetpack_memberships_contains_paid_content":false,"footnotes":""},"categories":[97],"tags":[],"class_list":["post-18107","post","type-post","status-publish","format-standard","has-post-thumbnail","hentry","category-obituary"],"aioseo_notices":[],"jetpack_featured_media_url":"https:\/\/www.ja-lesieur.com\/wp-content\/uploads\/2024\/12\/Jacques-Beaudoin-carre.jpg","jetpack_sharing_enabled":true,"_links":{"self":[{"href":"https:\/\/www.ja-lesieur.com\/en\/wp-json\/wp\/v2\/posts\/18107","targetHints":{"allow":["GET"]}}],"collection":[{"href":"https:\/\/www.ja-lesieur.com\/en\/wp-json\/wp\/v2\/posts"}],"about":[{"href":"https:\/\/www.ja-lesieur.com\/en\/wp-json\/wp\/v2\/types\/post"}],"author":[{"embeddable":true,"href":"https:\/\/www.ja-lesieur.com\/en\/wp-json\/wp\/v2\/users\/1"}],"replies":[{"embeddable":true,"href":"https:\/\/www.ja-lesieur.com\/en\/wp-json\/wp\/v2\/comments?post=18107"}],"version-history":[{"count":0,"href":"https:\/\/www.ja-lesieur.com\/en\/wp-json\/wp\/v2\/posts\/18107\/revisions"}],"wp:featuredmedia":[{"embeddable":true,"href":"https:\/\/www.ja-lesieur.com\/en\/wp-json\/wp\/v2\/media\/18104"}],"wp:attachment":[{"href":"https:\/\/www.ja-lesieur.com\/en\/wp-json\/wp\/v2\/media?parent=18107"}],"wp:term":[{"taxonomy":"category","embeddable":true,"href":"https:\/\/www.ja-lesieur.com\/en\/wp-json\/wp\/v2\/categories?post=18107"},{"taxonomy":"post_tag","embeddable":true,"href":"https:\/\/www.ja-lesieur.com\/en\/wp-json\/wp\/v2\/tags?post=18107"}],"curies":[{"name":"wp","href":"https:\/\/api.w.org\/{rel}","templated":true}]}}