{"id":18208,"date":"2024-10-13T13:11:38","date_gmt":"2024-10-13T17:11:38","guid":{"rendered":"https:\/\/www.ja-lesieur.com\/m-real-coupal-1936-2024\/"},"modified":"2024-10-13T13:11:38","modified_gmt":"2024-10-13T17:11:38","slug":"m-real-coupal-1936-2024","status":"publish","type":"post","link":"https:\/\/www.ja-lesieur.com\/en\/m-real-coupal-1936-2024\/","title":{"rendered":"M. R\u00e9al Coupal  1936-2024"},"content":{"rendered":"<p>\u00c0 Bedford, le 13 octobre 2024, \u00e0 l&#8217;\u00e2ge de 87 ans, est d\u00e9c\u00e9d\u00e9 M. R\u00e9al Coupal, \u00e9poux de Mme Olivette Martel, demeurant dans le Canton de Bedford.<\/p>\n<p>Outre son \u00e9pouse Olivette, il laisse dans le deuil ses enfants: Sylvain, Daniel (Johanne Breton), St\u00e9phane (Esther Laforce), Francis; ses petits-enfants: Mathieu, Philippe, Maxime, Edouard, Brunante, Mandonine et Constance; ses fr\u00e8res et soeurs: Claire (Andr\u00e9 Forget), Denise (feu Georges Brault), Claude (Simone Coupal) ainsi que plusieurs beaux-fr\u00e8res, belles-soeurs, neveux, ni\u00e8ces, autres parents et ami(e)s.<\/p>\n<p>La famille d\u00e9sire remercier le personnel du CHSLD de Bedford pour les bons soins prodigu\u00e9s \u00e0 M. Coupal.<\/p>\n<p>Afin de respecter les derni\u00e8res volont\u00e9s de M. Coupal, une c\u00e9l\u00e9bration priv\u00e9e aura lieu en toute intimit\u00e9 \u00e0 une date ult\u00e9rieure.<\/p>\n<p><strong>L&#8217;Aquamation a eu lieu au Bio-Cr\u00e9matorium du\u00a0:<\/strong><\/p>\n<p style=\"text-align: center;\"><strong>COMPLEXE FUN\u00c9RAIRE<\/strong><\/p>\n<p style=\"text-align: center;\"><strong>LE SIEUR<\/strong><\/p>\n<p style=\"text-align: center;\"><strong>60 Boul. Pie IX, Granby, Qc,<\/strong><\/p>\n<p style=\"text-align: center;\"><strong>t\u00e9l: 450-777-1414 t\u00e9lec: 450-777-0999<\/strong><\/p>\n<p style=\"text-align: center;\"><strong>www.lesieur.ca &#8211; info@lesieur.ca<\/strong><\/p>\n<p style=\"text-align: center;\"><strong>Membre de la CTQ<\/strong><\/p>\n","protected":false},"excerpt":{"rendered":"<p>\u00c0 Bedford, le 13 octobre 2024, \u00e0 l&#8217;\u00e2ge de 87 ans, est d\u00e9c\u00e9d\u00e9 M. R\u00e9al Coupal, \u00e9poux de Mme Olivette Martel, demeurant dans le Canton de Bedford. Outre son \u00e9pouse Olivette, il laisse dans le deuil ses enfants: Sylvain, Daniel (Johanne Breton), St\u00e9phane (Esther Laforce), Francis; ses petits-enfants: Mathieu, Philippe, Maxime, Edouard, Brunante, Mandonine et [&hellip;]<\/p>\n","protected":false},"author":1,"featured_media":18206,"comment_status":"closed","ping_status":"closed","sticky":false,"template":"","format":"standard","meta":{"_crdt_document":"","_jetpack_memberships_contains_paid_content":false,"footnotes":""},"categories":[97],"tags":[],"class_list":["post-18208","post","type-post","status-publish","format-standard","has-post-thumbnail","hentry","category-obituary"],"aioseo_notices":[],"jetpack_featured_media_url":"https:\/\/www.ja-lesieur.com\/wp-content\/uploads\/2024\/12\/Real-Coupal-Carre.jpg","jetpack_sharing_enabled":true,"_links":{"self":[{"href":"https:\/\/www.ja-lesieur.com\/en\/wp-json\/wp\/v2\/posts\/18208","targetHints":{"allow":["GET"]}}],"collection":[{"href":"https:\/\/www.ja-lesieur.com\/en\/wp-json\/wp\/v2\/posts"}],"about":[{"href":"https:\/\/www.ja-lesieur.com\/en\/wp-json\/wp\/v2\/types\/post"}],"author":[{"embeddable":true,"href":"https:\/\/www.ja-lesieur.com\/en\/wp-json\/wp\/v2\/users\/1"}],"replies":[{"embeddable":true,"href":"https:\/\/www.ja-lesieur.com\/en\/wp-json\/wp\/v2\/comments?post=18208"}],"version-history":[{"count":0,"href":"https:\/\/www.ja-lesieur.com\/en\/wp-json\/wp\/v2\/posts\/18208\/revisions"}],"wp:featuredmedia":[{"embeddable":true,"href":"https:\/\/www.ja-lesieur.com\/en\/wp-json\/wp\/v2\/media\/18206"}],"wp:attachment":[{"href":"https:\/\/www.ja-lesieur.com\/en\/wp-json\/wp\/v2\/media?parent=18208"}],"wp:term":[{"taxonomy":"category","embeddable":true,"href":"https:\/\/www.ja-lesieur.com\/en\/wp-json\/wp\/v2\/categories?post=18208"},{"taxonomy":"post_tag","embeddable":true,"href":"https:\/\/www.ja-lesieur.com\/en\/wp-json\/wp\/v2\/tags?post=18208"}],"curies":[{"name":"wp","href":"https:\/\/api.w.org\/{rel}","templated":true}]}}