{"id":18273,"date":"2024-12-26T15:29:45","date_gmt":"2024-12-26T20:29:45","guid":{"rendered":"https:\/\/www.ja-lesieur.com\/m-clermont-poulin-1940-2024\/"},"modified":"2025-01-27T14:23:52","modified_gmt":"2025-01-27T19:23:52","slug":"m-clermont-poulin-1940-2024","status":"publish","type":"post","link":"https:\/\/www.ja-lesieur.com\/en\/m-clermont-poulin-1940-2024\/","title":{"rendered":"M. Clermont Poulin 1940-2024"},"content":{"rendered":"<p>\u00c0 la Maison des ain\u00e9s, le 26 d\u00e9cembre 2024, \u00e0 l&#8217;\u00e2ge de 84 ans, est d\u00e9c\u00e9d\u00e9 M. Clermont Poulin, \u00e9poux de feu Lise Gr\u00e9goire, demeurant \u00e0 Granby, autrefois de Saint-Jean-sur-Richelieu.<\/p>\n<p>Il laisse dans le deuil son fils: Patrick (Yolande); ses petits-enfants: Florence et Thomas; ses fr\u00e8res et s\u0153urs ainsi que plusieurs beaux-fr\u00e8res, belles-s\u0153urs, neveux, ni\u00e8ces, autres parents et de nombreux amis.<\/p>\n<p>Des dons \u00e0 la Fondation du C.H.G. seraient appr\u00e9ci\u00e9s. Vous pouvez donner en ligne\u00a0en suivant ce lien\u00a0: <a href=\"http:\/\/www.fondationchg.org\">www.fondationchg.org<\/a><\/p>\n<p><strong>L&#8217;Aquamation a eu lieu au Bio-Cr\u00e9matorium Le Sieur de Granby.<\/strong><\/p>\n<p><strong>La famille vous accueillera le vendredi 24 janvier 2025 de 19 heures \u00e0 21 heures et samedi le 25 janvier 2025 \u00e0 compter de 9 heures au : <\/strong><\/p>\n<p style=\"text-align: center;\"><strong>COMPLEXE FUN\u00c9RAIRE<\/strong><\/p>\n<p style=\"text-align: center;\"><strong>LE SIEUR<\/strong><\/p>\n<p style=\"text-align: center;\"><strong>60, Boul. Pie-IX, Granby, Qc,<\/strong><\/p>\n<p style=\"text-align: center;\"><strong>T\u00e9l. : 450-777-1414 t\u00e9lec. : 450-777-0999<\/strong><\/p>\n<p style=\"text-align: center;\"><strong>www.lesieur.ca &#8211; info@lesieur.ca<\/strong><\/p>\n<p style=\"text-align: center;\"><strong>Membre de la CTQ<\/strong><\/p>\n<p>La Liturgie de la Parole aura lieu ce m\u00eame samedi \u00e0 11 heures, en la Chapelle du complexe. L\u2019inhumation au Cimeti\u00e8re St-Athanase d\u2019Iberville se fera \u00e0 une date ult\u00e9rieure.<\/p>\n<p>Pour visualiser la c\u00e9r\u00e9monie fun\u00e9raire veuillez cliquer sur le lien:<\/p>\n<p><iframe loading=\"lazy\" title=\"C\u00e9r\u00e9monie fun\u00e9raire de M. Clermont Poulin\" width=\"1170\" height=\"658\" src=\"https:\/\/www.youtube.com\/embed\/wHUttA1xPzc?feature=oembed\" frameborder=\"0\" allow=\"accelerometer; autoplay; clipboard-write; encrypted-media; gyroscope; picture-in-picture; web-share\" referrerpolicy=\"strict-origin-when-cross-origin\" allowfullscreen><\/iframe><\/p>\n<p>&nbsp;<\/p>\n<p>&nbsp;<\/p>\n<p>&nbsp;<\/p>\n<p>&nbsp;<\/p>\n<p>&nbsp;<\/p>\n<p>&nbsp;<\/p>\n<p>&nbsp;<\/p>\n<p>&nbsp;<\/p>\n","protected":false},"excerpt":{"rendered":"<p>\u00c0 la Maison des ain\u00e9s, le 26 d\u00e9cembre 2024, \u00e0 l&#8217;\u00e2ge de 84 ans, est d\u00e9c\u00e9d\u00e9 M. Clermont Poulin, \u00e9poux de feu Lise Gr\u00e9goire, demeurant \u00e0 Granby, autrefois de Saint-Jean-sur-Richelieu. Il laisse dans le deuil son fils: Patrick (Yolande); ses petits-enfants: Florence et Thomas; ses fr\u00e8res et s\u0153urs ainsi que plusieurs beaux-fr\u00e8res, belles-s\u0153urs, neveux, ni\u00e8ces, [&hellip;]<\/p>\n","protected":false},"author":1,"featured_media":18271,"comment_status":"closed","ping_status":"closed","sticky":false,"template":"","format":"standard","meta":{"_crdt_document":"","_jetpack_memberships_contains_paid_content":false,"footnotes":""},"categories":[97],"tags":[],"class_list":["post-18273","post","type-post","status-publish","format-standard","has-post-thumbnail","hentry","category-obituary"],"aioseo_notices":[],"jetpack_featured_media_url":"https:\/\/www.ja-lesieur.com\/wp-content\/uploads\/2025\/01\/Clermont-Poulin-Carre-e1736281892885.jpg","jetpack_sharing_enabled":true,"_links":{"self":[{"href":"https:\/\/www.ja-lesieur.com\/en\/wp-json\/wp\/v2\/posts\/18273","targetHints":{"allow":["GET"]}}],"collection":[{"href":"https:\/\/www.ja-lesieur.com\/en\/wp-json\/wp\/v2\/posts"}],"about":[{"href":"https:\/\/www.ja-lesieur.com\/en\/wp-json\/wp\/v2\/types\/post"}],"author":[{"embeddable":true,"href":"https:\/\/www.ja-lesieur.com\/en\/wp-json\/wp\/v2\/users\/1"}],"replies":[{"embeddable":true,"href":"https:\/\/www.ja-lesieur.com\/en\/wp-json\/wp\/v2\/comments?post=18273"}],"version-history":[{"count":1,"href":"https:\/\/www.ja-lesieur.com\/en\/wp-json\/wp\/v2\/posts\/18273\/revisions"}],"predecessor-version":[{"id":18443,"href":"https:\/\/www.ja-lesieur.com\/en\/wp-json\/wp\/v2\/posts\/18273\/revisions\/18443"}],"wp:featuredmedia":[{"embeddable":true,"href":"https:\/\/www.ja-lesieur.com\/en\/wp-json\/wp\/v2\/media\/18271"}],"wp:attachment":[{"href":"https:\/\/www.ja-lesieur.com\/en\/wp-json\/wp\/v2\/media?parent=18273"}],"wp:term":[{"taxonomy":"category","embeddable":true,"href":"https:\/\/www.ja-lesieur.com\/en\/wp-json\/wp\/v2\/categories?post=18273"},{"taxonomy":"post_tag","embeddable":true,"href":"https:\/\/www.ja-lesieur.com\/en\/wp-json\/wp\/v2\/tags?post=18273"}],"curies":[{"name":"wp","href":"https:\/\/api.w.org\/{rel}","templated":true}]}}