{"id":18290,"date":"2025-01-02T09:25:25","date_gmt":"2025-01-02T14:25:25","guid":{"rendered":"https:\/\/www.ja-lesieur.com\/mme-helene-laflamme-1957-2025\/"},"modified":"2025-01-02T09:25:25","modified_gmt":"2025-01-02T14:25:25","slug":"mme-helene-laflamme-1957-2025","status":"publish","type":"post","link":"https:\/\/www.ja-lesieur.com\/en\/mme-helene-laflamme-1957-2025\/","title":{"rendered":"Mme H\u00e9l\u00e8ne Laflamme 1957-2025"},"content":{"rendered":"<p>\u00c0 Montr\u00e9al, le 2 janvier 2025, \u00e0 l\u2019\u00e2ge de 67 ans, est d\u00e9c\u00e9d\u00e9e Mme H\u00e9l\u00e8ne Laflamme, \u00e9pouse de M. Ga\u00e9tan Tremblay, demeurant \u00e0 Montr\u00e9al. Outre son \u00e9poux, elle laisse dans le deuil son fils Samuel Tremblay.<\/p>\n<p>Elle \u00e9tait la s\u0153ur de: Carmen, Lynn et Jacques, feu Gilles, feu Marie, feu Teresa et feu Odette.<\/p>\n<p>Elle laisse \u00e9galement dans le deuil ses beaux-fr\u00e8res et belles-s\u0153urs\u00a0: Ginette, Joce, Manon et Jean, ses neveux et ni\u00e8ces ainsi que de nombreux autres parents et amis.<\/p>\n<p><strong>L\u2019Aquamation a eu lieu au Bio-Cr\u00e9matorium Le Sieur de Granby.<\/strong><\/p>\n<p>Un merci Sp\u00e9cial a Sylvie Simard, Erika Audet, Teresa Billiot et Kristina Audet ainsi que Pamela Bell. Merci d\u2019avoir fait partie de sa vie.<\/p>\n<p>Afin de respecter les derni\u00e8res volont\u00e9s de Mme H\u00e9l\u00e8ne Laflamme, il n\u2019y aura pas d\u2019exposition.<\/p>\n<p>Une c\u00e9r\u00e9monie en priv\u00e9 sera c\u00e9l\u00e9br\u00e9e par la famille.<\/p>\n<p>&nbsp;<\/p>\n<p style=\"text-align: center;\"><strong>COMPLEXE FUN\u00c9RAIRE<\/strong><\/p>\n<p style=\"text-align: center;\"><strong>LESIEUR<\/strong><\/p>\n<p style=\"text-align: center;\"><strong>60 Boul. Pie IX, Granby, Qc,<\/strong><\/p>\n<p style=\"text-align: center;\"><strong>t\u00e9l: 450-777-1414<\/strong><\/p>\n<p style=\"text-align: center;\"><strong>www.lesieur.ca &#8211; info@lesieur.ca<\/strong><\/p>\n<p style=\"text-align: center;\"><strong>Membre de la CTQ<\/strong><\/p>\n","protected":false},"excerpt":{"rendered":"<p>\u00c0 Montr\u00e9al, le 2 janvier 2025, \u00e0 l\u2019\u00e2ge de 67 ans, est d\u00e9c\u00e9d\u00e9e Mme H\u00e9l\u00e8ne Laflamme, \u00e9pouse de M. Ga\u00e9tan Tremblay, demeurant \u00e0 Montr\u00e9al. Outre son \u00e9poux, elle laisse dans le deuil son fils Samuel Tremblay. Elle \u00e9tait la s\u0153ur de: Carmen, Lynn et Jacques, feu Gilles, feu Marie, feu Teresa et feu Odette. Elle [&hellip;]<\/p>\n","protected":false},"author":8,"featured_media":18284,"comment_status":"closed","ping_status":"closed","sticky":false,"template":"","format":"standard","meta":{"_jetpack_newsletter_access":"","_jetpack_dont_email_post_to_subs":false,"_jetpack_newsletter_tier_id":0,"_jetpack_memberships_contains_paywalled_content":false,"_jetpack_memberships_contains_paid_content":false,"footnotes":""},"categories":[97],"tags":[],"class_list":["post-18290","post","type-post","status-publish","format-standard","has-post-thumbnail","hentry","category-obituary"],"aioseo_notices":[],"aioseo_head":"\n\t\t<!-- All in One SEO 5.0.1.1 - aioseo.com -->\n\t<meta name=\"robots\" content=\"max-image-preview:large\" \/>\n\t<meta name=\"author\" content=\"Martine Loignon\"\/>\n\t<link rel=\"canonical\" href=\"https:\/\/www.ja-lesieur.com\/en\/mme-helene-laflamme-1957-2025\/\" \/>\n\t<meta name=\"generator\" content=\"All in One SEO (AIOSEO) 5.0.1.1\" \/>\n\t\t<meta property=\"og:locale\" content=\"en_US\" \/>\n\t\t<meta property=\"og:site_name\" content=\"Funeral Complex LeSieur comprehensive services | ja-lesieur.com\" \/>\n\t\t<meta property=\"og:type\" content=\"article\" \/>\n\t\t<meta property=\"og:title\" content=\"Mme H\u00e9l\u00e8ne Laflamme 1957-2025 | Funeral Complex LeSieur comprehensive services\" \/>\n\t\t<meta property=\"og:url\" content=\"https:\/\/www.ja-lesieur.com\/en\/mme-helene-laflamme-1957-2025\/\" \/>\n\t\t<meta property=\"article:published_time\" content=\"2025-01-02T14:25:25+00:00\" \/>\n\t\t<meta property=\"article:modified_time\" content=\"2025-01-02T14:25:25+00:00\" \/>\n\t\t<script type=\"application\/ld+json\" class=\"aioseo-schema\">\n\t\t\t{\"@context\":\"https:\\\/\\\/schema.org\",\"@graph\":[{\"@type\":\"Article\",\"@id\":\"https:\\\/\\\/www.ja-lesieur.com\\\/en\\\/mme-helene-laflamme-1957-2025\\\/#article\",\"name\":\"Mme H\\u00e9l\\u00e8ne Laflamme 1957-2025 | Funeral Complex LeSieur comprehensive services\",\"headline\":\"Mme H\\u00e9l\\u00e8ne Laflamme 1957-2025\",\"author\":{\"@id\":\"https:\\\/\\\/www.ja-lesieur.com\\\/en\\\/author\\\/martinelesieur-ca\\\/#author\"},\"publisher\":{\"@id\":\"https:\\\/\\\/www.ja-lesieur.com\\\/en\\\/#organization\"},\"image\":{\"@type\":\"ImageObject\",\"url\":\"https:\\\/\\\/www.ja-lesieur.com\\\/wp-content\\\/uploads\\\/2025\\\/01\\\/Helene-Laflamme-carree-e1736432765317.jpg\",\"width\":900,\"height\":900},\"datePublished\":\"2025-01-02T09:25:25-05:00\",\"dateModified\":\"2025-01-02T09:25:25-05:00\",\"inLanguage\":\"en-US\",\"mainEntityOfPage\":{\"@id\":\"https:\\\/\\\/www.ja-lesieur.com\\\/en\\\/mme-helene-laflamme-1957-2025\\\/#webpage\"},\"isPartOf\":{\"@id\":\"https:\\\/\\\/www.ja-lesieur.com\\\/en\\\/mme-helene-laflamme-1957-2025\\\/#webpage\"},\"articleSection\":\"Obituary, Facultatif\"},{\"@type\":\"BreadcrumbList\",\"@id\":\"https:\\\/\\\/www.ja-lesieur.com\\\/en\\\/mme-helene-laflamme-1957-2025\\\/#breadcrumblist\",\"itemListElement\":[{\"@type\":\"ListItem\",\"@id\":\"https:\\\/\\\/www.ja-lesieur.com\\\/en\\\/#listItem\",\"position\":1,\"name\":\"Accueil\",\"item\":\"https:\\\/\\\/www.ja-lesieur.com\\\/en\\\/\",\"nextItem\":{\"@type\":\"ListItem\",\"@id\":\"https:\\\/\\\/www.ja-lesieur.com\\\/en\\\/category\\\/obituary\\\/#listItem\",\"name\":\"Obituary\"}},{\"@type\":\"ListItem\",\"@id\":\"https:\\\/\\\/www.ja-lesieur.com\\\/en\\\/category\\\/obituary\\\/#listItem\",\"position\":2,\"name\":\"Obituary\",\"item\":\"https:\\\/\\\/www.ja-lesieur.com\\\/en\\\/category\\\/obituary\\\/\",\"nextItem\":{\"@type\":\"ListItem\",\"@id\":\"https:\\\/\\\/www.ja-lesieur.com\\\/en\\\/mme-helene-laflamme-1957-2025\\\/#listItem\",\"name\":\"Mme H\\u00e9l\\u00e8ne Laflamme 1957-2025\"},\"previousItem\":{\"@type\":\"ListItem\",\"@id\":\"https:\\\/\\\/www.ja-lesieur.com\\\/en\\\/#listItem\",\"name\":\"Accueil\"}},{\"@type\":\"ListItem\",\"@id\":\"https:\\\/\\\/www.ja-lesieur.com\\\/en\\\/mme-helene-laflamme-1957-2025\\\/#listItem\",\"position\":3,\"name\":\"Mme H\\u00e9l\\u00e8ne Laflamme 1957-2025\",\"previousItem\":{\"@type\":\"ListItem\",\"@id\":\"https:\\\/\\\/www.ja-lesieur.com\\\/en\\\/category\\\/obituary\\\/#listItem\",\"name\":\"Obituary\"}}]},{\"@type\":\"Organization\",\"@id\":\"https:\\\/\\\/www.ja-lesieur.com\\\/en\\\/#organization\",\"name\":\"Complexe fun\\u00e9raire LeSieur\",\"description\":\"ja-lesieur.com\",\"url\":\"https:\\\/\\\/www.ja-lesieur.com\\\/en\\\/\",\"telephone\":\"+18883678471\"},{\"@type\":\"Person\",\"@id\":\"https:\\\/\\\/www.ja-lesieur.com\\\/en\\\/author\\\/martinelesieur-ca\\\/#author\",\"url\":\"https:\\\/\\\/www.ja-lesieur.com\\\/en\\\/author\\\/martinelesieur-ca\\\/\",\"name\":\"Martine Loignon\",\"image\":{\"@type\":\"ImageObject\",\"@id\":\"https:\\\/\\\/www.ja-lesieur.com\\\/en\\\/mme-helene-laflamme-1957-2025\\\/#authorImage\",\"url\":\"\\\/\\\/www.gravatar.com\\\/avatar\\\/f272fe1722d7fd7cef57d99d37395bf5?s=96&#038;r=g&#038;d=mm\",\"width\":96,\"height\":96,\"caption\":\"Martine Loignon\"}},{\"@type\":\"WebPage\",\"@id\":\"https:\\\/\\\/www.ja-lesieur.com\\\/en\\\/mme-helene-laflamme-1957-2025\\\/#webpage\",\"url\":\"https:\\\/\\\/www.ja-lesieur.com\\\/en\\\/mme-helene-laflamme-1957-2025\\\/\",\"name\":\"Mme H\\u00e9l\\u00e8ne Laflamme 1957-2025 | Funeral Complex LeSieur comprehensive services\",\"inLanguage\":\"en-US\",\"isPartOf\":{\"@id\":\"https:\\\/\\\/www.ja-lesieur.com\\\/en\\\/#website\"},\"breadcrumb\":{\"@id\":\"https:\\\/\\\/www.ja-lesieur.com\\\/en\\\/mme-helene-laflamme-1957-2025\\\/#breadcrumblist\"},\"author\":{\"@id\":\"https:\\\/\\\/www.ja-lesieur.com\\\/en\\\/author\\\/martinelesieur-ca\\\/#author\"},\"creator\":{\"@id\":\"https:\\\/\\\/www.ja-lesieur.com\\\/en\\\/author\\\/martinelesieur-ca\\\/#author\"},\"image\":{\"@type\":\"ImageObject\",\"url\":\"https:\\\/\\\/www.ja-lesieur.com\\\/wp-content\\\/uploads\\\/2025\\\/01\\\/Helene-Laflamme-carree-e1736432765317.jpg\",\"@id\":\"https:\\\/\\\/www.ja-lesieur.com\\\/en\\\/mme-helene-laflamme-1957-2025\\\/#mainImage\",\"width\":900,\"height\":900},\"primaryImageOfPage\":{\"@id\":\"https:\\\/\\\/www.ja-lesieur.com\\\/en\\\/mme-helene-laflamme-1957-2025\\\/#mainImage\"},\"datePublished\":\"2025-01-02T09:25:25-05:00\",\"dateModified\":\"2025-01-02T09:25:25-05:00\"},{\"@type\":\"WebSite\",\"@id\":\"https:\\\/\\\/www.ja-lesieur.com\\\/en\\\/#website\",\"url\":\"https:\\\/\\\/www.ja-lesieur.com\\\/en\\\/\",\"name\":\"Complexe fun\\u00e9raire LeSieur des services complets\",\"description\":\"ja-lesieur.com\",\"inLanguage\":\"en-US\",\"publisher\":{\"@id\":\"https:\\\/\\\/www.ja-lesieur.com\\\/en\\\/#organization\"}}]}\n\t\t<\/script>\n\t\t<!-- All in One SEO -->\n\n","aioseo_head_json":{"title":"Mme H\u00e9l\u00e8ne Laflamme 1957-2025 | Funeral Complex LeSieur comprehensive services","description":"","canonical_url":"https:\/\/www.ja-lesieur.com\/en\/mme-helene-laflamme-1957-2025\/","robots":"max-image-preview:large","keywords":"","webmasterTools":{"miscellaneous":""},"schema":{"@context":"https:\/\/schema.org","@graph":[{"@type":"Article","@id":"https:\/\/www.ja-lesieur.com\/en\/mme-helene-laflamme-1957-2025\/#article","name":"Mme H\u00e9l\u00e8ne Laflamme 1957-2025 | Funeral Complex LeSieur comprehensive services","headline":"Mme H\u00e9l\u00e8ne Laflamme 1957-2025","author":{"@id":"https:\/\/www.ja-lesieur.com\/en\/author\/martinelesieur-ca\/#author"},"publisher":{"@id":"https:\/\/www.ja-lesieur.com\/en\/#organization"},"image":{"@type":"ImageObject","url":"https:\/\/www.ja-lesieur.com\/wp-content\/uploads\/2025\/01\/Helene-Laflamme-carree-e1736432765317.jpg","width":900,"height":900},"datePublished":"2025-01-02T09:25:25-05:00","dateModified":"2025-01-02T09:25:25-05:00","inLanguage":"en-US","mainEntityOfPage":{"@id":"https:\/\/www.ja-lesieur.com\/en\/mme-helene-laflamme-1957-2025\/#webpage"},"isPartOf":{"@id":"https:\/\/www.ja-lesieur.com\/en\/mme-helene-laflamme-1957-2025\/#webpage"},"articleSection":"Obituary, Facultatif"},{"@type":"BreadcrumbList","@id":"https:\/\/www.ja-lesieur.com\/en\/mme-helene-laflamme-1957-2025\/#breadcrumblist","itemListElement":[{"@type":"ListItem","@id":"https:\/\/www.ja-lesieur.com\/en\/#listItem","position":1,"name":"Accueil","item":"https:\/\/www.ja-lesieur.com\/en\/","nextItem":{"@type":"ListItem","@id":"https:\/\/www.ja-lesieur.com\/en\/category\/obituary\/#listItem","name":"Obituary"}},{"@type":"ListItem","@id":"https:\/\/www.ja-lesieur.com\/en\/category\/obituary\/#listItem","position":2,"name":"Obituary","item":"https:\/\/www.ja-lesieur.com\/en\/category\/obituary\/","nextItem":{"@type":"ListItem","@id":"https:\/\/www.ja-lesieur.com\/en\/mme-helene-laflamme-1957-2025\/#listItem","name":"Mme H\u00e9l\u00e8ne Laflamme 1957-2025"},"previousItem":{"@type":"ListItem","@id":"https:\/\/www.ja-lesieur.com\/en\/#listItem","name":"Accueil"}},{"@type":"ListItem","@id":"https:\/\/www.ja-lesieur.com\/en\/mme-helene-laflamme-1957-2025\/#listItem","position":3,"name":"Mme H\u00e9l\u00e8ne Laflamme 1957-2025","previousItem":{"@type":"ListItem","@id":"https:\/\/www.ja-lesieur.com\/en\/category\/obituary\/#listItem","name":"Obituary"}}]},{"@type":"Organization","@id":"https:\/\/www.ja-lesieur.com\/en\/#organization","name":"Complexe fun\u00e9raire LeSieur","description":"ja-lesieur.com","url":"https:\/\/www.ja-lesieur.com\/en\/","telephone":"+18883678471"},{"@type":"Person","@id":"https:\/\/www.ja-lesieur.com\/en\/author\/martinelesieur-ca\/#author","url":"https:\/\/www.ja-lesieur.com\/en\/author\/martinelesieur-ca\/","name":"Martine Loignon","image":{"@type":"ImageObject","@id":"https:\/\/www.ja-lesieur.com\/en\/mme-helene-laflamme-1957-2025\/#authorImage","url":"\/\/www.gravatar.com\/avatar\/f272fe1722d7fd7cef57d99d37395bf5?s=96&#038;r=g&#038;d=mm","width":96,"height":96,"caption":"Martine Loignon"}},{"@type":"WebPage","@id":"https:\/\/www.ja-lesieur.com\/en\/mme-helene-laflamme-1957-2025\/#webpage","url":"https:\/\/www.ja-lesieur.com\/en\/mme-helene-laflamme-1957-2025\/","name":"Mme H\u00e9l\u00e8ne Laflamme 1957-2025 | Funeral Complex LeSieur comprehensive services","inLanguage":"en-US","isPartOf":{"@id":"https:\/\/www.ja-lesieur.com\/en\/#website"},"breadcrumb":{"@id":"https:\/\/www.ja-lesieur.com\/en\/mme-helene-laflamme-1957-2025\/#breadcrumblist"},"author":{"@id":"https:\/\/www.ja-lesieur.com\/en\/author\/martinelesieur-ca\/#author"},"creator":{"@id":"https:\/\/www.ja-lesieur.com\/en\/author\/martinelesieur-ca\/#author"},"image":{"@type":"ImageObject","url":"https:\/\/www.ja-lesieur.com\/wp-content\/uploads\/2025\/01\/Helene-Laflamme-carree-e1736432765317.jpg","@id":"https:\/\/www.ja-lesieur.com\/en\/mme-helene-laflamme-1957-2025\/#mainImage","width":900,"height":900},"primaryImageOfPage":{"@id":"https:\/\/www.ja-lesieur.com\/en\/mme-helene-laflamme-1957-2025\/#mainImage"},"datePublished":"2025-01-02T09:25:25-05:00","dateModified":"2025-01-02T09:25:25-05:00"},{"@type":"WebSite","@id":"https:\/\/www.ja-lesieur.com\/en\/#website","url":"https:\/\/www.ja-lesieur.com\/en\/","name":"Complexe fun\u00e9raire LeSieur des services complets","description":"ja-lesieur.com","inLanguage":"en-US","publisher":{"@id":"https:\/\/www.ja-lesieur.com\/en\/#organization"}}]},"og:locale":"en_US","og:site_name":"Funeral Complex LeSieur comprehensive services | ja-lesieur.com","og:type":"article","og:title":"Mme H\u00e9l\u00e8ne Laflamme 1957-2025 | Funeral Complex LeSieur comprehensive services","og:url":"https:\/\/www.ja-lesieur.com\/en\/mme-helene-laflamme-1957-2025\/","article:published_time":"2025-01-02T14:25:25+00:00","article:modified_time":"2025-01-02T14:25:25+00:00"},"aioseo_meta_data":{"post_id":"18290","title":null,"description":null,"keywords":null,"keyphrases":null,"primary_term":null,"canonical_url":null,"og_title":null,"og_description":null,"og_object_type":"default","og_image_type":"default","og_image_url":null,"og_image_width":null,"og_image_height":null,"og_image_custom_url":null,"og_image_custom_fields":null,"og_video":null,"og_custom_url":null,"og_article_section":null,"og_article_tags":null,"twitter_use_og":false,"twitter_card":"default","twitter_image_type":"default","twitter_image_url":null,"twitter_image_custom_url":null,"twitter_image_custom_fields":null,"twitter_title":null,"twitter_description":null,"schema":{"blockGraphs":[],"customGraphs":[],"default":{"data":{"Article":[],"Course":[],"Dataset":[],"FAQPage":[],"Movie":[],"Person":[],"Product":[],"ProductReview":[],"Car":[],"Recipe":[],"Service":[],"SoftwareApplication":[],"WebPage":[]},"graphName":"","isEnabled":true},"graphs":[]},"schema_type":"default","schema_type_options":null,"pillar_content":false,"robots_default":true,"robots_noindex":false,"robots_noarchive":false,"robots_nosnippet":false,"robots_nofollow":false,"robots_noimageindex":false,"robots_noodp":false,"robots_notranslate":false,"robots_max_snippet":null,"robots_max_videopreview":null,"robots_max_imagepreview":"large","priority":null,"frequency":null,"local_seo":null,"breadcrumb_settings":null,"limit_modified_date":false,"ai":null,"created":"2025-01-09 14:31:21","updated":"2025-06-04 16:40:01","seo_analyzer_scan_date":null,"focus_keyword":null,"additional_keywords":null,"truseo_locale":null},"aioseo_breadcrumb":"<div class=\"aioseo-breadcrumbs\"><span class=\"aioseo-breadcrumb\">\n\t\t\t<a href=\"https:\/\/www.ja-lesieur.com\/en\/\" title=\"Accueil\">Accueil<\/a>\n\t\t<\/span><span class=\"aioseo-breadcrumb-separator\">&raquo;<\/span><span class=\"aioseo-breadcrumb\">\n\t\t\t<a href=\"https:\/\/www.ja-lesieur.com\/en\/category\/obituary\/\" title=\"Obituary\">Obituary<\/a>\n\t\t<\/span><span class=\"aioseo-breadcrumb-separator\">&raquo;<\/span><span class=\"aioseo-breadcrumb\">\n\t\t\tMme H\u00e9l\u00e8ne Laflamme 1957-2025\n\t\t<\/span><\/div>","aioseo_breadcrumb_json":[{"label":"Accueil","link":"https:\/\/www.ja-lesieur.com\/en\/"},{"label":"Obituary","link":"https:\/\/www.ja-lesieur.com\/en\/category\/obituary\/"},{"label":"Mme H\u00e9l\u00e8ne Laflamme 1957-2025","link":"https:\/\/www.ja-lesieur.com\/en\/mme-helene-laflamme-1957-2025\/"}],"jetpack_sharing_enabled":true,"jetpack_featured_media_url":"https:\/\/www.ja-lesieur.com\/wp-content\/uploads\/2025\/01\/Helene-Laflamme-carree-e1736432765317.jpg","_links":{"self":[{"href":"https:\/\/www.ja-lesieur.com\/en\/wp-json\/wp\/v2\/posts\/18290","targetHints":{"allow":["GET"]}}],"collection":[{"href":"https:\/\/www.ja-lesieur.com\/en\/wp-json\/wp\/v2\/posts"}],"about":[{"href":"https:\/\/www.ja-lesieur.com\/en\/wp-json\/wp\/v2\/types\/post"}],"author":[{"embeddable":true,"href":"https:\/\/www.ja-lesieur.com\/en\/wp-json\/wp\/v2\/users\/8"}],"replies":[{"embeddable":true,"href":"https:\/\/www.ja-lesieur.com\/en\/wp-json\/wp\/v2\/comments?post=18290"}],"version-history":[{"count":0,"href":"https:\/\/www.ja-lesieur.com\/en\/wp-json\/wp\/v2\/posts\/18290\/revisions"}],"wp:featuredmedia":[{"embeddable":true,"href":"https:\/\/www.ja-lesieur.com\/en\/wp-json\/wp\/v2\/media\/18284"}],"wp:attachment":[{"href":"https:\/\/www.ja-lesieur.com\/en\/wp-json\/wp\/v2\/media?parent=18290"}],"wp:term":[{"taxonomy":"category","embeddable":true,"href":"https:\/\/www.ja-lesieur.com\/en\/wp-json\/wp\/v2\/categories?post=18290"},{"taxonomy":"post_tag","embeddable":true,"href":"https:\/\/www.ja-lesieur.com\/en\/wp-json\/wp\/v2\/tags?post=18290"}],"curies":[{"name":"wp","href":"https:\/\/api.w.org\/{rel}","templated":true}]}}