{"id":18814,"date":"2025-03-02T13:56:33","date_gmt":"2025-03-02T18:56:33","guid":{"rendered":"https:\/\/www.ja-lesieur.com\/gagne-m-benoit-1959-2025\/"},"modified":"2025-03-02T13:56:33","modified_gmt":"2025-03-02T18:56:33","slug":"gagne-m-benoit-1959-2025","status":"publish","type":"post","link":"https:\/\/www.ja-lesieur.com\/en\/gagne-m-benoit-1959-2025\/","title":{"rendered":"Gagn\u00e9, M. Benoit 1959-2025"},"content":{"rendered":"<p>\u00c0 l\u2019H\u00f4pital du Sacr\u00e9-C\u0153ur de Montr\u00e9al, le 2 mars 2025, \u00e0 l&#8217;\u00e2ge de 65 ans, est d\u00e9c\u00e9d\u00e9 M. Benoit Gagn\u00e9, fils de feu Yves Gagn\u00e9 et de feu Lucille Martine demeurant \u00e0 Laval.<\/p>\n<p>Il laisse dans le deuil ses fils : Fr\u00e9d\u00e9ric et Maxime Gagn\u00e9; leur m\u00e8re Raymonde; ses s\u0153urs : Danielle (Denis Sanche), Ren\u00e9e, Johanne (Andr\u00e9 Favreau) et Marie-Andr\u00e9e (feu Luc Coursol); sa filleule\u00a0: Marie-Pierre; ses neveux et ni\u00e8ces ainsi que plusieurs autres parents, amis et coll\u00e8gues.<\/p>\n<p>Son sens de l\u2019humour et son amour resteront \u00e0 tout jamais grav\u00e9s dans nos m\u00e9moires.<\/p>\n<p>Afin de respecter les volont\u00e9s de M. Gagn\u00e9, une c\u00e9r\u00e9monie priv\u00e9e aura lieu dans la plus stricte intimit\u00e9 \u00e0 une date ult\u00e9rieure.<\/p>\n<p style=\"text-align: center;\"><strong>L&#8217;Aquamation a eu lieu au Bio-Cr\u00e9matorium du\u00a0:<\/strong><\/p>\n<p style=\"text-align: center;\"><strong>COMPLEXE FUN\u00c9RAIRE<\/strong><\/p>\n<p style=\"text-align: center;\"><strong>LE SIEUR<\/strong><\/p>\n<p style=\"text-align: center;\"><strong>60, Boul. Pie-IX, Granby, Qc,<\/strong><\/p>\n<p style=\"text-align: center;\"><strong>T\u00e9l. : 450-777-1414 T\u00e9l\u00e9c. : 450-777-0999<\/strong><\/p>\n<p style=\"text-align: center;\"><strong>www.lesieur.ca &#8211; info@lesieur.ca<\/strong><\/p>\n<p style=\"text-align: center;\"><strong>Membre de la CTQ<\/strong><\/p>\n","protected":false},"excerpt":{"rendered":"<p>\u00c0 l\u2019H\u00f4pital du Sacr\u00e9-C\u0153ur de Montr\u00e9al, le 2 mars 2025, \u00e0 l&#8217;\u00e2ge de 65 ans, est d\u00e9c\u00e9d\u00e9 M. Benoit Gagn\u00e9, fils de feu Yves Gagn\u00e9 et de feu Lucille Martine demeurant \u00e0 Laval. Il laisse dans le deuil ses fils : Fr\u00e9d\u00e9ric et Maxime Gagn\u00e9; leur m\u00e8re Raymonde; ses s\u0153urs : Danielle (Denis Sanche), Ren\u00e9e, [&hellip;]<\/p>\n","protected":false},"author":8,"featured_media":18735,"comment_status":"closed","ping_status":"closed","sticky":false,"template":"","format":"standard","meta":{"_crdt_document":"","_jetpack_memberships_contains_paid_content":false,"footnotes":""},"categories":[97],"tags":[],"class_list":["post-18814","post","type-post","status-publish","format-standard","has-post-thumbnail","hentry","category-obituary"],"aioseo_notices":[],"jetpack_featured_media_url":"https:\/\/www.ja-lesieur.com\/wp-content\/uploads\/2025\/03\/Benoit-Gagne3-e1741974961111.jpg","jetpack_sharing_enabled":true,"_links":{"self":[{"href":"https:\/\/www.ja-lesieur.com\/en\/wp-json\/wp\/v2\/posts\/18814","targetHints":{"allow":["GET"]}}],"collection":[{"href":"https:\/\/www.ja-lesieur.com\/en\/wp-json\/wp\/v2\/posts"}],"about":[{"href":"https:\/\/www.ja-lesieur.com\/en\/wp-json\/wp\/v2\/types\/post"}],"author":[{"embeddable":true,"href":"https:\/\/www.ja-lesieur.com\/en\/wp-json\/wp\/v2\/users\/8"}],"replies":[{"embeddable":true,"href":"https:\/\/www.ja-lesieur.com\/en\/wp-json\/wp\/v2\/comments?post=18814"}],"version-history":[{"count":0,"href":"https:\/\/www.ja-lesieur.com\/en\/wp-json\/wp\/v2\/posts\/18814\/revisions"}],"wp:featuredmedia":[{"embeddable":true,"href":"https:\/\/www.ja-lesieur.com\/en\/wp-json\/wp\/v2\/media\/18735"}],"wp:attachment":[{"href":"https:\/\/www.ja-lesieur.com\/en\/wp-json\/wp\/v2\/media?parent=18814"}],"wp:term":[{"taxonomy":"category","embeddable":true,"href":"https:\/\/www.ja-lesieur.com\/en\/wp-json\/wp\/v2\/categories?post=18814"},{"taxonomy":"post_tag","embeddable":true,"href":"https:\/\/www.ja-lesieur.com\/en\/wp-json\/wp\/v2\/tags?post=18814"}],"curies":[{"name":"wp","href":"https:\/\/api.w.org\/{rel}","templated":true}]}}