{"id":18885,"date":"2025-04-07T13:37:53","date_gmt":"2025-04-07T17:37:53","guid":{"rendered":"https:\/\/www.ja-lesieur.com\/m-michel-lesage-1953-2025\/"},"modified":"2025-04-21T13:42:57","modified_gmt":"2025-04-21T17:42:57","slug":"m-michel-lesage-1953-2025","status":"publish","type":"post","link":"https:\/\/www.ja-lesieur.com\/en\/m-michel-lesage-1953-2025\/","title":{"rendered":"M. Michel Lesage 1953-2025"},"content":{"rendered":"<p>&nbsp;<\/p>\n<p>\u00c0 l\u2019h\u00f4pital Sacr\u00e9-C\u0153ur de Montr\u00e9al, le 7 avril 2025, \u00e0 l&#8217;\u00e2ge de 71 ans, est d\u00e9c\u00e9d\u00e9 M. Michel Lesage, \u00e9poux de Mme Francine Gervais, demeurant \u00e0 St-Eustache.<\/p>\n<p>Outre son \u00e9pouse Francine, il laisse dans le deuil ses filles: Sandra (L\u00e9o) et M\u00e9lanie Lesage (\u00c9ric); ses petits-enfants: Rafael et Esteban; sa m\u00e8re: Mme Marielle Laneville (feu Guy Lesage); ses fr\u00e8res: Andr\u00e9, Claude et Serge Lesage (Ginette); ses beaux-fr\u00e8res et sa belle-s\u0153ur: Jacques (Linda), Guy (Michelle) et Annie Gervais (Michel) ainsi que plusieurs neveux, ni\u00e8ces, autres parents et de nombreux amis.<\/p>\n<p><strong>La famille vous accueillera le dimanche 4 mai 2025 d\u00e8s 14 heures pour recevoir les condol\u00e9ances et un hommage sera c\u00e9l\u00e9br\u00e9 \u00e0 15 heures \u00e0 la<\/strong><\/p>\n<p style=\"text-align: center;\"><strong>Salle Paul-\u00c9mile-Raymond <\/strong><\/p>\n<p style=\"text-align: center;\"><strong>Centre communautaire Jean-Labelle, <\/strong><\/p>\n<p style=\"text-align: center;\"><strong>367 rue Goddard, <\/strong><\/p>\n<p style=\"text-align: center;\"><strong>St-Eustache, <\/strong><\/p>\n<p style=\"text-align: center;\"><strong>Qc, J7P 3V2<\/strong><\/p>\n<p><strong>L&#8217;Aquamation a eu lieu au Bio-Cr\u00e9matorium du:<\/strong><\/p>\n<p>&nbsp;<\/p>\n<p>&nbsp;<\/p>\n<p style=\"text-align: center;\"><strong>COMPLEXE FUN\u00c9RAIRE<\/strong><\/p>\n<p style=\"text-align: center;\"><strong>LE SIEUR<\/strong><\/p>\n<p style=\"text-align: center;\"><strong>60 Boul. Pie-IX, Granby, Qc,<\/strong><\/p>\n<p style=\"text-align: center;\"><strong>t\u00e9l: 450-777-1414\u00a0<\/strong><\/p>\n<p style=\"text-align: center;\"><strong>www.lesieur.ca &#8211; info@lesieur.ca<\/strong><\/p>\n","protected":false},"excerpt":{"rendered":"<p>&nbsp; \u00c0 l\u2019h\u00f4pital Sacr\u00e9-C\u0153ur de Montr\u00e9al, le 7 avril 2025, \u00e0 l&#8217;\u00e2ge de 71 ans, est d\u00e9c\u00e9d\u00e9 M. Michel Lesage, \u00e9poux de Mme Francine Gervais, demeurant \u00e0 St-Eustache. Outre son \u00e9pouse Francine, il laisse dans le deuil ses filles: Sandra (L\u00e9o) et M\u00e9lanie Lesage (\u00c9ric); ses petits-enfants: Rafael et Esteban; sa m\u00e8re: Mme Marielle Laneville [&hellip;]<\/p>\n","protected":false},"author":8,"featured_media":18880,"comment_status":"closed","ping_status":"closed","sticky":false,"template":"","format":"standard","meta":{"_crdt_document":"","_jetpack_memberships_contains_paid_content":false,"footnotes":""},"categories":[97],"tags":[],"class_list":["post-18885","post","type-post","status-publish","format-standard","has-post-thumbnail","hentry","category-obituary"],"aioseo_notices":[],"jetpack_featured_media_url":"https:\/\/www.ja-lesieur.com\/wp-content\/uploads\/2025\/04\/Michel-Lesage-Carre-e1744997930545.jpg","jetpack_sharing_enabled":true,"_links":{"self":[{"href":"https:\/\/www.ja-lesieur.com\/en\/wp-json\/wp\/v2\/posts\/18885","targetHints":{"allow":["GET"]}}],"collection":[{"href":"https:\/\/www.ja-lesieur.com\/en\/wp-json\/wp\/v2\/posts"}],"about":[{"href":"https:\/\/www.ja-lesieur.com\/en\/wp-json\/wp\/v2\/types\/post"}],"author":[{"embeddable":true,"href":"https:\/\/www.ja-lesieur.com\/en\/wp-json\/wp\/v2\/users\/8"}],"replies":[{"embeddable":true,"href":"https:\/\/www.ja-lesieur.com\/en\/wp-json\/wp\/v2\/comments?post=18885"}],"version-history":[{"count":1,"href":"https:\/\/www.ja-lesieur.com\/en\/wp-json\/wp\/v2\/posts\/18885\/revisions"}],"predecessor-version":[{"id":18886,"href":"https:\/\/www.ja-lesieur.com\/en\/wp-json\/wp\/v2\/posts\/18885\/revisions\/18886"}],"wp:featuredmedia":[{"embeddable":true,"href":"https:\/\/www.ja-lesieur.com\/en\/wp-json\/wp\/v2\/media\/18880"}],"wp:attachment":[{"href":"https:\/\/www.ja-lesieur.com\/en\/wp-json\/wp\/v2\/media?parent=18885"}],"wp:term":[{"taxonomy":"category","embeddable":true,"href":"https:\/\/www.ja-lesieur.com\/en\/wp-json\/wp\/v2\/categories?post=18885"},{"taxonomy":"post_tag","embeddable":true,"href":"https:\/\/www.ja-lesieur.com\/en\/wp-json\/wp\/v2\/tags?post=18885"}],"curies":[{"name":"wp","href":"https:\/\/api.w.org\/{rel}","templated":true}]}}