{"id":18939,"date":"2025-04-22T13:17:48","date_gmt":"2025-04-22T17:17:48","guid":{"rendered":"https:\/\/www.ja-lesieur.com\/mme-lyne-goyette-1961-2025\/"},"modified":"2025-04-22T13:17:48","modified_gmt":"2025-04-22T17:17:48","slug":"mme-lyne-goyette-1961-2025","status":"publish","type":"post","link":"https:\/\/www.ja-lesieur.com\/en\/mme-lyne-goyette-1961-2025\/","title":{"rendered":"Mme Lyne Goyette  1961-2025"},"content":{"rendered":"<p>\u00c0 son domicile, le 22 avril 2025, \u00e0 l&#8217;\u00e2ge de 63 ans, est d\u00e9c\u00e9d\u00e9e subitement Mme Lyne Goyette, fille de feu R\u00e9jeanne Rousseau et de feu Jean-Paul Goyette, demeurant \u00e0 Granby.<\/p>\n<p>Elle laisse dans le deuil ses filles: Byanca Goyette-Dupuis (Yan Ostiguy) et Vanessa Goyette-Beauregard; ses petits-enfants: Kellyanne et Ma\u00e9va D\u00e9ry, H\u00e9den Loyer et Eva Daignault; sa s\u0153ur: Anny Goyette (Richard Crook); son fr\u00e8re\u00a0: Luc Goyette (Caroline Gatien) ainsi que plusieurs cousins, cousines, neveux, ni\u00e8ces, autres parents et amis.<\/p>\n<p><strong>L&#8217;Aquamation a eu lieu au Bio-Cr\u00e9matorium Le Sieur de Granby.<\/strong><\/p>\n<p><strong>La famille recevra parents et amis le dimanche 4 mai 2025 de 9 heures \u00e0 midi, au:<\/strong><\/p>\n<p style=\"text-align: center;\"><strong>COMPLEXE FUN\u00c9RAIRE<\/strong><\/p>\n<p style=\"text-align: center;\"><strong>LE SIEUR<\/strong><\/p>\n<p style=\"text-align: center;\"><strong>60 Boul. Pie-IX, Granby, Qc,<\/strong><\/p>\n<p style=\"text-align: center;\"><strong>T\u00e9l.: 450-777-1414 t\u00e9lec.: 450-777-0999<\/strong><\/p>\n<p style=\"text-align: center;\"><strong>www.lesieur.ca &#8211; info@lesieur.ca<\/strong><\/p>\n<p style=\"text-align: center;\"><strong>Membre de la CTQ<\/strong><\/p>\n","protected":false},"excerpt":{"rendered":"<p>\u00c0 son domicile, le 22 avril 2025, \u00e0 l&#8217;\u00e2ge de 63 ans, est d\u00e9c\u00e9d\u00e9e subitement Mme Lyne Goyette, fille de feu R\u00e9jeanne Rousseau et de feu Jean-Paul Goyette, demeurant \u00e0 Granby. Elle laisse dans le deuil ses filles: Byanca Goyette-Dupuis (Yan Ostiguy) et Vanessa Goyette-Beauregard; ses petits-enfants: Kellyanne et Ma\u00e9va D\u00e9ry, H\u00e9den Loyer et Eva [&hellip;]<\/p>\n","protected":false},"author":1,"featured_media":18937,"comment_status":"closed","ping_status":"closed","sticky":false,"template":"","format":"standard","meta":{"_crdt_document":"","_jetpack_memberships_contains_paid_content":false,"footnotes":""},"categories":[97],"tags":[],"class_list":["post-18939","post","type-post","status-publish","format-standard","has-post-thumbnail","hentry","category-obituary"],"aioseo_notices":[],"jetpack_featured_media_url":"https:\/\/www.ja-lesieur.com\/wp-content\/uploads\/2025\/04\/Lyne-Goyette-Carre-e1745515418936.jpg","jetpack_sharing_enabled":true,"_links":{"self":[{"href":"https:\/\/www.ja-lesieur.com\/en\/wp-json\/wp\/v2\/posts\/18939","targetHints":{"allow":["GET"]}}],"collection":[{"href":"https:\/\/www.ja-lesieur.com\/en\/wp-json\/wp\/v2\/posts"}],"about":[{"href":"https:\/\/www.ja-lesieur.com\/en\/wp-json\/wp\/v2\/types\/post"}],"author":[{"embeddable":true,"href":"https:\/\/www.ja-lesieur.com\/en\/wp-json\/wp\/v2\/users\/1"}],"replies":[{"embeddable":true,"href":"https:\/\/www.ja-lesieur.com\/en\/wp-json\/wp\/v2\/comments?post=18939"}],"version-history":[{"count":0,"href":"https:\/\/www.ja-lesieur.com\/en\/wp-json\/wp\/v2\/posts\/18939\/revisions"}],"wp:featuredmedia":[{"embeddable":true,"href":"https:\/\/www.ja-lesieur.com\/en\/wp-json\/wp\/v2\/media\/18937"}],"wp:attachment":[{"href":"https:\/\/www.ja-lesieur.com\/en\/wp-json\/wp\/v2\/media?parent=18939"}],"wp:term":[{"taxonomy":"category","embeddable":true,"href":"https:\/\/www.ja-lesieur.com\/en\/wp-json\/wp\/v2\/categories?post=18939"},{"taxonomy":"post_tag","embeddable":true,"href":"https:\/\/www.ja-lesieur.com\/en\/wp-json\/wp\/v2\/tags?post=18939"}],"curies":[{"name":"wp","href":"https:\/\/api.w.org\/{rel}","templated":true}]}}