{"id":19049,"date":"2025-05-07T16:50:12","date_gmt":"2025-05-07T20:50:12","guid":{"rendered":"https:\/\/www.ja-lesieur.com\/mme-yvonne-latour-bisson-1921-2025\/"},"modified":"2025-06-16T13:27:53","modified_gmt":"2025-06-16T17:27:53","slug":"mme-yvonne-latour-bisson-1921-2025","status":"publish","type":"post","link":"https:\/\/www.ja-lesieur.com\/en\/mme-yvonne-latour-bisson-1921-2025\/","title":{"rendered":"Mme Yvonne Latour-Bisson  1921-2025"},"content":{"rendered":"<p>Paisiblement et entour\u00e9e des siens, le 7 mai 2025, \u00e0 l&#8217;\u00e2ge de 104 ans et 2 mois, est d\u00e9c\u00e9d\u00e9e Mme Yvonne Bisson, n\u00e9e Latour, \u00e9pouse de feu Gabriel Bisson, demeurant \u00e0 Granby.<\/p>\n<p>Elle laisse dans le deuil ses enfants: Nicole Bisson (feu Andr\u00e9 L&#8217;Heureux), Micheline Bisson (Omer St-Amand), Normand Bisson (Monica Mercer), Sylvie Bisson (Pierre Dumoulin); ses petits-enfants: Chantal L\u2019Heureux (Guy T\u00e9treault), M\u00e9lanie L&#8217;Heureux (Pierre Robert), Denis St-Amand (Manon Couture), Michel St-Amand (Nancy Caron), Janie Bisson (Mathieu St-Hilaire), \u00c9ric Bisson (V\u00e9ronique Allard), David Alexandre Dumoulin (Anika Fr\u00e9chette-L\u00e9veill\u00e9e), Pierre Gabriel Dumoulin (Maude Pr\u00e9vost); ses 17 arri\u00e8re-petits-enfants; ses 2 arri\u00e8re-arri\u00e8re-petits-enfants; sa s\u0153ur: Rita Latour (feu L\u00e9o Mantha) ainsi que plusieurs neveux, ni\u00e8ces, cousins, cousines, autres parents et ami(e)s.<\/p>\n<p>La famille d\u00e9sire remercier sinc\u00e8rement le personnel du 2\u00e8 \u00e9tage du CHSLD Granby pour les bons soins prodigu\u00e9s \u00e0 Mme Bisson et pour toutes les attentions envers la famille.<\/p>\n<p><strong>La famille recevra les t\u00e9moignages de sympathie le jeudi 29 mai 2025 de 13 heures \u00e0 15 heures au\u00a0:\u00a0 <\/strong><\/p>\n<p style=\"text-align: center;\"><strong>COMPLEXE FUN\u00c9RAIRE<\/strong><\/p>\n<p style=\"text-align: center;\"><strong>LE SIEUR<\/strong><\/p>\n<p style=\"text-align: center;\"><strong>60 Boul. Pie-IX, Granby, Qc,<\/strong><\/p>\n<p style=\"text-align: center;\"><strong>t\u00e9l: 450-777-1414 t\u00e9lec: 450-777-0999<\/strong><\/p>\n<p style=\"text-align: center;\"><strong>www.lesieur.ca &#8211; info@lesieur.ca<\/strong><\/p>\n<p style=\"text-align: center;\"><strong>Membre de la CTQ<\/strong><\/p>\n<p><strong>La Liturgie de la Parole aura lieu ce m\u00eame jeudi \u00e0 15 heures, en la Chapelle Le Sieur. La mise en place au Columbarium aura lieu \u00e0 une date ult\u00e9rieure.<\/strong><\/p>\n<p>&nbsp;<\/p>\n<p>Pour visionner la c\u00e9r\u00e9monie cliquez sur le lien suivant: <a href=\"https:\/\/www.youtube.com\/watch?v=7TgbaRIDi4A\">www.youtube.com\/watch?v=7TgbaRIDi4A<\/a><\/p>\n","protected":false},"excerpt":{"rendered":"<p>Paisiblement et entour\u00e9e des siens, le 7 mai 2025, \u00e0 l&#8217;\u00e2ge de 104 ans et 2 mois, est d\u00e9c\u00e9d\u00e9e Mme Yvonne Bisson, n\u00e9e Latour, \u00e9pouse de feu Gabriel Bisson, demeurant \u00e0 Granby. Elle laisse dans le deuil ses enfants: Nicole Bisson (feu Andr\u00e9 L&#8217;Heureux), Micheline Bisson (Omer St-Amand), Normand Bisson (Monica Mercer), Sylvie Bisson (Pierre [&hellip;]<\/p>\n","protected":false},"author":1,"featured_media":19047,"comment_status":"closed","ping_status":"closed","sticky":false,"template":"","format":"standard","meta":{"_crdt_document":"","_jetpack_memberships_contains_paid_content":false,"footnotes":""},"categories":[97],"tags":[],"class_list":["post-19049","post","type-post","status-publish","format-standard","has-post-thumbnail","hentry","category-obituary"],"aioseo_notices":[],"jetpack_featured_media_url":"https:\/\/www.ja-lesieur.com\/wp-content\/uploads\/2025\/05\/Yvonne-Latour2-Carre-scaled-e1746737605405.jpg","jetpack_sharing_enabled":true,"_links":{"self":[{"href":"https:\/\/www.ja-lesieur.com\/en\/wp-json\/wp\/v2\/posts\/19049","targetHints":{"allow":["GET"]}}],"collection":[{"href":"https:\/\/www.ja-lesieur.com\/en\/wp-json\/wp\/v2\/posts"}],"about":[{"href":"https:\/\/www.ja-lesieur.com\/en\/wp-json\/wp\/v2\/types\/post"}],"author":[{"embeddable":true,"href":"https:\/\/www.ja-lesieur.com\/en\/wp-json\/wp\/v2\/users\/1"}],"replies":[{"embeddable":true,"href":"https:\/\/www.ja-lesieur.com\/en\/wp-json\/wp\/v2\/comments?post=19049"}],"version-history":[{"count":2,"href":"https:\/\/www.ja-lesieur.com\/en\/wp-json\/wp\/v2\/posts\/19049\/revisions"}],"predecessor-version":[{"id":19264,"href":"https:\/\/www.ja-lesieur.com\/en\/wp-json\/wp\/v2\/posts\/19049\/revisions\/19264"}],"wp:featuredmedia":[{"embeddable":true,"href":"https:\/\/www.ja-lesieur.com\/en\/wp-json\/wp\/v2\/media\/19047"}],"wp:attachment":[{"href":"https:\/\/www.ja-lesieur.com\/en\/wp-json\/wp\/v2\/media?parent=19049"}],"wp:term":[{"taxonomy":"category","embeddable":true,"href":"https:\/\/www.ja-lesieur.com\/en\/wp-json\/wp\/v2\/categories?post=19049"},{"taxonomy":"post_tag","embeddable":true,"href":"https:\/\/www.ja-lesieur.com\/en\/wp-json\/wp\/v2\/tags?post=19049"}],"curies":[{"name":"wp","href":"https:\/\/api.w.org\/{rel}","templated":true}]}}