{"id":19062,"date":"2025-04-23T09:01:58","date_gmt":"2025-04-23T13:01:58","guid":{"rendered":"https:\/\/www.ja-lesieur.com\/mme-lisette-senecal-theriault-1951-2025\/"},"modified":"2025-05-15T10:05:17","modified_gmt":"2025-05-15T14:05:17","slug":"mme-lisette-senecal-theriault-1951-2025","status":"publish","type":"post","link":"https:\/\/www.ja-lesieur.com\/en\/mme-lisette-senecal-theriault-1951-2025\/","title":{"rendered":"Mme Lisette Sen\u00e9cal-Th\u00e9riault 1951-2025"},"content":{"rendered":"<p>Paisiblement, \u00e0 l\u2019H\u00f4tel-Dieu de St-Hyacinthe, le 23 avril 2025, \u00e0 l&#8217;\u00e2ge de 73 ans, est d\u00e9c\u00e9d\u00e9e Mme Lisette Th\u00e9riault, n\u00e9e Sen\u00e9cal, \u00e9pouse de feu Serge Th\u00e9riault, demeurant \u00e0 Chambly.<\/p>\n<p>Elle laisse dans le deuil ses filles: Val\u00e9rie Th\u00e9riault (Francis Tessier et son fils Mathis), Maryl\u00e8ne Th\u00e9riault (Georges Serge Fran\u00e7ois); ses petits-enfants: Jean-Thomas, Simon et Marylou Croussette; son fr\u00e8re: Bernard Sen\u00e9cal ainsi que plusieurs beaux-fr\u00e8res, belles-s\u0153urs, neveux, ni\u00e8ces, autres parents et de nombreux ami(e)s.<\/p>\n<p><strong>Les fun\u00e9railles seront c\u00e9l\u00e9br\u00e9es le samedi 24 mai 2025 \u00e0 13h30 \u00e0 Chambly en l\u2019\u00e9glise\u00a0: <\/strong><\/p>\n<p style=\"text-align: center;\"><strong>St-Stephen\u2019s<\/strong><\/p>\n<p style=\"text-align: center;\"><strong>2000 avenue Bourgogne<\/strong><\/p>\n<p style=\"text-align: center;\"><strong>Chambly, Qc, J3L 1Z4<\/strong><\/p>\n<p><strong>La famille sera pr\u00e9sente \u00e0 l\u2019\u00e9glise pour recevoir les condol\u00e9ances \u00e0 compter de 12h30. Parents et amis qui ne pourront \u00eatre pr\u00e9sents pour la c\u00e9l\u00e9bration pourront tout de m\u00eame rencontrer la famille jusqu\u2019\u00e0 15h30.<\/strong><\/p>\n<p><strong>L&#8217;Aquamation a eu lieu au Bio-Cr\u00e9matorium du\u00a0:<\/strong><\/p>\n<p style=\"text-align: center;\"><strong>COMPLEXE FUN\u00c9RAIRE<\/strong><\/p>\n<p style=\"text-align: center;\"><strong>LE SIEUR<\/strong><\/p>\n<p style=\"text-align: center;\"><strong>60 Boul. Pie-IX, Granby, Qc,<\/strong><\/p>\n<p style=\"text-align: center;\"><strong>T\u00e9l.: 450-777-1414 t\u00e9lec.: 450-777-0999<\/strong><\/p>\n<p style=\"text-align: center;\"><strong>www.lesieur.ca &#8211; info@lesieur.ca<\/strong><\/p>\n<p style=\"text-align: center;\"><strong>Membre de la CTQ<\/strong><\/p>\n","protected":false},"excerpt":{"rendered":"<p>Paisiblement, \u00e0 l\u2019H\u00f4tel-Dieu de St-Hyacinthe, le 23 avril 2025, \u00e0 l&#8217;\u00e2ge de 73 ans, est d\u00e9c\u00e9d\u00e9e Mme Lisette Th\u00e9riault, n\u00e9e Sen\u00e9cal, \u00e9pouse de feu Serge Th\u00e9riault, demeurant \u00e0 Chambly. Elle laisse dans le deuil ses filles: Val\u00e9rie Th\u00e9riault (Francis Tessier et son fils Mathis), Maryl\u00e8ne Th\u00e9riault (Georges Serge Fran\u00e7ois); ses petits-enfants: Jean-Thomas, Simon et Marylou [&hellip;]<\/p>\n","protected":false},"author":1,"featured_media":19060,"comment_status":"closed","ping_status":"closed","sticky":false,"template":"","format":"standard","meta":{"_jetpack_newsletter_access":"","_jetpack_dont_email_post_to_subs":false,"_jetpack_newsletter_tier_id":0,"_jetpack_memberships_contains_paywalled_content":false,"_jetpack_memberships_contains_paid_content":false,"footnotes":""},"categories":[97],"tags":[],"class_list":["post-19062","post","type-post","status-publish","format-standard","has-post-thumbnail","hentry","category-obituary"],"aioseo_notices":[],"aioseo_head":"\n\t\t<!-- All in One SEO 5.0.1.1 - aioseo.com -->\n\t<meta name=\"robots\" content=\"max-image-preview:large\" \/>\n\t<meta name=\"author\" content=\"jalesieur\"\/>\n\t<link rel=\"canonical\" href=\"https:\/\/www.ja-lesieur.com\/en\/mme-lisette-senecal-theriault-1951-2025\/\" \/>\n\t<meta name=\"generator\" content=\"All in One SEO (AIOSEO) 5.0.1.1\" \/>\n\t\t<meta property=\"og:locale\" content=\"en_US\" \/>\n\t\t<meta property=\"og:site_name\" content=\"Funeral Complex LeSieur comprehensive services | ja-lesieur.com\" \/>\n\t\t<meta property=\"og:type\" content=\"article\" \/>\n\t\t<meta property=\"og:title\" content=\"Mme Lisette Sen\u00e9cal-Th\u00e9riault 1951-2025 | Funeral Complex LeSieur comprehensive services\" \/>\n\t\t<meta property=\"og:url\" content=\"https:\/\/www.ja-lesieur.com\/en\/mme-lisette-senecal-theriault-1951-2025\/\" \/>\n\t\t<meta property=\"article:published_time\" content=\"2025-04-23T13:01:58+00:00\" \/>\n\t\t<meta property=\"article:modified_time\" content=\"2025-05-15T14:05:17+00:00\" \/>\n\t\t<script type=\"application\/ld+json\" class=\"aioseo-schema\">\n\t\t\t{\"@context\":\"https:\\\/\\\/schema.org\",\"@graph\":[{\"@type\":\"Article\",\"@id\":\"https:\\\/\\\/www.ja-lesieur.com\\\/en\\\/mme-lisette-senecal-theriault-1951-2025\\\/#article\",\"name\":\"Mme Lisette Sen\\u00e9cal-Th\\u00e9riault 1951-2025 | Funeral Complex LeSieur comprehensive services\",\"headline\":\"Mme Lisette Sen\\u00e9cal-Th\\u00e9riault 1951-2025\",\"author\":{\"@id\":\"https:\\\/\\\/www.ja-lesieur.com\\\/en\\\/author\\\/jalesieur\\\/#author\"},\"publisher\":{\"@id\":\"https:\\\/\\\/www.ja-lesieur.com\\\/en\\\/#organization\"},\"image\":{\"@type\":\"ImageObject\",\"url\":\"https:\\\/\\\/www.ja-lesieur.com\\\/wp-content\\\/uploads\\\/2025\\\/05\\\/Lisette-Senecal-Carre-e1747142000739.jpg\",\"width\":1829,\"height\":1829},\"datePublished\":\"2025-04-23T09:01:58-04:00\",\"dateModified\":\"2025-05-15T10:05:17-04:00\",\"inLanguage\":\"en-US\",\"mainEntityOfPage\":{\"@id\":\"https:\\\/\\\/www.ja-lesieur.com\\\/en\\\/mme-lisette-senecal-theriault-1951-2025\\\/#webpage\"},\"isPartOf\":{\"@id\":\"https:\\\/\\\/www.ja-lesieur.com\\\/en\\\/mme-lisette-senecal-theriault-1951-2025\\\/#webpage\"},\"articleSection\":\"Obituary, Facultatif\"},{\"@type\":\"BreadcrumbList\",\"@id\":\"https:\\\/\\\/www.ja-lesieur.com\\\/en\\\/mme-lisette-senecal-theriault-1951-2025\\\/#breadcrumblist\",\"itemListElement\":[{\"@type\":\"ListItem\",\"@id\":\"https:\\\/\\\/www.ja-lesieur.com\\\/en\\\/#listItem\",\"position\":1,\"name\":\"Accueil\",\"item\":\"https:\\\/\\\/www.ja-lesieur.com\\\/en\\\/\",\"nextItem\":{\"@type\":\"ListItem\",\"@id\":\"https:\\\/\\\/www.ja-lesieur.com\\\/en\\\/category\\\/obituary\\\/#listItem\",\"name\":\"Obituary\"}},{\"@type\":\"ListItem\",\"@id\":\"https:\\\/\\\/www.ja-lesieur.com\\\/en\\\/category\\\/obituary\\\/#listItem\",\"position\":2,\"name\":\"Obituary\",\"item\":\"https:\\\/\\\/www.ja-lesieur.com\\\/en\\\/category\\\/obituary\\\/\",\"nextItem\":{\"@type\":\"ListItem\",\"@id\":\"https:\\\/\\\/www.ja-lesieur.com\\\/en\\\/mme-lisette-senecal-theriault-1951-2025\\\/#listItem\",\"name\":\"Mme Lisette Sen\\u00e9cal-Th\\u00e9riault 1951-2025\"},\"previousItem\":{\"@type\":\"ListItem\",\"@id\":\"https:\\\/\\\/www.ja-lesieur.com\\\/en\\\/#listItem\",\"name\":\"Accueil\"}},{\"@type\":\"ListItem\",\"@id\":\"https:\\\/\\\/www.ja-lesieur.com\\\/en\\\/mme-lisette-senecal-theriault-1951-2025\\\/#listItem\",\"position\":3,\"name\":\"Mme Lisette Sen\\u00e9cal-Th\\u00e9riault 1951-2025\",\"previousItem\":{\"@type\":\"ListItem\",\"@id\":\"https:\\\/\\\/www.ja-lesieur.com\\\/en\\\/category\\\/obituary\\\/#listItem\",\"name\":\"Obituary\"}}]},{\"@type\":\"Organization\",\"@id\":\"https:\\\/\\\/www.ja-lesieur.com\\\/en\\\/#organization\",\"name\":\"Complexe fun\\u00e9raire LeSieur\",\"description\":\"ja-lesieur.com\",\"url\":\"https:\\\/\\\/www.ja-lesieur.com\\\/en\\\/\",\"telephone\":\"+18883678471\"},{\"@type\":\"Person\",\"@id\":\"https:\\\/\\\/www.ja-lesieur.com\\\/en\\\/author\\\/jalesieur\\\/#author\",\"url\":\"https:\\\/\\\/www.ja-lesieur.com\\\/en\\\/author\\\/jalesieur\\\/\",\"name\":\"jalesieur\",\"image\":{\"@type\":\"ImageObject\",\"@id\":\"https:\\\/\\\/www.ja-lesieur.com\\\/en\\\/mme-lisette-senecal-theriault-1951-2025\\\/#authorImage\",\"url\":\"\\\/\\\/www.gravatar.com\\\/avatar\\\/5afc64bab577539bd90d98b3264ef833?s=96&#038;r=g&#038;d=mm\",\"width\":96,\"height\":96,\"caption\":\"jalesieur\"}},{\"@type\":\"WebPage\",\"@id\":\"https:\\\/\\\/www.ja-lesieur.com\\\/en\\\/mme-lisette-senecal-theriault-1951-2025\\\/#webpage\",\"url\":\"https:\\\/\\\/www.ja-lesieur.com\\\/en\\\/mme-lisette-senecal-theriault-1951-2025\\\/\",\"name\":\"Mme Lisette Sen\\u00e9cal-Th\\u00e9riault 1951-2025 | Funeral Complex LeSieur comprehensive services\",\"inLanguage\":\"en-US\",\"isPartOf\":{\"@id\":\"https:\\\/\\\/www.ja-lesieur.com\\\/en\\\/#website\"},\"breadcrumb\":{\"@id\":\"https:\\\/\\\/www.ja-lesieur.com\\\/en\\\/mme-lisette-senecal-theriault-1951-2025\\\/#breadcrumblist\"},\"author\":{\"@id\":\"https:\\\/\\\/www.ja-lesieur.com\\\/en\\\/author\\\/jalesieur\\\/#author\"},\"creator\":{\"@id\":\"https:\\\/\\\/www.ja-lesieur.com\\\/en\\\/author\\\/jalesieur\\\/#author\"},\"image\":{\"@type\":\"ImageObject\",\"url\":\"https:\\\/\\\/www.ja-lesieur.com\\\/wp-content\\\/uploads\\\/2025\\\/05\\\/Lisette-Senecal-Carre-e1747142000739.jpg\",\"@id\":\"https:\\\/\\\/www.ja-lesieur.com\\\/en\\\/mme-lisette-senecal-theriault-1951-2025\\\/#mainImage\",\"width\":1829,\"height\":1829},\"primaryImageOfPage\":{\"@id\":\"https:\\\/\\\/www.ja-lesieur.com\\\/en\\\/mme-lisette-senecal-theriault-1951-2025\\\/#mainImage\"},\"datePublished\":\"2025-04-23T09:01:58-04:00\",\"dateModified\":\"2025-05-15T10:05:17-04:00\"},{\"@type\":\"WebSite\",\"@id\":\"https:\\\/\\\/www.ja-lesieur.com\\\/en\\\/#website\",\"url\":\"https:\\\/\\\/www.ja-lesieur.com\\\/en\\\/\",\"name\":\"Complexe fun\\u00e9raire LeSieur des services complets\",\"description\":\"ja-lesieur.com\",\"inLanguage\":\"en-US\",\"publisher\":{\"@id\":\"https:\\\/\\\/www.ja-lesieur.com\\\/en\\\/#organization\"}}]}\n\t\t<\/script>\n\t\t<!-- All in One SEO -->\n\n","aioseo_head_json":{"title":"Mme Lisette Sen\u00e9cal-Th\u00e9riault 1951-2025 | Funeral Complex LeSieur comprehensive services","description":"","canonical_url":"https:\/\/www.ja-lesieur.com\/en\/mme-lisette-senecal-theriault-1951-2025\/","robots":"max-image-preview:large","keywords":"","webmasterTools":{"miscellaneous":""},"schema":{"@context":"https:\/\/schema.org","@graph":[{"@type":"Article","@id":"https:\/\/www.ja-lesieur.com\/en\/mme-lisette-senecal-theriault-1951-2025\/#article","name":"Mme Lisette Sen\u00e9cal-Th\u00e9riault 1951-2025 | Funeral Complex LeSieur comprehensive services","headline":"Mme Lisette Sen\u00e9cal-Th\u00e9riault 1951-2025","author":{"@id":"https:\/\/www.ja-lesieur.com\/en\/author\/jalesieur\/#author"},"publisher":{"@id":"https:\/\/www.ja-lesieur.com\/en\/#organization"},"image":{"@type":"ImageObject","url":"https:\/\/www.ja-lesieur.com\/wp-content\/uploads\/2025\/05\/Lisette-Senecal-Carre-e1747142000739.jpg","width":1829,"height":1829},"datePublished":"2025-04-23T09:01:58-04:00","dateModified":"2025-05-15T10:05:17-04:00","inLanguage":"en-US","mainEntityOfPage":{"@id":"https:\/\/www.ja-lesieur.com\/en\/mme-lisette-senecal-theriault-1951-2025\/#webpage"},"isPartOf":{"@id":"https:\/\/www.ja-lesieur.com\/en\/mme-lisette-senecal-theriault-1951-2025\/#webpage"},"articleSection":"Obituary, Facultatif"},{"@type":"BreadcrumbList","@id":"https:\/\/www.ja-lesieur.com\/en\/mme-lisette-senecal-theriault-1951-2025\/#breadcrumblist","itemListElement":[{"@type":"ListItem","@id":"https:\/\/www.ja-lesieur.com\/en\/#listItem","position":1,"name":"Accueil","item":"https:\/\/www.ja-lesieur.com\/en\/","nextItem":{"@type":"ListItem","@id":"https:\/\/www.ja-lesieur.com\/en\/category\/obituary\/#listItem","name":"Obituary"}},{"@type":"ListItem","@id":"https:\/\/www.ja-lesieur.com\/en\/category\/obituary\/#listItem","position":2,"name":"Obituary","item":"https:\/\/www.ja-lesieur.com\/en\/category\/obituary\/","nextItem":{"@type":"ListItem","@id":"https:\/\/www.ja-lesieur.com\/en\/mme-lisette-senecal-theriault-1951-2025\/#listItem","name":"Mme Lisette Sen\u00e9cal-Th\u00e9riault 1951-2025"},"previousItem":{"@type":"ListItem","@id":"https:\/\/www.ja-lesieur.com\/en\/#listItem","name":"Accueil"}},{"@type":"ListItem","@id":"https:\/\/www.ja-lesieur.com\/en\/mme-lisette-senecal-theriault-1951-2025\/#listItem","position":3,"name":"Mme Lisette Sen\u00e9cal-Th\u00e9riault 1951-2025","previousItem":{"@type":"ListItem","@id":"https:\/\/www.ja-lesieur.com\/en\/category\/obituary\/#listItem","name":"Obituary"}}]},{"@type":"Organization","@id":"https:\/\/www.ja-lesieur.com\/en\/#organization","name":"Complexe fun\u00e9raire LeSieur","description":"ja-lesieur.com","url":"https:\/\/www.ja-lesieur.com\/en\/","telephone":"+18883678471"},{"@type":"Person","@id":"https:\/\/www.ja-lesieur.com\/en\/author\/jalesieur\/#author","url":"https:\/\/www.ja-lesieur.com\/en\/author\/jalesieur\/","name":"jalesieur","image":{"@type":"ImageObject","@id":"https:\/\/www.ja-lesieur.com\/en\/mme-lisette-senecal-theriault-1951-2025\/#authorImage","url":"\/\/www.gravatar.com\/avatar\/5afc64bab577539bd90d98b3264ef833?s=96&#038;r=g&#038;d=mm","width":96,"height":96,"caption":"jalesieur"}},{"@type":"WebPage","@id":"https:\/\/www.ja-lesieur.com\/en\/mme-lisette-senecal-theriault-1951-2025\/#webpage","url":"https:\/\/www.ja-lesieur.com\/en\/mme-lisette-senecal-theriault-1951-2025\/","name":"Mme Lisette Sen\u00e9cal-Th\u00e9riault 1951-2025 | Funeral Complex LeSieur comprehensive services","inLanguage":"en-US","isPartOf":{"@id":"https:\/\/www.ja-lesieur.com\/en\/#website"},"breadcrumb":{"@id":"https:\/\/www.ja-lesieur.com\/en\/mme-lisette-senecal-theriault-1951-2025\/#breadcrumblist"},"author":{"@id":"https:\/\/www.ja-lesieur.com\/en\/author\/jalesieur\/#author"},"creator":{"@id":"https:\/\/www.ja-lesieur.com\/en\/author\/jalesieur\/#author"},"image":{"@type":"ImageObject","url":"https:\/\/www.ja-lesieur.com\/wp-content\/uploads\/2025\/05\/Lisette-Senecal-Carre-e1747142000739.jpg","@id":"https:\/\/www.ja-lesieur.com\/en\/mme-lisette-senecal-theriault-1951-2025\/#mainImage","width":1829,"height":1829},"primaryImageOfPage":{"@id":"https:\/\/www.ja-lesieur.com\/en\/mme-lisette-senecal-theriault-1951-2025\/#mainImage"},"datePublished":"2025-04-23T09:01:58-04:00","dateModified":"2025-05-15T10:05:17-04:00"},{"@type":"WebSite","@id":"https:\/\/www.ja-lesieur.com\/en\/#website","url":"https:\/\/www.ja-lesieur.com\/en\/","name":"Complexe fun\u00e9raire LeSieur des services complets","description":"ja-lesieur.com","inLanguage":"en-US","publisher":{"@id":"https:\/\/www.ja-lesieur.com\/en\/#organization"}}]},"og:locale":"en_US","og:site_name":"Funeral Complex LeSieur comprehensive services | ja-lesieur.com","og:type":"article","og:title":"Mme Lisette Sen\u00e9cal-Th\u00e9riault 1951-2025 | Funeral Complex LeSieur comprehensive services","og:url":"https:\/\/www.ja-lesieur.com\/en\/mme-lisette-senecal-theriault-1951-2025\/","article:published_time":"2025-04-23T13:01:58+00:00","article:modified_time":"2025-05-15T14:05:17+00:00"},"aioseo_meta_data":{"post_id":"19062","title":null,"description":null,"keywords":null,"keyphrases":{"focus":{"keyphrase":"","score":0,"analysis":{"keyphraseInTitle":{"score":0,"maxScore":9,"error":1}}},"additional":[]},"primary_term":null,"canonical_url":null,"og_title":null,"og_description":null,"og_object_type":"default","og_image_type":"default","og_image_url":null,"og_image_width":null,"og_image_height":null,"og_image_custom_url":null,"og_image_custom_fields":null,"og_video":"","og_custom_url":null,"og_article_section":null,"og_article_tags":null,"twitter_use_og":false,"twitter_card":"default","twitter_image_type":"default","twitter_image_url":null,"twitter_image_custom_url":null,"twitter_image_custom_fields":null,"twitter_title":null,"twitter_description":null,"schema":{"blockGraphs":[],"customGraphs":[],"default":{"data":{"Article":[],"Course":[],"Dataset":[],"FAQPage":[],"Movie":[],"Person":[],"Product":[],"ProductReview":[],"Car":[],"Recipe":[],"Service":[],"SoftwareApplication":[],"WebPage":[]},"graphName":"Article","isEnabled":true},"graphs":[]},"schema_type":"default","schema_type_options":null,"pillar_content":false,"robots_default":true,"robots_noindex":false,"robots_noarchive":false,"robots_nosnippet":false,"robots_nofollow":false,"robots_noimageindex":false,"robots_noodp":false,"robots_notranslate":false,"robots_max_snippet":"-1","robots_max_videopreview":"-1","robots_max_imagepreview":"large","priority":null,"frequency":"default","local_seo":null,"breadcrumb_settings":null,"limit_modified_date":false,"ai":null,"created":"2025-05-13 13:15:21","updated":"2025-06-04 16:58:11","seo_analyzer_scan_date":null,"focus_keyword":null,"additional_keywords":null,"truseo_locale":null},"aioseo_breadcrumb":"<div class=\"aioseo-breadcrumbs\"><span class=\"aioseo-breadcrumb\">\n\t\t\t<a href=\"https:\/\/www.ja-lesieur.com\/en\/\" title=\"Accueil\">Accueil<\/a>\n\t\t<\/span><span class=\"aioseo-breadcrumb-separator\">&raquo;<\/span><span class=\"aioseo-breadcrumb\">\n\t\t\t<a href=\"https:\/\/www.ja-lesieur.com\/en\/category\/obituary\/\" title=\"Obituary\">Obituary<\/a>\n\t\t<\/span><span class=\"aioseo-breadcrumb-separator\">&raquo;<\/span><span class=\"aioseo-breadcrumb\">\n\t\t\tMme Lisette Sen\u00e9cal-Th\u00e9riault 1951-2025\n\t\t<\/span><\/div>","aioseo_breadcrumb_json":[{"label":"Accueil","link":"https:\/\/www.ja-lesieur.com\/en\/"},{"label":"Obituary","link":"https:\/\/www.ja-lesieur.com\/en\/category\/obituary\/"},{"label":"Mme Lisette Sen\u00e9cal-Th\u00e9riault 1951-2025","link":"https:\/\/www.ja-lesieur.com\/en\/mme-lisette-senecal-theriault-1951-2025\/"}],"jetpack_sharing_enabled":true,"jetpack_featured_media_url":"https:\/\/www.ja-lesieur.com\/wp-content\/uploads\/2025\/05\/Lisette-Senecal-Carre-e1747142000739.jpg","_links":{"self":[{"href":"https:\/\/www.ja-lesieur.com\/en\/wp-json\/wp\/v2\/posts\/19062","targetHints":{"allow":["GET"]}}],"collection":[{"href":"https:\/\/www.ja-lesieur.com\/en\/wp-json\/wp\/v2\/posts"}],"about":[{"href":"https:\/\/www.ja-lesieur.com\/en\/wp-json\/wp\/v2\/types\/post"}],"author":[{"embeddable":true,"href":"https:\/\/www.ja-lesieur.com\/en\/wp-json\/wp\/v2\/users\/1"}],"replies":[{"embeddable":true,"href":"https:\/\/www.ja-lesieur.com\/en\/wp-json\/wp\/v2\/comments?post=19062"}],"version-history":[{"count":1,"href":"https:\/\/www.ja-lesieur.com\/en\/wp-json\/wp\/v2\/posts\/19062\/revisions"}],"predecessor-version":[{"id":19081,"href":"https:\/\/www.ja-lesieur.com\/en\/wp-json\/wp\/v2\/posts\/19062\/revisions\/19081"}],"wp:featuredmedia":[{"embeddable":true,"href":"https:\/\/www.ja-lesieur.com\/en\/wp-json\/wp\/v2\/media\/19060"}],"wp:attachment":[{"href":"https:\/\/www.ja-lesieur.com\/en\/wp-json\/wp\/v2\/media?parent=19062"}],"wp:term":[{"taxonomy":"category","embeddable":true,"href":"https:\/\/www.ja-lesieur.com\/en\/wp-json\/wp\/v2\/categories?post=19062"},{"taxonomy":"post_tag","embeddable":true,"href":"https:\/\/www.ja-lesieur.com\/en\/wp-json\/wp\/v2\/tags?post=19062"}],"curies":[{"name":"wp","href":"https:\/\/api.w.org\/{rel}","templated":true}]}}