{"id":19180,"date":"2025-05-31T09:34:38","date_gmt":"2025-05-31T13:34:38","guid":{"rendered":"https:\/\/www.ja-lesieur.com\/m-mario-cyr-1948-2025\/"},"modified":"2025-06-03T14:19:27","modified_gmt":"2025-06-03T18:19:27","slug":"m-mario-cyr-1948-2025","status":"publish","type":"post","link":"https:\/\/www.ja-lesieur.com\/en\/m-mario-cyr-1948-2025\/","title":{"rendered":"M. Mario Cyr  1948-2025"},"content":{"rendered":"<p>Au centre hospitalier de Granby, le 31 mai 2025, \u00e0 l\u2019\u00e2ge de 76 ans et 8 mois est d\u00e9c\u00e9d\u00e9 M Mario Cyr, fils de feu Rita Beaupr\u00e9 et de feu Aril Cyr, \u00e9poux de Mme Nedjie Sinvil demeurant \u00e0 Granby.\u00a0M. Cyr \u00e9tait natif d\u2019Edmundston, Nouveau-Brunswick.<\/p>\n<p>Outre son \u00e9pouse, il laisse dans le deuil ses enfants\u00a0: Marc-Andr\u00e9 Cyr (V\u00e9ronique Fortin) et M\u00e9lanie Cyr (Vincent Canuel); ses petits-enfants: Emrick (Nah\u00e9va Gouin), Alexane, Amy Canuel; ses fr\u00e8res et s\u0153urs: feu Huguette (Raymond B\u00e9rub\u00e9), L\u00e9one (Ga\u00e9tan Garon), Jean-Claude (feu Linda Voisine), Rino, Monique, Th\u00e9r\u00e8se (Michel Tremblay), Anne (feu Peter Cronin), Fran\u00e7oise, Myriam (Jeannot Roy), Ren\u00e9e Mae (Pierre LaPlante). M. Cyr laisse \u00e9galement ses beaux-parents: Jean Camelo Sinvil et Finette Laramey; la m\u00e8re de ses enfants\u00a0: Diane Fug\u00e8re ainsi que plusieurs beaux-fr\u00e8res, belles s\u0153urs, neveux, ni\u00e8ces, autres parents et de nombreux amis.<\/p>\n<p>Afin de respecter les derni\u00e8res volont\u00e9s de M. Cyr, une c\u00e9r\u00e9monie priv\u00e9e se tiendra \u00e0 une date ult\u00e9rieure.<\/p>\n<p><strong>L&#8217;Aquamation a eu lieu au Bio-Cr\u00e9matorium du\u00a0:<\/strong><\/p>\n<p style=\"text-align: center;\"><strong>COMPLEXE FUN\u00c9RAIRE<\/strong><\/p>\n<p style=\"text-align: center;\"><strong>LE SIEUR<\/strong><\/p>\n<p style=\"text-align: center;\"><strong>60 Boul. Pie-IX, Granby, Qc,<\/strong><\/p>\n<p style=\"text-align: center;\"><strong>T\u00e9l.: 450-777-1414 t\u00e9lec.: 450-777-0999<\/strong><\/p>\n<p style=\"text-align: center;\"><strong>www.lesieur.ca &#8211; info@lesieur.ca<\/strong><\/p>\n<p style=\"text-align: center;\"><strong>Membre de la CTQ<\/strong><\/p>\n","protected":false},"excerpt":{"rendered":"<p>Au centre hospitalier de Granby, le 31 mai 2025, \u00e0 l\u2019\u00e2ge de 76 ans et 8 mois est d\u00e9c\u00e9d\u00e9 M Mario Cyr, fils de feu Rita Beaupr\u00e9 et de feu Aril Cyr, \u00e9poux de Mme Nedjie Sinvil demeurant \u00e0 Granby.\u00a0M. Cyr \u00e9tait natif d\u2019Edmundston, Nouveau-Brunswick. Outre son \u00e9pouse, il laisse dans le deuil ses enfants\u00a0: [&hellip;]<\/p>\n","protected":false},"author":1,"featured_media":19178,"comment_status":"closed","ping_status":"closed","sticky":false,"template":"","format":"standard","meta":{"_crdt_document":"","_jetpack_memberships_contains_paid_content":false,"footnotes":""},"categories":[97],"tags":[],"class_list":["post-19180","post","type-post","status-publish","format-standard","has-post-thumbnail","hentry","category-obituary"],"aioseo_notices":[],"jetpack_featured_media_url":"https:\/\/www.ja-lesieur.com\/wp-content\/uploads\/2025\/06\/Mario-Cyr-Carre-e1748871419684.jpg","jetpack_sharing_enabled":true,"_links":{"self":[{"href":"https:\/\/www.ja-lesieur.com\/en\/wp-json\/wp\/v2\/posts\/19180","targetHints":{"allow":["GET"]}}],"collection":[{"href":"https:\/\/www.ja-lesieur.com\/en\/wp-json\/wp\/v2\/posts"}],"about":[{"href":"https:\/\/www.ja-lesieur.com\/en\/wp-json\/wp\/v2\/types\/post"}],"author":[{"embeddable":true,"href":"https:\/\/www.ja-lesieur.com\/en\/wp-json\/wp\/v2\/users\/1"}],"replies":[{"embeddable":true,"href":"https:\/\/www.ja-lesieur.com\/en\/wp-json\/wp\/v2\/comments?post=19180"}],"version-history":[{"count":2,"href":"https:\/\/www.ja-lesieur.com\/en\/wp-json\/wp\/v2\/posts\/19180\/revisions"}],"predecessor-version":[{"id":19195,"href":"https:\/\/www.ja-lesieur.com\/en\/wp-json\/wp\/v2\/posts\/19180\/revisions\/19195"}],"wp:featuredmedia":[{"embeddable":true,"href":"https:\/\/www.ja-lesieur.com\/en\/wp-json\/wp\/v2\/media\/19178"}],"wp:attachment":[{"href":"https:\/\/www.ja-lesieur.com\/en\/wp-json\/wp\/v2\/media?parent=19180"}],"wp:term":[{"taxonomy":"category","embeddable":true,"href":"https:\/\/www.ja-lesieur.com\/en\/wp-json\/wp\/v2\/categories?post=19180"},{"taxonomy":"post_tag","embeddable":true,"href":"https:\/\/www.ja-lesieur.com\/en\/wp-json\/wp\/v2\/tags?post=19180"}],"curies":[{"name":"wp","href":"https:\/\/api.w.org\/{rel}","templated":true}]}}